{"id":91,"date":"2026-06-17T14:40:31","date_gmt":"2026-06-17T13:40:31","guid":{"rendered":"https:\/\/www.lenstore.pt\/cuidados-dos-olhos\/?p=91"},"modified":"2026-06-17T15:14:53","modified_gmt":"2026-06-17T14:14:53","slug":"anatomia-do-olho-humano","status":"publish","type":"post","link":"https:\/\/www.lenstore.pt\/cuidados-dos-olhos\/anatomia-do-olho-humano","title":{"rendered":"Anatomia do olho humano"},"content":{"rendered":"<figure class=\"wp-block-image size-large\"><img loading=\"lazy\" decoding=\"async\" width=\"890\" height=\"500\" src=\"https:\/\/www.lenstore.pt\/cuidados-dos-olhos\/wp-content\/uploads\/sites\/4\/2021\/07\/photo-1495707800306-e240c5a0d65f.jpg\" alt=\"Anatomia do olho humano\" class=\"wp-image-395\" srcset=\"https:\/\/www.lenstore.pt\/cuidados-dos-olhos\/wp-content\/uploads\/sites\/4\/2021\/07\/photo-1495707800306-e240c5a0d65f.jpg 890w, https:\/\/www.lenstore.pt\/cuidados-dos-olhos\/wp-content\/uploads\/sites\/4\/2021\/07\/photo-1495707800306-e240c5a0d65f-300x169.jpg 300w, https:\/\/www.lenstore.pt\/cuidados-dos-olhos\/wp-content\/uploads\/sites\/4\/2021\/07\/photo-1495707800306-e240c5a0d65f-768x431.jpg 768w\" sizes=\"auto, (max-width: 890px) 100vw, 890px\" \/><\/figure>\n<p>O olho humano, um desconhecido.&nbsp;<\/p>\n<p>Quanto sabemos realmente sobre os nossos olhos? J\u00e1 alguma vez se perguntou como funcionam ou como s\u00e3o capazes de transmitir imagens ao c\u00e9rebro, permitindo-nos ver? Neste novo artigo exploraremos todas as partes que comp\u00f5em um olho e compreenderemos melhor o seu mecanismo.&nbsp;<\/p>\n<h2 class=\"wp-block-heading has-larger-font-size\">Partes do olho humano&nbsp;<\/h2>\n<p>O olho humano \u00e9 um \u00f3rg\u00e3o sensorial, situado na cavidade denominada \u00f3rbita, rodeado de pele, m\u00fasculos e uma espessa camada de tecido. Existem muitas partes do olho que trabalham em conjunto para permitir o seu correto funcionamento e, se bem cuidadas, protegem-no de certas doen\u00e7as e les\u00f5es que amea\u00e7am a vis\u00e3o.&nbsp;<\/p>\n<figure class=\"wp-block-image size-large\"><img loading=\"lazy\" decoding=\"async\" width=\"800\" height=\"800\" src=\"https:\/\/www.lenstore.pt\/cuidados-dos-olhos\/wp-content\/uploads\/sites\/4\/2022\/09\/Anatomy_of_Human_Eye_ES.jpg\" alt=\"\" class=\"wp-image-722\" srcset=\"https:\/\/www.lenstore.pt\/cuidados-dos-olhos\/wp-content\/uploads\/sites\/4\/2022\/09\/Anatomy_of_Human_Eye_ES.jpg 800w, https:\/\/www.lenstore.pt\/cuidados-dos-olhos\/wp-content\/uploads\/sites\/4\/2022\/09\/Anatomy_of_Human_Eye_ES-300x300.jpg 300w, https:\/\/www.lenstore.pt\/cuidados-dos-olhos\/wp-content\/uploads\/sites\/4\/2022\/09\/Anatomy_of_Human_Eye_ES-150x150.jpg 150w, https:\/\/www.lenstore.pt\/cuidados-dos-olhos\/wp-content\/uploads\/sites\/4\/2022\/09\/Anatomy_of_Human_Eye_ES-768x768.jpg 768w\" sizes=\"auto, (max-width: 800px) 100vw, 800px\" \/><\/figure>\n<h3 class=\"wp-block-heading\">Esclera&nbsp;<\/h3>\n<p>A esclera \u00e9 a parte branca do olho, uma camada fibrosa feita de colag\u00e9nio que bordeja a c\u00f3rnea.&nbsp;<\/p>\n<h4 class=\"wp-block-heading\">Fun\u00e7\u00e3o da esclera&nbsp;<\/h4>\n<p>A esclera rodeia a maior parte do olho, pela frente e por tr\u00e1s, e oferece prote\u00e7\u00e3o ao olho preservando a sua estrutura e protegendo-o de les\u00f5es.&nbsp;&nbsp;<\/p>\n<h3 class=\"wp-block-heading\">C\u00f3rnea&nbsp;<\/h3>\n<p>A c\u00f3rnea \u00e9 a parte transparente, em forma de c\u00fapula, que cobre externamente a \u00edris e a pupila por baixo de uma fina pel\u00edcula lacrimal.&nbsp;&nbsp;<\/p>\n<h4 class=\"wp-block-heading\">Fun\u00e7\u00e3o da c\u00f3rnea&nbsp;<\/h4>\n<p>A principal fun\u00e7\u00e3o da c\u00f3rnea \u00e9 a vis\u00e3o. Por ser uma das primeiras zonas a receber a luz quando atravessa o olho, a c\u00f3rnea \u00e9 respons\u00e1vel por grande parte da nossa vis\u00e3o. Se a c\u00f3rnea for demasiado plana, demasiado curva ou tiver uma forma irregular, provoca erros de refra\u00e7\u00e3o como a miopia, a hipermetropia ou o astigmatismo.&nbsp;<\/p>\n<h3 class=\"wp-block-heading\">\u00cdris&nbsp;<\/h3>\n<p>A \u00edris \u00e9 a parte castanha, azul ou verde do nosso olho. Situada atr\u00e1s da c\u00f3rnea mas \u00e0 frente do cristalino, a \u00edris rodeia a abertura conhecida como pupila.&nbsp;<\/p>\n<h4 class=\"wp-block-heading\">Fun\u00e7\u00e3o da \u00edris&nbsp;<\/h4>\n<p>A \u00edris regula a luz, permitindo que passe a quantidade adequada atrav\u00e9s da pupila.&nbsp; Dilata-se com pouca luz e contrai-se em ambientes muito iluminados ou ao olhar para objetos pr\u00f3ximos.&nbsp;&nbsp;&nbsp;<\/p>\n<h3 class=\"wp-block-heading\">Cristalino<\/h3>\n<p>O cristalino \u00e9 o tecido transparente situado diretamente atr\u00e1s da pupila.&nbsp;<\/p>\n<h4 class=\"wp-block-heading\">Fun\u00e7\u00e3o do cristalino&nbsp;<\/h4>\n<p>Quando nascemos, o cristalino \u00e9 flex\u00edvel e remold\u00e1vel, permitindo ao olho focar a diferentes dist\u00e2ncias. \u00c0 medida que envelhecemos, o cristalino perde a sua elasticidade, o que conduz a uma condi\u00e7\u00e3o de envelhecimento inevit\u00e1vel denominada presbiopia.&nbsp;<\/p>\n<h3 class=\"wp-block-heading\">Corpo v\u00edtreo&nbsp;<\/h3>\n<p>O corpo v\u00edtreo \u00e9 uma subst\u00e2ncia gelatinosa que se encontra atr\u00e1s do cristalino na parte posterior do olho. \u00c9 composto por uma combina\u00e7\u00e3o de \u00e1gua, colag\u00e9nio e prote\u00ednas.&nbsp;&nbsp;&nbsp;&nbsp;<\/p>\n<h4 class=\"wp-block-heading\">Fun\u00e7\u00e3o do corpo v\u00edtreo&nbsp;<\/h4>\n<p>O corpo v\u00edtreo desempenha um papel fundamental para garantir que o olho mantenha a sua forma esf\u00e9rica, bem como para o proteger de traumatismos e les\u00f5es. Ocupa dois ter\u00e7os da estrutura do olho e est\u00e1 ligado \u00e0 retina.&nbsp;&nbsp;<\/p>\n<h3 class=\"wp-block-heading\">Retina&nbsp;<\/h3>\n<p>A retina \u00e9 um tecido sens\u00edvel \u00e0 luz que reveste a parte posterior dos olhos.&nbsp;&nbsp;&nbsp;<\/p>\n<h4 class=\"wp-block-heading\">Fun\u00e7\u00e3o da retina&nbsp;<\/h4>\n<p>O tecido funciona como um recetor de luz. Tal como a pel\u00edcula de uma c\u00e2mara, a retina processa a luz atrav\u00e9s das c\u00e9lulas fotorreceptoras para detetar a cor e os diferentes n\u00edveis de luminosidade que ajudam o nervo \u00f3tico a enviar impulsos ao c\u00e9rebro, convertendo-os em imagens.&nbsp;&nbsp;<\/p>\n<h3 class=\"wp-block-heading\">Nervo \u00f3tico&nbsp;<\/h3>\n<p>O nervo \u00f3tico \u00e9 o maior nervo do olho. Encontra-se na parte posterior do olho e est\u00e1 ligado ao c\u00e9rebro.&nbsp;&nbsp;&nbsp;<\/p>\n<h4 class=\"wp-block-heading\">Fun\u00e7\u00e3o do nervo \u00f3tico&nbsp;<\/h4>\n<p>O nervo \u00f3tico envia sinais e impulsos para o c\u00f3rtex visual do c\u00e9rebro, que \u00e9 o respons\u00e1vel pela nossa vis\u00e3o. Estes impulsos s\u00e3o transmitidos atrav\u00e9s de milh\u00f5es de fibras do nervo \u00f3tico.&nbsp;&nbsp;<\/p>\n<figure class=\"wp-block-image size-large\"><img loading=\"lazy\" decoding=\"async\" width=\"768\" height=\"256\" src=\"https:\/\/www.lenstore.pt\/cuidados-dos-olhos\/wp-content\/uploads\/sites\/4\/2021\/07\/iris-close-up-768x256-1.jpg\" alt=\" Como funcionam os olhos? \" class=\"wp-image-397\" srcset=\"https:\/\/www.lenstore.pt\/cuidados-dos-olhos\/wp-content\/uploads\/sites\/4\/2021\/07\/iris-close-up-768x256-1.jpg 768w, https:\/\/www.lenstore.pt\/cuidados-dos-olhos\/wp-content\/uploads\/sites\/4\/2021\/07\/iris-close-up-768x256-1-300x100.jpg 300w\" sizes=\"auto, (max-width: 768px) 100vw, 768px\" \/><\/figure>\n<h2 class=\"wp-block-heading has-larger-font-size\">&nbsp;Como funcionam os olhos?&nbsp;<\/h2>\n<p>Todas as estruturas mencionadas s\u00e3o necess\u00e1rias para que possamos perceber a vis\u00e3o. Se alguma destas partes n\u00e3o funcionar corretamente, devido a condi\u00e7\u00f5es, doen\u00e7as ou les\u00f5es do olho, a nossa vis\u00e3o ser\u00e1 afetada.&nbsp;&nbsp;<\/p>\n<h3 class=\"wp-block-heading\">Vis\u00e3o&nbsp;<\/h3>\n<p>O primeiro passo para a vis\u00e3o ocorre quando a luz atravessa a fina pel\u00edcula lacrimal e passa pela c\u00f3rnea, onde o olho foca pela primeira vez. Depois da c\u00f3rnea, a luz passa atrav\u00e9s da pupila (a abertura da \u00edris), que controla a quantidade de luz que entra.&nbsp;&nbsp;&nbsp;<\/p>\n<p>O cristalino e a c\u00f3rnea trabalham em conjunto permitindo que a luz seja focada corretamente ao passar pelo corpo v\u00edtreo e pela retina.&nbsp;&nbsp;&nbsp;<\/p>\n<p>A retina transmite a imagem recebida ao c\u00e9rebro atrav\u00e9s do nervo \u00f3tico. Em seguida, o nosso c\u00e9rebro processa a informa\u00e7\u00e3o recebida e mostra-nos a imagem: a nossa vis\u00e3o.&nbsp;&nbsp;<\/p>\n<h3 class=\"wp-block-heading\">Perce\u00e7\u00e3o das cores&nbsp;<\/h3>\n<p>A maioria das pessoas v\u00ea o mundo a cores, e t\u00eam a retina a agradecer por isso.<\/p>\n<p>Os fotorreceptores da retina t\u00eam dois tipos de c\u00e9lulas sensoriais, os bastonetes e os cones. Os bastonetes encarregam-se de processar as varia\u00e7\u00f5es de luminosidade e a vis\u00e3o em ambientes pouco iluminados, enquanto os cones supervisionam o processamento das cores.&nbsp;<\/p>\n<p>Cada uma das diferentes variantes de cones \u00e9 respons\u00e1vel por perceber a luz que reage \u00e0 cor com diferentes comprimentos de onda. As cores azuis reagem com comprimentos de onda mais curtos, as verdes com comprimentos de onda m\u00e9dios e as vermelhas com comprimentos de onda longos.&nbsp;&nbsp;&nbsp;<\/p>\n<p>Os cones reconhecem os comprimentos de onda de cada cor e enviam esta informa\u00e7\u00e3o ao c\u00e9rebro.&nbsp;<\/p>\n<h2 class=\"wp-block-heading has-larger-font-size\">Partes suscet\u00edveis de sofrer condi\u00e7\u00f5es que podem afetar a vis\u00e3o&nbsp;<\/h2>\n<p>Da parte da frente ao fundo do olho, todas as partes t\u00eam de trabalhar em conjunto para nos proporcionar uma vis\u00e3o clara. No entanto, o olho \u00e9 tamb\u00e9m um \u00f3rg\u00e3o sens\u00edvel e, se n\u00e3o for devidamente cuidado, pode ser suscet\u00edvel a uma s\u00e9rie de condi\u00e7\u00f5es.&nbsp;&nbsp;&nbsp;<\/p>\n<h3 class=\"wp-block-heading\">C\u00f3rnea&nbsp;<\/h3>\n<p>Como a c\u00f3rnea \u00e9 a parte mais externa do olho, \u00e9 mais suscet\u00edvel a perigos externos e a doen\u00e7as da superf\u00edcie.<\/p>\n<p>As les\u00f5es e abras\u00f5es podem provocar cicatrizes na c\u00f3rnea e causar vis\u00e3o distorcida.&nbsp;<\/p>\n<p>As alergias ao p\u00f3len, a animais dom\u00e9sticos ou ao p\u00f3 podem irritar a parte exterior dos olhos, provocando lacrimejo, comich\u00e3o ou vermelhid\u00e3o.&nbsp;&nbsp;&nbsp;<\/p>\n<p>A c\u00f3rnea pode tamb\u00e9m ser afetada por distrofias, como o queratocone, uma doen\u00e7a que diminui a espessura da c\u00f3rnea e a remodela, tornando a vis\u00e3o mais turva e distorcida.&nbsp;&nbsp;<\/p>\n<h3 class=\"wp-block-heading\">Retina&nbsp;<\/h3>\n<p>A retina reveste a parte posterior do olho e, por isso, est\u00e1 protegida da maioria dos fatores externos, mas continua a ser suscet\u00edvel a danos.&nbsp;&nbsp;&nbsp;<\/p>\n<p>As doen\u00e7as da retina podem ser causadas por diversos fatores, como a idade, traumatismos, condi\u00e7\u00f5es gerais de sa\u00fade ou gen\u00e9tica.&nbsp;<\/p>\n<p>A perturba\u00e7\u00e3o mais comum da retina \u00e9 a retinopatia diab\u00e9tica, causada pelos elevados n\u00edveis de a\u00e7\u00facar no sangue em diab\u00e9ticos de tipo 1 ou 2.&nbsp;&nbsp;<\/p>\n<p>A degenera\u00e7\u00e3o macular \u00e9 outra doen\u00e7a ocular comum que afeta a m\u00e1cula (o centro da retina). Est\u00e1 geralmente relacionada com a idade e afeta o campo visual central.<\/p>\n","protected":false},"excerpt":{"rendered":"<p>O olho humano, um desconhecido.&nbsp; Quanto sabemos realmente sobre os nossos olhos? J\u00e1 alguma vez [&hellip;]<\/p>\n","protected":false},"author":48,"featured_media":395,"comment_status":"closed","ping_status":"open","sticky":false,"template":"","format":"standard","meta":{"footnotes":""},"categories":[7],"tags":[],"class_list":["post-91","post","type-post","status-publish","format-standard","has-post-thumbnail","hentry","category-saude-ocular"],"yoast_head":"<!-- This site is optimized with the Yoast SEO plugin v28.0 - https:\/\/yoast.com\/product\/yoast-seo-wordpress\/ -->\n<title>Anatomia do olho humano - Lenstore<\/title>\n<meta name=\"robots\" content=\"index, follow, max-snippet:-1, max-image-preview:large, max-video-preview:-1\" \/>\n<link rel=\"canonical\" href=\"https:\/\/www.lenstore.pt\/cuidados-dos-olhos\/anatomia-do-olho-humano\" \/>\n<meta property=\"og:locale\" content=\"pt_PT\" \/>\n<meta property=\"og:type\" content=\"article\" \/>\n<meta property=\"og:title\" content=\"Anatomia do olho humano - Lenstore\" \/>\n<meta property=\"og:description\" content=\"O olho humano, um desconhecido.&nbsp; Quanto sabemos realmente sobre os nossos olhos? J\u00e1 alguma vez [&hellip;]\" \/>\n<meta property=\"og:url\" content=\"https:\/\/www.lenstore.pt\/cuidados-dos-olhos\/anatomia-do-olho-humano\" \/>\n<meta property=\"og:site_name\" content=\"Lenstore\" \/>\n<meta property=\"article:published_time\" content=\"2026-06-17T13:40:31+00:00\" \/>\n<meta property=\"article:modified_time\" content=\"2026-06-17T14:14:53+00:00\" \/>\n<meta property=\"og:image\" content=\"https:\/\/www.lenstore.pt\/cuidados-dos-olhos\/wp-content\/uploads\/sites\/17\/2021\/07\/photo-1495707800306-e240c5a0d65f.jpg\" \/>\n\t<meta property=\"og:image:width\" content=\"890\" \/>\n\t<meta property=\"og:image:height\" content=\"500\" \/>\n\t<meta property=\"og:image:type\" content=\"image\/jpeg\" \/>\n<meta name=\"author\" content=\"matthewhadwen\" \/>\n<meta name=\"twitter:card\" content=\"summary_large_image\" \/>\n<meta name=\"twitter:label1\" content=\"Escrito por\" \/>\n\t<meta name=\"twitter:data1\" content=\"matthewhadwen\" \/>\n\t<meta name=\"twitter:label2\" content=\"Tempo estimado de leitura\" \/>\n\t<meta name=\"twitter:data2\" content=\"6 minutos\" \/>\n<script type=\"application\/ld+json\" class=\"yoast-schema-graph\">{\"@context\":\"https:\\\/\\\/schema.org\",\"@graph\":[{\"@type\":\"Article\",\"@id\":\"https:\\\/\\\/www.lenstore.pt\\\/cuidados-dos-olhos\\\/anatomia-do-olho-humano#article\",\"isPartOf\":{\"@id\":\"https:\\\/\\\/www.lenstore.pt\\\/cuidados-dos-olhos\\\/anatomia-do-olho-humano\"},\"author\":{\"name\":\"matthewhadwen\",\"@id\":\"https:\\\/\\\/www.lenstore.pt\\\/cuidados-dos-olhos\\\/#\\\/schema\\\/person\\\/bd279f5a2d83991548987f26af65a636\"},\"headline\":\"Anatomia do olho humano\",\"datePublished\":\"2026-06-17T13:40:31+00:00\",\"dateModified\":\"2026-06-17T14:14:53+00:00\",\"mainEntityOfPage\":{\"@id\":\"https:\\\/\\\/www.lenstore.pt\\\/cuidados-dos-olhos\\\/anatomia-do-olho-humano\"},\"wordCount\":1249,\"publisher\":{\"@id\":\"https:\\\/\\\/www.lenstore.pt\\\/cuidados-dos-olhos\\\/#organization\"},\"image\":{\"@id\":\"https:\\\/\\\/www.lenstore.pt\\\/cuidados-dos-olhos\\\/anatomia-do-olho-humano#primaryimage\"},\"thumbnailUrl\":\"https:\\\/\\\/www.lenstore.pt\\\/cuidados-dos-olhos\\\/wp-content\\\/uploads\\\/sites\\\/17\\\/2021\\\/07\\\/photo-1495707800306-e240c5a0d65f.jpg\",\"articleSection\":[\"Sa\u00fade ocular\"],\"inLanguage\":\"pt-PT\"},{\"@type\":\"WebPage\",\"@id\":\"https:\\\/\\\/www.lenstore.pt\\\/cuidados-dos-olhos\\\/anatomia-do-olho-humano\",\"url\":\"https:\\\/\\\/www.lenstore.pt\\\/cuidados-dos-olhos\\\/anatomia-do-olho-humano\",\"name\":\"Anatomia do olho humano - Lenstore\",\"isPartOf\":{\"@id\":\"https:\\\/\\\/www.lenstore.pt\\\/cuidados-dos-olhos\\\/#website\"},\"primaryImageOfPage\":{\"@id\":\"https:\\\/\\\/www.lenstore.pt\\\/cuidados-dos-olhos\\\/anatomia-do-olho-humano#primaryimage\"},\"image\":{\"@id\":\"https:\\\/\\\/www.lenstore.pt\\\/cuidados-dos-olhos\\\/anatomia-do-olho-humano#primaryimage\"},\"thumbnailUrl\":\"https:\\\/\\\/www.lenstore.pt\\\/cuidados-dos-olhos\\\/wp-content\\\/uploads\\\/sites\\\/17\\\/2021\\\/07\\\/photo-1495707800306-e240c5a0d65f.jpg\",\"datePublished\":\"2026-06-17T13:40:31+00:00\",\"dateModified\":\"2026-06-17T14:14:53+00:00\",\"breadcrumb\":{\"@id\":\"https:\\\/\\\/www.lenstore.pt\\\/cuidados-dos-olhos\\\/anatomia-do-olho-humano#breadcrumb\"},\"inLanguage\":\"pt-PT\",\"potentialAction\":[{\"@type\":\"ReadAction\",\"target\":[\"https:\\\/\\\/www.lenstore.pt\\\/cuidados-dos-olhos\\\/anatomia-do-olho-humano\"]}]},{\"@type\":\"ImageObject\",\"inLanguage\":\"pt-PT\",\"@id\":\"https:\\\/\\\/www.lenstore.pt\\\/cuidados-dos-olhos\\\/anatomia-do-olho-humano#primaryimage\",\"url\":\"https:\\\/\\\/www.lenstore.pt\\\/cuidados-dos-olhos\\\/wp-content\\\/uploads\\\/sites\\\/17\\\/2021\\\/07\\\/photo-1495707800306-e240c5a0d65f.jpg\",\"contentUrl\":\"https:\\\/\\\/www.lenstore.pt\\\/cuidados-dos-olhos\\\/wp-content\\\/uploads\\\/sites\\\/17\\\/2021\\\/07\\\/photo-1495707800306-e240c5a0d65f.jpg\",\"width\":890,\"height\":500},{\"@type\":\"BreadcrumbList\",\"@id\":\"https:\\\/\\\/www.lenstore.pt\\\/cuidados-dos-olhos\\\/anatomia-do-olho-humano#breadcrumb\",\"itemListElement\":[{\"@type\":\"ListItem\",\"position\":1,\"name\":\"Home\",\"item\":\"https:\\\/\\\/www.lenstore.pt\\\/cuidados-dos-olhos\\\/\"},{\"@type\":\"ListItem\",\"position\":2,\"name\":\"Anatomia do olho humano\"}]},{\"@type\":\"WebSite\",\"@id\":\"https:\\\/\\\/www.lenstore.pt\\\/cuidados-dos-olhos\\\/#website\",\"url\":\"https:\\\/\\\/www.lenstore.pt\\\/cuidados-dos-olhos\\\/\",\"name\":\"Lenstore\",\"description\":\"Guia para lentes de contacto | Sa\u00fade | Estilo de vida\",\"publisher\":{\"@id\":\"https:\\\/\\\/www.lenstore.pt\\\/cuidados-dos-olhos\\\/#organization\"},\"potentialAction\":[{\"@type\":\"SearchAction\",\"target\":{\"@type\":\"EntryPoint\",\"urlTemplate\":\"https:\\\/\\\/www.lenstore.pt\\\/cuidados-dos-olhos\\\/?s={search_term_string}\"},\"query-input\":{\"@type\":\"PropertyValueSpecification\",\"valueRequired\":true,\"valueName\":\"search_term_string\"}}],\"inLanguage\":\"pt-PT\"},{\"@type\":\"Organization\",\"@id\":\"https:\\\/\\\/www.lenstore.pt\\\/#organization\",\"name\":\"Lenstore\",\"url\":\"https:\\\/\\\/www.lenstore.pt\",\"logo\":\"https:\\\/\\\/www.lenstore.pt\\\/png\\\/lenstore-logo.png\",\"image\":\"https:\\\/\\\/www.lenstore.pt\\\/png\\\/lenstore-logo.png\",\"companyRegistration\":\"51990\",\"contactPoint\":{\"@type\":\"ContactPoint\",\"contactType\":\"customer service\",\"email\":\"apoiocliente@lenstore.eu\"}},{\"@type\":\"Person\",\"@id\":\"https:\\\/\\\/www.lenstore.pt\\\/cuidados-dos-olhos\\\/#\\\/schema\\\/person\\\/bd279f5a2d83991548987f26af65a636\",\"name\":\"matthewhadwen\",\"url\":\"https:\\\/\\\/www.lenstore.pt\\\/cuidados-dos-olhos\\\/author\\\/matthewhadwen\"}]}<\/script>\n<!-- \/ Yoast SEO plugin. -->","yoast_head_json":{"title":"Anatomia do olho humano - Lenstore","robots":{"index":"index","follow":"follow","max-snippet":"max-snippet:-1","max-image-preview":"max-image-preview:large","max-video-preview":"max-video-preview:-1"},"canonical":"https:\/\/www.lenstore.pt\/cuidados-dos-olhos\/anatomia-do-olho-humano","og_locale":"pt_PT","og_type":"article","og_title":"Anatomia do olho humano - Lenstore","og_description":"O olho humano, um desconhecido.&nbsp; Quanto sabemos realmente sobre os nossos olhos? J\u00e1 alguma vez [&hellip;]","og_url":"https:\/\/www.lenstore.pt\/cuidados-dos-olhos\/anatomia-do-olho-humano","og_site_name":"Lenstore","article_published_time":"2026-06-17T13:40:31+00:00","article_modified_time":"2026-06-17T14:14:53+00:00","og_image":[{"width":890,"height":500,"url":"https:\/\/www.lenstore.pt\/cuidados-dos-olhos\/wp-content\/uploads\/sites\/17\/2021\/07\/photo-1495707800306-e240c5a0d65f.jpg","type":"image\/jpeg"}],"author":"matthewhadwen","twitter_card":"summary_large_image","twitter_misc":{"Escrito por":"matthewhadwen","Tempo estimado de leitura":"6 minutos"},"schema":{"@context":"https:\/\/schema.org","@graph":[{"@type":"Article","@id":"https:\/\/www.lenstore.pt\/cuidados-dos-olhos\/anatomia-do-olho-humano#article","isPartOf":{"@id":"https:\/\/www.lenstore.pt\/cuidados-dos-olhos\/anatomia-do-olho-humano"},"author":{"name":"matthewhadwen","@id":"https:\/\/www.lenstore.pt\/cuidados-dos-olhos\/#\/schema\/person\/bd279f5a2d83991548987f26af65a636"},"headline":"Anatomia do olho humano","datePublished":"2026-06-17T13:40:31+00:00","dateModified":"2026-06-17T14:14:53+00:00","mainEntityOfPage":{"@id":"https:\/\/www.lenstore.pt\/cuidados-dos-olhos\/anatomia-do-olho-humano"},"wordCount":1249,"publisher":{"@id":"https:\/\/www.lenstore.pt\/cuidados-dos-olhos\/#organization"},"image":{"@id":"https:\/\/www.lenstore.pt\/cuidados-dos-olhos\/anatomia-do-olho-humano#primaryimage"},"thumbnailUrl":"https:\/\/www.lenstore.pt\/cuidados-dos-olhos\/wp-content\/uploads\/sites\/17\/2021\/07\/photo-1495707800306-e240c5a0d65f.jpg","articleSection":["Sa\u00fade ocular"],"inLanguage":"pt-PT"},{"@type":"WebPage","@id":"https:\/\/www.lenstore.pt\/cuidados-dos-olhos\/anatomia-do-olho-humano","url":"https:\/\/www.lenstore.pt\/cuidados-dos-olhos\/anatomia-do-olho-humano","name":"Anatomia do olho humano - Lenstore","isPartOf":{"@id":"https:\/\/www.lenstore.pt\/cuidados-dos-olhos\/#website"},"primaryImageOfPage":{"@id":"https:\/\/www.lenstore.pt\/cuidados-dos-olhos\/anatomia-do-olho-humano#primaryimage"},"image":{"@id":"https:\/\/www.lenstore.pt\/cuidados-dos-olhos\/anatomia-do-olho-humano#primaryimage"},"thumbnailUrl":"https:\/\/www.lenstore.pt\/cuidados-dos-olhos\/wp-content\/uploads\/sites\/17\/2021\/07\/photo-1495707800306-e240c5a0d65f.jpg","datePublished":"2026-06-17T13:40:31+00:00","dateModified":"2026-06-17T14:14:53+00:00","breadcrumb":{"@id":"https:\/\/www.lenstore.pt\/cuidados-dos-olhos\/anatomia-do-olho-humano#breadcrumb"},"inLanguage":"pt-PT","potentialAction":[{"@type":"ReadAction","target":["https:\/\/www.lenstore.pt\/cuidados-dos-olhos\/anatomia-do-olho-humano"]}]},{"@type":"ImageObject","inLanguage":"pt-PT","@id":"https:\/\/www.lenstore.pt\/cuidados-dos-olhos\/anatomia-do-olho-humano#primaryimage","url":"https:\/\/www.lenstore.pt\/cuidados-dos-olhos\/wp-content\/uploads\/sites\/17\/2021\/07\/photo-1495707800306-e240c5a0d65f.jpg","contentUrl":"https:\/\/www.lenstore.pt\/cuidados-dos-olhos\/wp-content\/uploads\/sites\/17\/2021\/07\/photo-1495707800306-e240c5a0d65f.jpg","width":890,"height":500},{"@type":"BreadcrumbList","@id":"https:\/\/www.lenstore.pt\/cuidados-dos-olhos\/anatomia-do-olho-humano#breadcrumb","itemListElement":[{"@type":"ListItem","position":1,"name":"Home","item":"https:\/\/www.lenstore.pt\/cuidados-dos-olhos\/"},{"@type":"ListItem","position":2,"name":"Anatomia do olho humano"}]},{"@type":"WebSite","@id":"https:\/\/www.lenstore.pt\/cuidados-dos-olhos\/#website","url":"https:\/\/www.lenstore.pt\/cuidados-dos-olhos\/","name":"Lenstore","description":"Guia para lentes de contacto | Sa\u00fade | Estilo de vida","publisher":{"@id":"https:\/\/www.lenstore.pt\/cuidados-dos-olhos\/#organization"},"potentialAction":[{"@type":"SearchAction","target":{"@type":"EntryPoint","urlTemplate":"https:\/\/www.lenstore.pt\/cuidados-dos-olhos\/?s={search_term_string}"},"query-input":{"@type":"PropertyValueSpecification","valueRequired":true,"valueName":"search_term_string"}}],"inLanguage":"pt-PT"},{"@type":"Organization","@id":"https:\/\/www.lenstore.pt\/#organization","name":"Lenstore","url":"https:\/\/www.lenstore.pt","logo":"https:\/\/www.lenstore.pt\/png\/lenstore-logo.png","image":"https:\/\/www.lenstore.pt\/png\/lenstore-logo.png","companyRegistration":"51990","contactPoint":{"@type":"ContactPoint","contactType":"customer service","email":"apoiocliente@lenstore.eu"}},{"@type":"Person","@id":"https:\/\/www.lenstore.pt\/cuidados-dos-olhos\/#\/schema\/person\/bd279f5a2d83991548987f26af65a636","name":"matthewhadwen","url":"https:\/\/www.lenstore.pt\/cuidados-dos-olhos\/author\/matthewhadwen"}]}},"jetpack_featured_media_url":"https:\/\/www.lenstore.pt\/cuidados-dos-olhos\/wp-content\/uploads\/sites\/17\/2021\/07\/photo-1495707800306-e240c5a0d65f.jpg","order_on_store":null,"_links":{"self":[{"href":"https:\/\/www.lenstore.pt\/cuidados-dos-olhos\/wp-json\/wp\/v2\/posts\/91","targetHints":{"allow":["GET"]}}],"collection":[{"href":"https:\/\/www.lenstore.pt\/cuidados-dos-olhos\/wp-json\/wp\/v2\/posts"}],"about":[{"href":"https:\/\/www.lenstore.pt\/cuidados-dos-olhos\/wp-json\/wp\/v2\/types\/post"}],"author":[{"embeddable":true,"href":"https:\/\/www.lenstore.pt\/cuidados-dos-olhos\/wp-json\/wp\/v2\/users\/48"}],"replies":[{"embeddable":true,"href":"https:\/\/www.lenstore.pt\/cuidados-dos-olhos\/wp-json\/wp\/v2\/comments?post=91"}],"version-history":[{"count":2,"href":"https:\/\/www.lenstore.pt\/cuidados-dos-olhos\/wp-json\/wp\/v2\/posts\/91\/revisions"}],"predecessor-version":[{"id":1930,"href":"https:\/\/www.lenstore.pt\/cuidados-dos-olhos\/wp-json\/wp\/v2\/posts\/91\/revisions\/1930"}],"wp:featuredmedia":[{"embeddable":true,"href":"https:\/\/www.lenstore.pt\/cuidados-dos-olhos\/wp-json\/wp\/v2\/media\/395"}],"wp:attachment":[{"href":"https:\/\/www.lenstore.pt\/cuidados-dos-olhos\/wp-json\/wp\/v2\/media?parent=91"}],"wp:term":[{"taxonomy":"category","embeddable":true,"href":"https:\/\/www.lenstore.pt\/cuidados-dos-olhos\/wp-json\/wp\/v2\/categories?post=91"},{"taxonomy":"post_tag","embeddable":true,"href":"https:\/\/www.lenstore.pt\/cuidados-dos-olhos\/wp-json\/wp\/v2\/tags?post=91"}],"curies":[{"name":"wp","href":"https:\/\/api.w.org\/{rel}","templated":true}]}}