{"id":89,"date":"2026-06-17T14:40:31","date_gmt":"2026-06-17T13:40:31","guid":{"rendered":"https:\/\/www.lenstore.pt\/cuidados-dos-olhos\/?p=89"},"modified":"2026-06-17T15:14:57","modified_gmt":"2026-06-17T14:14:57","slug":"o-que-e-uma-catarata","status":"publish","type":"post","link":"https:\/\/www.lenstore.pt\/cuidados-dos-olhos\/o-que-e-uma-catarata","title":{"rendered":"O que e uma catarata?"},"content":{"rendered":"<figure class=\"wp-block-image size-large\"><img loading=\"lazy\" decoding=\"async\" width=\"770\" height=\"480\" src=\"https:\/\/www.lenstore.pt\/cuidados-dos-olhos\/wp-content\/uploads\/sites\/4\/2021\/05\/curtain.jpg\" alt=\"Quais s\u00e3o os tipos de cataratas e como afeta a catarata a minha vis\u00e3o?\" class=\"wp-image-354\" srcset=\"https:\/\/www.lenstore.pt\/cuidados-dos-olhos\/wp-content\/uploads\/sites\/4\/2021\/05\/curtain.jpg 770w, https:\/\/www.lenstore.pt\/cuidados-dos-olhos\/wp-content\/uploads\/sites\/4\/2021\/05\/curtain-300x187.jpg 300w, https:\/\/www.lenstore.pt\/cuidados-dos-olhos\/wp-content\/uploads\/sites\/4\/2021\/05\/curtain-768x479.jpg 768w\" sizes=\"auto, (max-width: 770px) 100vw, 770px\" \/><\/figure>\n<p>As cataratas formam-se quando o cristalino do olho se torna opaco. O cristalino est\u00e1 situado atr\u00e1s da \u00edris e da pupila e ajuda a focar a luz na parte posterior do olho (retina). Os sinais s\u00e3o enviados ao c\u00e9rebro, o que nos permite ver. Normalmente, as cataratas desenvolvem-se durante a velhice e isto \u00e9 conhecido como cataratas relacionadas com a idade.<\/p>\n<h2 class=\"wp-block-heading has-larger-font-size\">Quais s\u00e3o os tipos de cataratas e como afeta a catarata a minha vis\u00e3o?<\/h2>\n<p>Existem v\u00e1rios tipos de cataratas, alguns mais comuns do que outros. \u00c9 tamb\u00e9m poss\u00edvel que mais do que um tipo de catarata afete os seus olhos ao mesmo tempo. A seguir, explicamos quatro variantes distintas:&nbsp;<\/p>\n<h3 class=\"wp-block-heading\">Cataratas escler\u00f3ticas nucleares&nbsp;<\/h3>\n<p>O tipo de cataratas que os optometristas diagnosticam com mais frequ\u00eancia s\u00e3o as cataratas escler\u00f3ticas nucleares. Este tipo de catarata forma-se no centro do cristalino (o n\u00facleo), fazendo com que endure\u00e7a e fique amarelo ou castanho com o tempo.&nbsp;&nbsp;<\/p>\n<p>As cataratas escler\u00f3ticas nucleares podem provocar um aumento da miopia, o que significa que causar\u00e1 dificuldades a olhar para longe. Tamb\u00e9m pode causar halos e brilhos em volta das luzes brilhantes.&nbsp;&nbsp;<\/p>\n<h3 class=\"wp-block-heading\">Cataratas subcapsulares posteriores&nbsp;<\/h3>\n<p>Este tipo de catarata desenvolve-se rapidamente e pode afetar a vis\u00e3o desde o in\u00edcio, pois a sua localiza\u00e7\u00e3o no olho \u00e9 bastante central. Afeta a parte posterior do cristalino, a parte que deixa passar a luz atrav\u00e9s dos olhos, que pode ficar bloqueada pela catarata.&nbsp;&nbsp;<\/p>\n<p>As cataratas subcapsulares posteriores s\u00e3o as que mais afetam a vis\u00e3o de perto.&nbsp;<\/p>\n<h3 class=\"wp-block-heading\">Cataratas corticais&nbsp;<\/h3>\n<p>As cataratas corticais s\u00e3o aquelas em que a acumula\u00e7\u00e3o de prote\u00ednas tem forma de tri\u00e2ngulo e cobre a borda exterior do cristalino como uma coroa, com as pontas do tri\u00e2ngulo a apontar para o centro do cristalino. Dispersam a luz que entra nos olhos, o que provoca brilhos e pode afetar a vis\u00e3o noturna.&nbsp;&nbsp;<\/p>\n<p>Este tipo de catarata pode provocar altera\u00e7\u00f5es astigm\u00e1ticas na gradua\u00e7\u00e3o.&nbsp;<\/p>\n<h3 class=\"wp-block-heading\">Cataratas cong\u00e9nitas&nbsp;<\/h3>\n<p>Enquanto a maioria dos tipos de cataratas se desenvolve mais tarde na vida, as cataratas cong\u00e9nitas est\u00e3o presentes ao nascimento. Podem desenvolver-se se a m\u00e3e teve certas doen\u00e7as durante a gravidez, como a rub\u00e9ola.&nbsp;&nbsp;<\/p>\n<p>As cataratas cong\u00e9nitas geralmente n\u00e3o afetam a vis\u00e3o da crian\u00e7a, mas em casos excecionais cobrem o cristalino causando problemas de vis\u00e3o mais pronunciados.&nbsp;<\/p>\n<figure class=\"wp-block-image size-large\"><img loading=\"lazy\" decoding=\"async\" width=\"800\" height=\"267\" src=\"https:\/\/www.lenstore.pt\/cuidados-dos-olhos\/wp-content\/uploads\/sites\/4\/2021\/05\/cloudy.jpg\" alt=\"Quais s\u00e3o as causas das cataratas?\" class=\"wp-image-355\" srcset=\"https:\/\/www.lenstore.pt\/cuidados-dos-olhos\/wp-content\/uploads\/sites\/4\/2021\/05\/cloudy.jpg 800w, https:\/\/www.lenstore.pt\/cuidados-dos-olhos\/wp-content\/uploads\/sites\/4\/2021\/05\/cloudy-300x100.jpg 300w, https:\/\/www.lenstore.pt\/cuidados-dos-olhos\/wp-content\/uploads\/sites\/4\/2021\/05\/cloudy-768x256.jpg 768w\" sizes=\"auto, (max-width: 800px) 100vw, 800px\" \/><\/figure>\n<h2 class=\"wp-block-heading has-larger-font-size\">Quais s\u00e3o as causas das cataratas?<\/h2>\n<p>Na maioria dos casos, as cataratas s\u00e3o causadas pela idade, pois o cristalino torna-se menos flex\u00edvel e transparente com o envelhecimento. No entanto, h\u00e1 outros fatores que podem acelerar a progress\u00e3o das cataratas, ou desencade\u00e1-las mais cedo na vida, como as condi\u00e7\u00f5es m\u00e9dicas, as les\u00f5es oculares traum\u00e1ticas ou a toma de determinados medicamentos para tratar outras condi\u00e7\u00f5es.&nbsp;&nbsp;<\/p>\n<h3 class=\"wp-block-heading\">Exposi\u00e7\u00e3o aos raios UV&nbsp;<\/h3>\n<p>A exposi\u00e7\u00e3o sem prote\u00e7\u00e3o aos raios UV do sol pode danificar os olhos de muitas formas e acredita-se que seja um dos fatores de risco para o desenvolvimento de cataratas. As pessoas expostas aos raios UV durante longos per\u00edodos de tempo podem desenvolver cataratas numa idade mais precoce.&nbsp;&nbsp;<\/p>\n<p>Embora isto geralmente s\u00f3 aconte\u00e7a ap\u00f3s anos de exposi\u00e7\u00e3o aos raios UV, \u00e9 sempre importante proteger adequadamente os olhos com \u00f3culos de sol que os protejam.&nbsp;&nbsp;<\/p>\n<h3 class=\"wp-block-heading\">Doen\u00e7as&nbsp;<\/h3>\n<p>Certas condi\u00e7\u00f5es de sa\u00fade podem aumentar o risco de desenvolver cataratas. Um exemplo disso \u00e9 a diabetes, pois os diab\u00e9ticos s\u00e3o mais propensos a desenvolver uma catarata numa idade mais precoce, depois de os n\u00edveis elevados de a\u00e7\u00facar no sangue afetarem a acumula\u00e7\u00e3o de prote\u00ednas, e o cristalino do olho ficar opaco mais rapidamente.&nbsp;&nbsp;<\/p>\n<p>Outras doen\u00e7as relacionadas com a progress\u00e3o das cataratas s\u00e3o a rub\u00e9ola, a s\u00edndrome de Down e a uve\u00edte.&nbsp;<\/p>\n<h3 class=\"wp-block-heading\">Medica\u00e7\u00e3o&nbsp;<\/h3>\n<p>O uso prolongado de esteroides, normalmente utilizados para tratar a artrite, a asma ou a esclerose m\u00faltipla, pode provocar o aparecimento de cataratas numa idade mais precoce. Deve sempre informar o seu optometrista quando estiver a utilizar este tipo de medica\u00e7\u00e3o para tratar outras doen\u00e7as, para que possa estar atento aos sinais e oferecer-lhe o aconselhamento e o tratamento adequados.&nbsp;&nbsp;<\/p>\n<h3 class=\"wp-block-heading\">Traumatismos&nbsp;<\/h3>\n<p>As cataratas podem ser causadas por um traumatismo ocular, ap\u00f3s uma les\u00e3o na cabe\u00e7a ou nos olhos, por uma opera\u00e7\u00e3o ocular anterior ou por radia\u00e7\u00e3o. Os traumatismos podem alterar a estrutura do cristalino de forma imediata, provocando uma r\u00e1pida progress\u00e3o das cataratas, ou desencadear o desenvolvimento de uma catarata que demora v\u00e1rios anos a progredir.&nbsp;&nbsp;<\/p>\n<h2 class=\"wp-block-heading has-larger-font-size\">Sintomas das cataratas&nbsp;<\/h2>\n<p>A maioria das formas de cataratas progride durante v\u00e1rios anos, antes de as altera\u00e7\u00f5es na sua vis\u00e3o se tornarem evidentes. No entanto, uma vez que a catarata afeta a sua vis\u00e3o, os seus sintomas incluem vis\u00e3o turva e nublada, brilhos ao olhar para as luzes em ambientes escuros e cores que parecem desbotadas.&nbsp;<\/p>\n<h3 class=\"wp-block-heading\">Vis\u00e3o nublada&nbsp;<\/h3>\n<p>\u00c0 medida que a prote\u00edna do cristalino come\u00e7a a aglomerar-se, a vis\u00e3o pode tornar-se turva ou pouco n\u00edtida, aumentando gradualmente at\u00e9 prejudicar a vis\u00e3o. A vis\u00e3o nublada afeta geralmente a vis\u00e3o de um ou ambos os olhos de quem tem cataratas subcapsulares posteriores ou cataratas nucleares.&nbsp;&nbsp;<\/p>\n<h3 class=\"wp-block-heading\">Dificuldade em ver \u00e0 noite&nbsp;<\/h3>\n<p>Quando as cataratas escler\u00f3ticas nucleares come\u00e7am a desenvolver-se, o cristalino dos seus olhos pode ficar amarelo ou castanho. Isto afeta a sua capacidade de ver claramente quando est\u00e1 escuro e pode afetar atividades como a condu\u00e7\u00e3o noturna. Al\u00e9m disso, \u00e9 poss\u00edvel que comece a ver halos em volta das luzes ou que se sinta sens\u00edvel \u00e0s luzes brilhantes \u00e0 noite, o que tamb\u00e9m pode provocar complica\u00e7\u00f5es ao conduzir na escurid\u00e3o.&nbsp;&nbsp;<\/p>\n<h3 class=\"wp-block-heading\">Redu\u00e7\u00e3o da perce\u00e7\u00e3o da cor&nbsp;<\/h3>\n<p>Devido \u00e0 poss\u00edvel descolora\u00e7\u00e3o do seu cristalino, a acumula\u00e7\u00e3o de prote\u00ednas faz com que fique amarelo ou castanho, e a luz que entra nos seus olhos pode ter um tom amarelo. Dependendo da gravidade das cataratas, isto pode alterar a forma como v\u00ea as cores, especialmente os tons azuis ou roxos.&nbsp;&nbsp;<\/p>\n<p>No entanto, caso a cor seja afetada, \u00e9 prov\u00e1vel que a sua perce\u00e7\u00e3o anterior da cor seja restabelecida ap\u00f3s a remo\u00e7\u00e3o cir\u00fargica.<\/p>\n<h2 class=\"wp-block-heading has-larger-font-size\">Como se diagnostica uma catarata?<\/h2>\n<p>As cataratas podem ser detetadas durante um simples exame ocular de rotina. Quando os optometristas olharem atrav\u00e9s da lente, poder\u00e3o detetar qualquer anomalia. Poder\u00e3o determinar o grau de avan\u00e7o da doen\u00e7a e aconselhar sobre como geri-la e trat\u00e1-la. Em alguns casos, o seu optometrista pode encaminh\u00e1-lo para um oftalmologista para realizar mais testes.<\/p>\n<figure class=\"wp-block-image size-large\"><img loading=\"lazy\" decoding=\"async\" width=\"800\" height=\"267\" src=\"https:\/\/www.lenstore.pt\/cuidados-dos-olhos\/wp-content\/uploads\/sites\/4\/2021\/05\/magnifying-glass.jpg\" alt=\"As cataratas podem ser tratadas?\" class=\"wp-image-356\" srcset=\"https:\/\/www.lenstore.pt\/cuidados-dos-olhos\/wp-content\/uploads\/sites\/4\/2021\/05\/magnifying-glass.jpg 800w, https:\/\/www.lenstore.pt\/cuidados-dos-olhos\/wp-content\/uploads\/sites\/4\/2021\/05\/magnifying-glass-300x100.jpg 300w, https:\/\/www.lenstore.pt\/cuidados-dos-olhos\/wp-content\/uploads\/sites\/4\/2021\/05\/magnifying-glass-768x256.jpg 768w\" sizes=\"auto, (max-width: 800px) 100vw, 800px\" \/><\/figure>\n<h2 class=\"wp-block-heading has-larger-font-size\">As cataratas podem ser tratadas?<\/h2>\n<p>A maioria das pessoas opta pela cirurgia para o tratamento das cataratas, mas se o seu optometrista detetou a catarata nas suas primeiras fases, os sintomas e efeitos podem ser controlados com \u00f3culos graduados mais potentes, ou com \u00f3culos de sol. No entanto, se a catarata estiver a afetar significativamente a sua vis\u00e3o e o seu estilo de vida, a cirurgia ser\u00e1 a \u00fanica op\u00e7\u00e3o de tratamento.&nbsp;<\/p>\n<h3 class=\"wp-block-heading\">Cirurgia&nbsp;<\/h3>\n<p>A cirurgia de cataratas \u00e9 um procedimento de rotina, que dura apenas uma hora.&nbsp;&nbsp;<\/p>\n<p>Estar\u00e1 acordado durante a opera\u00e7\u00e3o, mas embora possa notar luzes e movimentos, a cirurgia \u00e9 geralmente completamente indolor, pois o seu cirurgi\u00e3o aplica-lhe gotas oculares anest\u00e9sicas antes da opera\u00e7\u00e3o.&nbsp;<\/p>\n<p>Existem v\u00e1rios tipos de cirurgias para eliminar as cataratas, mas em todas elas o oftalmologista faz uma incis\u00e3o para fragmentar o cristalino e eliminar a catarata. Depois, o cristalino \u00e9 substitu\u00eddo por uma lente artificial.&nbsp;&nbsp;<\/p>\n<h2 class=\"wp-block-heading has-larger-font-size\">Em que momento se podem eliminar as cataratas?&nbsp;<\/h2>\n<p>As cataratas podem ser removidas assim que se note que afetam a vis\u00e3o de forma significativa, a ponto de repercutirem na vida quotidiana, por exemplo, na condu\u00e7\u00e3o.&nbsp;<\/p>\n<h3 class=\"wp-block-heading\">Ap\u00f3s a cirurgia de cataratas&nbsp;<\/h3>\n<p>Em geral, a sua vis\u00e3o melhora alguns dias ap\u00f3s a opera\u00e7\u00e3o. Embora a maioria das pessoas se recupere sem problemas, \u00e9 poss\u00edvel que a lente intraocular fique opaca. Isto pode acontecer alguns anos ap\u00f3s a opera\u00e7\u00e3o ou uma d\u00e9cada mais tarde.&nbsp;&nbsp;<\/p>\n<p>Neste caso, \u00e9 prov\u00e1vel que seja submetido a um tratamento com laser YAG. Este procedimento n\u00e3o \u00e9 t\u00e3o invasivo como a opera\u00e7\u00e3o inicial de cataratas, e dura apenas cerca de vinte minutos. O oftalmologista utilizar\u00e1 um laser para fazer um pequeno orif\u00edcio na membrana do cristalino. Isto permitir\u00e1 que a luz volte a passar, dando origem a uma vis\u00e3o clara.&nbsp;<\/p>\n<p>Embora as cataratas possam ser bastante desanimadoras, as mudan\u00e7as no seu estilo de vida, como deixar de fumar e melhorar a alimenta\u00e7\u00e3o, podem ajudar a prevenir o aparecimento de cataratas. Porque n\u00e3o ler o nosso artigo sobre <a href=\"https:\/\/www.lenstore.it\/cura-degli-occhi\/6-semplici-modi-per-proteggere-i-tuoi-occhi-con-leta\/\">&#8216;6 formas simples de proteger os olhos ao envelhecer&#8217;<\/a>?<\/p>\n","protected":false},"excerpt":{"rendered":"<p>As cataratas formam-se quando o cristalino do olho se torna opaco. O cristalino est\u00e1 situado [&hellip;]<\/p>\n","protected":false},"author":48,"featured_media":354,"comment_status":"closed","ping_status":"open","sticky":false,"template":"","format":"standard","meta":{"footnotes":""},"categories":[3],"tags":[],"class_list":["post-89","post","type-post","status-publish","format-standard","has-post-thumbnail","hentry","category-doencas-e-afecoes-dos-olhos"],"yoast_head":"<!-- This site is optimized with the Yoast SEO plugin v28.0 - https:\/\/yoast.com\/product\/yoast-seo-wordpress\/ -->\n<title>O que e uma catarata? - Lenstore<\/title>\n<meta name=\"robots\" content=\"index, follow, max-snippet:-1, max-image-preview:large, max-video-preview:-1\" \/>\n<link rel=\"canonical\" href=\"https:\/\/www.lenstore.pt\/cuidados-dos-olhos\/o-que-e-uma-catarata\" \/>\n<meta property=\"og:locale\" content=\"pt_PT\" \/>\n<meta property=\"og:type\" content=\"article\" \/>\n<meta property=\"og:title\" content=\"O que e uma catarata? - Lenstore\" \/>\n<meta property=\"og:description\" content=\"As cataratas formam-se quando o cristalino do olho se torna opaco. O cristalino est\u00e1 situado [&hellip;]\" \/>\n<meta property=\"og:url\" content=\"https:\/\/www.lenstore.pt\/cuidados-dos-olhos\/o-que-e-uma-catarata\" \/>\n<meta property=\"og:site_name\" content=\"Lenstore\" \/>\n<meta property=\"article:published_time\" content=\"2026-06-17T13:40:31+00:00\" \/>\n<meta property=\"article:modified_time\" content=\"2026-06-17T14:14:57+00:00\" \/>\n<meta property=\"og:image\" content=\"https:\/\/www.lenstore.pt\/cuidados-dos-olhos\/wp-content\/uploads\/sites\/17\/2021\/05\/curtain.jpg\" \/>\n\t<meta property=\"og:image:width\" content=\"770\" \/>\n\t<meta property=\"og:image:height\" content=\"480\" \/>\n\t<meta property=\"og:image:type\" content=\"image\/jpeg\" \/>\n<meta name=\"author\" content=\"matthewhadwen\" \/>\n<meta name=\"twitter:card\" content=\"summary_large_image\" \/>\n<meta name=\"twitter:label1\" content=\"Escrito por\" \/>\n\t<meta name=\"twitter:data1\" content=\"matthewhadwen\" \/>\n\t<meta name=\"twitter:label2\" content=\"Tempo estimado de leitura\" \/>\n\t<meta name=\"twitter:data2\" content=\"8 minutos\" \/>\n<script type=\"application\/ld+json\" class=\"yoast-schema-graph\">{\"@context\":\"https:\\\/\\\/schema.org\",\"@graph\":[{\"@type\":\"Article\",\"@id\":\"https:\\\/\\\/www.lenstore.pt\\\/cuidados-dos-olhos\\\/o-que-e-uma-catarata#article\",\"isPartOf\":{\"@id\":\"https:\\\/\\\/www.lenstore.pt\\\/cuidados-dos-olhos\\\/o-que-e-uma-catarata\"},\"author\":{\"name\":\"matthewhadwen\",\"@id\":\"https:\\\/\\\/www.lenstore.pt\\\/cuidados-dos-olhos\\\/#\\\/schema\\\/person\\\/bd279f5a2d83991548987f26af65a636\"},\"headline\":\"O que e uma catarata?\",\"datePublished\":\"2026-06-17T13:40:31+00:00\",\"dateModified\":\"2026-06-17T14:14:57+00:00\",\"mainEntityOfPage\":{\"@id\":\"https:\\\/\\\/www.lenstore.pt\\\/cuidados-dos-olhos\\\/o-que-e-uma-catarata\"},\"wordCount\":1553,\"publisher\":{\"@id\":\"https:\\\/\\\/www.lenstore.pt\\\/cuidados-dos-olhos\\\/#organization\"},\"image\":{\"@id\":\"https:\\\/\\\/www.lenstore.pt\\\/cuidados-dos-olhos\\\/o-que-e-uma-catarata#primaryimage\"},\"thumbnailUrl\":\"https:\\\/\\\/www.lenstore.pt\\\/cuidados-dos-olhos\\\/wp-content\\\/uploads\\\/sites\\\/17\\\/2021\\\/05\\\/curtain.jpg\",\"articleSection\":[\"Doen\u00e7as e afe\u00e7\u00f5es dos olhos\"],\"inLanguage\":\"pt-PT\"},{\"@type\":\"WebPage\",\"@id\":\"https:\\\/\\\/www.lenstore.pt\\\/cuidados-dos-olhos\\\/o-que-e-uma-catarata\",\"url\":\"https:\\\/\\\/www.lenstore.pt\\\/cuidados-dos-olhos\\\/o-que-e-uma-catarata\",\"name\":\"O que e uma catarata? - Lenstore\",\"isPartOf\":{\"@id\":\"https:\\\/\\\/www.lenstore.pt\\\/cuidados-dos-olhos\\\/#website\"},\"primaryImageOfPage\":{\"@id\":\"https:\\\/\\\/www.lenstore.pt\\\/cuidados-dos-olhos\\\/o-que-e-uma-catarata#primaryimage\"},\"image\":{\"@id\":\"https:\\\/\\\/www.lenstore.pt\\\/cuidados-dos-olhos\\\/o-que-e-uma-catarata#primaryimage\"},\"thumbnailUrl\":\"https:\\\/\\\/www.lenstore.pt\\\/cuidados-dos-olhos\\\/wp-content\\\/uploads\\\/sites\\\/17\\\/2021\\\/05\\\/curtain.jpg\",\"datePublished\":\"2026-06-17T13:40:31+00:00\",\"dateModified\":\"2026-06-17T14:14:57+00:00\",\"breadcrumb\":{\"@id\":\"https:\\\/\\\/www.lenstore.pt\\\/cuidados-dos-olhos\\\/o-que-e-uma-catarata#breadcrumb\"},\"inLanguage\":\"pt-PT\",\"potentialAction\":[{\"@type\":\"ReadAction\",\"target\":[\"https:\\\/\\\/www.lenstore.pt\\\/cuidados-dos-olhos\\\/o-que-e-uma-catarata\"]}]},{\"@type\":\"ImageObject\",\"inLanguage\":\"pt-PT\",\"@id\":\"https:\\\/\\\/www.lenstore.pt\\\/cuidados-dos-olhos\\\/o-que-e-uma-catarata#primaryimage\",\"url\":\"https:\\\/\\\/www.lenstore.pt\\\/cuidados-dos-olhos\\\/wp-content\\\/uploads\\\/sites\\\/17\\\/2021\\\/05\\\/curtain.jpg\",\"contentUrl\":\"https:\\\/\\\/www.lenstore.pt\\\/cuidados-dos-olhos\\\/wp-content\\\/uploads\\\/sites\\\/17\\\/2021\\\/05\\\/curtain.jpg\",\"width\":770,\"height\":480},{\"@type\":\"BreadcrumbList\",\"@id\":\"https:\\\/\\\/www.lenstore.pt\\\/cuidados-dos-olhos\\\/o-que-e-uma-catarata#breadcrumb\",\"itemListElement\":[{\"@type\":\"ListItem\",\"position\":1,\"name\":\"Home\",\"item\":\"https:\\\/\\\/www.lenstore.pt\\\/cuidados-dos-olhos\\\/\"},{\"@type\":\"ListItem\",\"position\":2,\"name\":\"O que e uma catarata?\"}]},{\"@type\":\"WebSite\",\"@id\":\"https:\\\/\\\/www.lenstore.pt\\\/cuidados-dos-olhos\\\/#website\",\"url\":\"https:\\\/\\\/www.lenstore.pt\\\/cuidados-dos-olhos\\\/\",\"name\":\"Lenstore\",\"description\":\"Guia para lentes de contacto | Sa\u00fade | Estilo de vida\",\"publisher\":{\"@id\":\"https:\\\/\\\/www.lenstore.pt\\\/cuidados-dos-olhos\\\/#organization\"},\"potentialAction\":[{\"@type\":\"SearchAction\",\"target\":{\"@type\":\"EntryPoint\",\"urlTemplate\":\"https:\\\/\\\/www.lenstore.pt\\\/cuidados-dos-olhos\\\/?s={search_term_string}\"},\"query-input\":{\"@type\":\"PropertyValueSpecification\",\"valueRequired\":true,\"valueName\":\"search_term_string\"}}],\"inLanguage\":\"pt-PT\"},{\"@type\":\"Organization\",\"@id\":\"https:\\\/\\\/www.lenstore.pt\\\/#organization\",\"name\":\"Lenstore\",\"url\":\"https:\\\/\\\/www.lenstore.pt\",\"logo\":\"https:\\\/\\\/www.lenstore.pt\\\/png\\\/lenstore-logo.png\",\"image\":\"https:\\\/\\\/www.lenstore.pt\\\/png\\\/lenstore-logo.png\",\"companyRegistration\":\"51990\",\"contactPoint\":{\"@type\":\"ContactPoint\",\"contactType\":\"customer service\",\"email\":\"apoiocliente@lenstore.eu\"}},{\"@type\":\"Person\",\"@id\":\"https:\\\/\\\/www.lenstore.pt\\\/cuidados-dos-olhos\\\/#\\\/schema\\\/person\\\/bd279f5a2d83991548987f26af65a636\",\"name\":\"matthewhadwen\",\"url\":\"https:\\\/\\\/www.lenstore.pt\\\/cuidados-dos-olhos\\\/author\\\/matthewhadwen\"}]}<\/script>\n<!-- \/ Yoast SEO plugin. -->","yoast_head_json":{"title":"O que e uma catarata? - Lenstore","robots":{"index":"index","follow":"follow","max-snippet":"max-snippet:-1","max-image-preview":"max-image-preview:large","max-video-preview":"max-video-preview:-1"},"canonical":"https:\/\/www.lenstore.pt\/cuidados-dos-olhos\/o-que-e-uma-catarata","og_locale":"pt_PT","og_type":"article","og_title":"O que e uma catarata? - Lenstore","og_description":"As cataratas formam-se quando o cristalino do olho se torna opaco. O cristalino est\u00e1 situado [&hellip;]","og_url":"https:\/\/www.lenstore.pt\/cuidados-dos-olhos\/o-que-e-uma-catarata","og_site_name":"Lenstore","article_published_time":"2026-06-17T13:40:31+00:00","article_modified_time":"2026-06-17T14:14:57+00:00","og_image":[{"width":770,"height":480,"url":"https:\/\/www.lenstore.pt\/cuidados-dos-olhos\/wp-content\/uploads\/sites\/17\/2021\/05\/curtain.jpg","type":"image\/jpeg"}],"author":"matthewhadwen","twitter_card":"summary_large_image","twitter_misc":{"Escrito por":"matthewhadwen","Tempo estimado de leitura":"8 minutos"},"schema":{"@context":"https:\/\/schema.org","@graph":[{"@type":"Article","@id":"https:\/\/www.lenstore.pt\/cuidados-dos-olhos\/o-que-e-uma-catarata#article","isPartOf":{"@id":"https:\/\/www.lenstore.pt\/cuidados-dos-olhos\/o-que-e-uma-catarata"},"author":{"name":"matthewhadwen","@id":"https:\/\/www.lenstore.pt\/cuidados-dos-olhos\/#\/schema\/person\/bd279f5a2d83991548987f26af65a636"},"headline":"O que e uma catarata?","datePublished":"2026-06-17T13:40:31+00:00","dateModified":"2026-06-17T14:14:57+00:00","mainEntityOfPage":{"@id":"https:\/\/www.lenstore.pt\/cuidados-dos-olhos\/o-que-e-uma-catarata"},"wordCount":1553,"publisher":{"@id":"https:\/\/www.lenstore.pt\/cuidados-dos-olhos\/#organization"},"image":{"@id":"https:\/\/www.lenstore.pt\/cuidados-dos-olhos\/o-que-e-uma-catarata#primaryimage"},"thumbnailUrl":"https:\/\/www.lenstore.pt\/cuidados-dos-olhos\/wp-content\/uploads\/sites\/17\/2021\/05\/curtain.jpg","articleSection":["Doen\u00e7as e afe\u00e7\u00f5es dos olhos"],"inLanguage":"pt-PT"},{"@type":"WebPage","@id":"https:\/\/www.lenstore.pt\/cuidados-dos-olhos\/o-que-e-uma-catarata","url":"https:\/\/www.lenstore.pt\/cuidados-dos-olhos\/o-que-e-uma-catarata","name":"O que e uma catarata? - Lenstore","isPartOf":{"@id":"https:\/\/www.lenstore.pt\/cuidados-dos-olhos\/#website"},"primaryImageOfPage":{"@id":"https:\/\/www.lenstore.pt\/cuidados-dos-olhos\/o-que-e-uma-catarata#primaryimage"},"image":{"@id":"https:\/\/www.lenstore.pt\/cuidados-dos-olhos\/o-que-e-uma-catarata#primaryimage"},"thumbnailUrl":"https:\/\/www.lenstore.pt\/cuidados-dos-olhos\/wp-content\/uploads\/sites\/17\/2021\/05\/curtain.jpg","datePublished":"2026-06-17T13:40:31+00:00","dateModified":"2026-06-17T14:14:57+00:00","breadcrumb":{"@id":"https:\/\/www.lenstore.pt\/cuidados-dos-olhos\/o-que-e-uma-catarata#breadcrumb"},"inLanguage":"pt-PT","potentialAction":[{"@type":"ReadAction","target":["https:\/\/www.lenstore.pt\/cuidados-dos-olhos\/o-que-e-uma-catarata"]}]},{"@type":"ImageObject","inLanguage":"pt-PT","@id":"https:\/\/www.lenstore.pt\/cuidados-dos-olhos\/o-que-e-uma-catarata#primaryimage","url":"https:\/\/www.lenstore.pt\/cuidados-dos-olhos\/wp-content\/uploads\/sites\/17\/2021\/05\/curtain.jpg","contentUrl":"https:\/\/www.lenstore.pt\/cuidados-dos-olhos\/wp-content\/uploads\/sites\/17\/2021\/05\/curtain.jpg","width":770,"height":480},{"@type":"BreadcrumbList","@id":"https:\/\/www.lenstore.pt\/cuidados-dos-olhos\/o-que-e-uma-catarata#breadcrumb","itemListElement":[{"@type":"ListItem","position":1,"name":"Home","item":"https:\/\/www.lenstore.pt\/cuidados-dos-olhos\/"},{"@type":"ListItem","position":2,"name":"O que e uma catarata?"}]},{"@type":"WebSite","@id":"https:\/\/www.lenstore.pt\/cuidados-dos-olhos\/#website","url":"https:\/\/www.lenstore.pt\/cuidados-dos-olhos\/","name":"Lenstore","description":"Guia para lentes de contacto | Sa\u00fade | Estilo de vida","publisher":{"@id":"https:\/\/www.lenstore.pt\/cuidados-dos-olhos\/#organization"},"potentialAction":[{"@type":"SearchAction","target":{"@type":"EntryPoint","urlTemplate":"https:\/\/www.lenstore.pt\/cuidados-dos-olhos\/?s={search_term_string}"},"query-input":{"@type":"PropertyValueSpecification","valueRequired":true,"valueName":"search_term_string"}}],"inLanguage":"pt-PT"},{"@type":"Organization","@id":"https:\/\/www.lenstore.pt\/#organization","name":"Lenstore","url":"https:\/\/www.lenstore.pt","logo":"https:\/\/www.lenstore.pt\/png\/lenstore-logo.png","image":"https:\/\/www.lenstore.pt\/png\/lenstore-logo.png","companyRegistration":"51990","contactPoint":{"@type":"ContactPoint","contactType":"customer service","email":"apoiocliente@lenstore.eu"}},{"@type":"Person","@id":"https:\/\/www.lenstore.pt\/cuidados-dos-olhos\/#\/schema\/person\/bd279f5a2d83991548987f26af65a636","name":"matthewhadwen","url":"https:\/\/www.lenstore.pt\/cuidados-dos-olhos\/author\/matthewhadwen"}]}},"jetpack_featured_media_url":"https:\/\/www.lenstore.pt\/cuidados-dos-olhos\/wp-content\/uploads\/sites\/17\/2021\/05\/curtain.jpg","order_on_store":null,"_links":{"self":[{"href":"https:\/\/www.lenstore.pt\/cuidados-dos-olhos\/wp-json\/wp\/v2\/posts\/89","targetHints":{"allow":["GET"]}}],"collection":[{"href":"https:\/\/www.lenstore.pt\/cuidados-dos-olhos\/wp-json\/wp\/v2\/posts"}],"about":[{"href":"https:\/\/www.lenstore.pt\/cuidados-dos-olhos\/wp-json\/wp\/v2\/types\/post"}],"author":[{"embeddable":true,"href":"https:\/\/www.lenstore.pt\/cuidados-dos-olhos\/wp-json\/wp\/v2\/users\/48"}],"replies":[{"embeddable":true,"href":"https:\/\/www.lenstore.pt\/cuidados-dos-olhos\/wp-json\/wp\/v2\/comments?post=89"}],"version-history":[{"count":2,"href":"https:\/\/www.lenstore.pt\/cuidados-dos-olhos\/wp-json\/wp\/v2\/posts\/89\/revisions"}],"predecessor-version":[{"id":1932,"href":"https:\/\/www.lenstore.pt\/cuidados-dos-olhos\/wp-json\/wp\/v2\/posts\/89\/revisions\/1932"}],"wp:featuredmedia":[{"embeddable":true,"href":"https:\/\/www.lenstore.pt\/cuidados-dos-olhos\/wp-json\/wp\/v2\/media\/354"}],"wp:attachment":[{"href":"https:\/\/www.lenstore.pt\/cuidados-dos-olhos\/wp-json\/wp\/v2\/media?parent=89"}],"wp:term":[{"taxonomy":"category","embeddable":true,"href":"https:\/\/www.lenstore.pt\/cuidados-dos-olhos\/wp-json\/wp\/v2\/categories?post=89"},{"taxonomy":"post_tag","embeddable":true,"href":"https:\/\/www.lenstore.pt\/cuidados-dos-olhos\/wp-json\/wp\/v2\/tags?post=89"}],"curies":[{"name":"wp","href":"https:\/\/api.w.org\/{rel}","templated":true}]}}