{"id":8,"date":"2026-06-17T14:41:49","date_gmt":"2026-06-17T13:41:49","guid":{"rendered":"https:\/\/www.lenstore.pt\/cuidados-dos-olhos\/?p=8"},"modified":"2026-06-17T15:11:59","modified_gmt":"2026-06-17T14:11:59","slug":"tudo-o-que-precisa-de-saber-sobre-a-conjuntivite","status":"publish","type":"post","link":"https:\/\/www.lenstore.pt\/cuidados-dos-olhos\/tudo-o-que-precisa-de-saber-sobre-a-conjuntivite","title":{"rendered":"Tudo o que precisa de saber sobre a conjuntivite"},"content":{"rendered":"<figure class=\"wp-block-image size-large\"><img loading=\"lazy\" decoding=\"async\" width=\"1024\" height=\"525\" src=\"https:\/\/blog.lenstore.pt\/cuidados-dos-olhos\/wp-content\/uploads\/sites\/4\/2020\/05\/Illustration-of-a-red-eye-1024x525.jpg\" alt=\"\" class=\"wp-image-93\" srcset=\"https:\/\/www.lenstore.pt\/cuidados-dos-olhos\/wp-content\/uploads\/sites\/4\/2020\/05\/Illustration-of-a-red-eye-1024x525.jpg 1024w, https:\/\/www.lenstore.pt\/cuidados-dos-olhos\/wp-content\/uploads\/sites\/4\/2020\/05\/Illustration-of-a-red-eye-300x154.jpg 300w, https:\/\/www.lenstore.pt\/cuidados-dos-olhos\/wp-content\/uploads\/sites\/4\/2020\/05\/Illustration-of-a-red-eye-768x394.jpg 768w, https:\/\/www.lenstore.pt\/cuidados-dos-olhos\/wp-content\/uploads\/sites\/4\/2020\/05\/Illustration-of-a-red-eye.jpg 1170w\" sizes=\"auto, (max-width: 1024px) 100vw, 1024px\" \/><\/figure>\n<p>Acordou esta manh\u00e3 com as p\u00e1lpebras pegajosas? Pode ter conjuntivite.<\/p>\n<p>E o que raios \u00e9 isso? Pergunta-se. \u00c9 uma condi\u00e7\u00e3o comum que envolve a inflama\u00e7\u00e3o da conjuntiva (uma membrana fina que cobre levemente o branco dos olhos e o interior das p\u00e1lpebras) e em que os olhos costumam apresentar um aspeto rosado.<\/p>\n<h2 class=\"wp-block-heading has-larger-font-size\"><strong>O que a causa?<\/strong><\/h2>\n<figure class=\"wp-block-image size-large\"><img loading=\"lazy\" decoding=\"async\" width=\"1024\" height=\"245\" src=\"https:\/\/blog.lenstore.pt\/cuidados-dos-olhos\/wp-content\/uploads\/sites\/4\/2020\/05\/Hand-covered-in-sand-1024x245.jpg\" alt=\"\" class=\"wp-image-94\" srcset=\"https:\/\/www.lenstore.pt\/cuidados-dos-olhos\/wp-content\/uploads\/sites\/4\/2020\/05\/Hand-covered-in-sand-1024x245.jpg 1024w, https:\/\/www.lenstore.pt\/cuidados-dos-olhos\/wp-content\/uploads\/sites\/4\/2020\/05\/Hand-covered-in-sand-300x72.jpg 300w, https:\/\/www.lenstore.pt\/cuidados-dos-olhos\/wp-content\/uploads\/sites\/4\/2020\/05\/Hand-covered-in-sand-768x184.jpg 768w, https:\/\/www.lenstore.pt\/cuidados-dos-olhos\/wp-content\/uploads\/sites\/4\/2020\/05\/Hand-covered-in-sand.jpg 1170w\" sizes=\"auto, (max-width: 1024px) 100vw, 1024px\" \/><\/figure>\n<p>Esta condi\u00e7\u00e3o costuma ser causada por uma alergia, como alergia ao p\u00f3, ou uma infe\u00e7\u00e3o bacteriana. Os tr\u00eas tipos mais comuns de conjuntivite s\u00e3o a bacteriana, a al\u00e9rgica e a viral.<\/p>\n<h4 class=\"wp-block-heading\"><strong>Bacteriana<\/strong><\/h4>\n<p>Esta forma de conjuntivite costuma afetar ambos os olhos e, se a contrair, \u00e9 prov\u00e1vel que sofra de vermelhid\u00e3o, p\u00e1lpebras pegajosas e uma sensa\u00e7\u00e3o arenosa e irritante. \u00c9 muito contagiosa e pode propagar-se facilmente, por isso o melhor \u00e9 praticar uma boa higiene, evitar o contacto com outras pessoas e tentar n\u00e3o partilhar toalhas de m\u00e3o.<\/p>\n<h4 class=\"wp-block-heading\"><strong>Al\u00e9rgica<\/strong><\/h4>\n<figure class=\"wp-block-image size-large\"><img loading=\"lazy\" decoding=\"async\" width=\"1024\" height=\"245\" src=\"https:\/\/blog.lenstore.pt\/cuidados-dos-olhos\/wp-content\/uploads\/sites\/4\/2020\/05\/Open-field-with-grass-1024x245.jpg\" alt=\"\" class=\"wp-image-95\" srcset=\"https:\/\/www.lenstore.pt\/cuidados-dos-olhos\/wp-content\/uploads\/sites\/4\/2020\/05\/Open-field-with-grass-1024x245.jpg 1024w, https:\/\/www.lenstore.pt\/cuidados-dos-olhos\/wp-content\/uploads\/sites\/4\/2020\/05\/Open-field-with-grass-300x72.jpg 300w, https:\/\/www.lenstore.pt\/cuidados-dos-olhos\/wp-content\/uploads\/sites\/4\/2020\/05\/Open-field-with-grass-768x184.jpg 768w, https:\/\/www.lenstore.pt\/cuidados-dos-olhos\/wp-content\/uploads\/sites\/4\/2020\/05\/Open-field-with-grass.jpg 1170w\" sizes=\"auto, (max-width: 1024px) 100vw, 1024px\" \/><\/figure>\n<p>Provocada por alerg\u00e9nios como o p\u00f3len, p\u00f3 ou animais de estima\u00e7\u00e3o, este tipo de conjuntivite pode ser sazonal, mas algumas pessoas podem sofr\u00ea-la em qualquer altura do ano. \u00c9 mais comum em quem j\u00e1 sofre de doen\u00e7as al\u00e9rgicas como asma ou alergia ao p\u00f3len. Provavelmente ter\u00e1 os olhos vermelhos e com comich\u00e3o.<\/p>\n<p>Ao contr\u00e1rio das formas bacteriana e viral, este tipo de conjuntivite n\u00e3o pode ser transmitido de pessoa para pessoa.<\/p>\n<h4 class=\"wp-block-heading\"><strong>Viral<\/strong><\/h4>\n<p>Tal como o nome sugere, este tipo de conjuntivite \u00e9 causado por v\u00e1rios v\u00edrus diferentes. O adenov\u00edrus, habitualmente respons\u00e1vel pelo t\u00edpico resfriado comum, \u00e9 o v\u00edrus mais comum causador da conjuntivite viral.<\/p>\n<p>Tal como a bacteriana, esta conjuntivite \u00e9 extremamente contagiosa. Pode propagar-se atrav\u00e9s de espirros, tosse e contacto com outras pessoas.<\/p>\n<p>No entanto, esta \u00e9 uma conjuntivite trai\u00e7oeira, pois pode apresentar sintomas semelhantes \u00e0 gripe (por exemplo, dor de garganta) e em alguns casos pode causar uma infe\u00e7\u00e3o na c\u00f3rnea.<\/p>\n<p>Se sofrer de conjuntivite viral, provavelmente notar\u00e1 que os seus olhos est\u00e3o vermelhos, com excesso de l\u00e1grimas, e que sente sensibilidade \u00e0 luz e desconforto. Pode ter as p\u00e1lpebras ligeiramente inflamadas e, se a infe\u00e7\u00e3o tiver atingido a c\u00f3rnea, pode ter vis\u00e3o turva.<\/p>\n<h2 class=\"wp-block-heading has-larger-font-size\"><strong>Pode ser tratada?<\/strong><\/h2>\n<p>A conjuntivite bacteriana costuma curar-se numa semana sem qualquer forma de tratamento. Em alguns casos pode necessitar de antibi\u00f3ticos (embora n\u00e3o para a forma viral). Os v\u00edrus n\u00e3o respondem bem aos antibi\u00f3ticos, e na maioria dos casos costumam resolver-se sem tratamento.<\/p>\n<p>Pode aliviar os sintomas com gotas para os olhos ou pomadas. As gotas com anti-histam\u00ednicos tamb\u00e9m podem ajudar com a conjuntivite al\u00e9rgica, mas o melhor \u00e9 afastar-se do alerg\u00e9nio que causa o problema.<\/p>\n<h2 class=\"wp-block-heading has-larger-font-size\"><strong>Fatores de risco<\/strong><\/h2>\n<p>\u00c9 mais prov\u00e1vel que esteja em risco de contrair conjuntivite infeciosa (bacteriana ou viral) se:<\/p>\n<ul class=\"wp-block-list\">\n<li>Teve um resfriado recentemente.<\/li>\n<li>Est\u00e1 a sofrer de blefarite.<\/li>\n<li>Tem um sistema imunit\u00e1rio deficiente.<\/li>\n<li>Teve contacto pr\u00f3ximo com algu\u00e9m que a tem.<\/li>\n<\/ul>\n<h2 class=\"wp-block-heading has-larger-font-size\"><strong>Sugest\u00f5es<\/strong><\/h2>\n<figure class=\"wp-block-image size-large\"><img loading=\"lazy\" decoding=\"async\" width=\"1024\" height=\"245\" src=\"https:\/\/blog.lenstore.pt\/cuidados-dos-olhos\/wp-content\/uploads\/sites\/4\/2020\/05\/Man-washing-his-face-with-water-1024x245.jpg\" alt=\"\" class=\"wp-image-96\" srcset=\"https:\/\/www.lenstore.pt\/cuidados-dos-olhos\/wp-content\/uploads\/sites\/4\/2020\/05\/Man-washing-his-face-with-water-1024x245.jpg 1024w, https:\/\/www.lenstore.pt\/cuidados-dos-olhos\/wp-content\/uploads\/sites\/4\/2020\/05\/Man-washing-his-face-with-water-300x72.jpg 300w, https:\/\/www.lenstore.pt\/cuidados-dos-olhos\/wp-content\/uploads\/sites\/4\/2020\/05\/Man-washing-his-face-with-water-768x184.jpg 768w, https:\/\/www.lenstore.pt\/cuidados-dos-olhos\/wp-content\/uploads\/sites\/4\/2020\/05\/Man-washing-his-face-with-water.jpg 1170w\" sizes=\"auto, (max-width: 1024px) 100vw, 1024px\" \/><\/figure>\n<p>Duas das formas comuns de conjuntivite s\u00e3o muito contagiosas, por isso \u00e9 importante lavar e secar as m\u00e3os minuciosamente. O melhor \u00e9 evitar partilhar toalhas e almofadas com algu\u00e9m que tenha a infe\u00e7\u00e3o. Tente n\u00e3o esfregar ou tocar nos olhos enquanto tiver a infe\u00e7\u00e3o, e se o fizer certifique-se de limpar todas as superf\u00edcies que tocar.<\/p>\n<p>Escusado ser\u00e1 dizer que quando se sofre de conjuntivite provavelmente o melhor \u00e9 evitar usar lentes de contacto; recomendamos que visite o seu optometrista para identificar que tipo de conjuntivite tem e para que lhe possa recomendar o melhor tratamento.<\/p>\n","protected":false},"excerpt":{"rendered":"<p>Acordou esta manh\u00e3 com as p\u00e1lpebras pegajosas? Pode ter conjuntivite. E o que raios \u00e9 [&hellip;]<\/p>\n","protected":false},"author":48,"featured_media":150,"comment_status":"closed","ping_status":"open","sticky":false,"template":"","format":"standard","meta":{"footnotes":""},"categories":[3],"tags":[],"class_list":["post-8","post","type-post","status-publish","format-standard","has-post-thumbnail","hentry","category-doencas-e-afecoes-dos-olhos"],"yoast_head":"<!-- This site is optimized with the Yoast SEO plugin v28.0 - https:\/\/yoast.com\/product\/yoast-seo-wordpress\/ -->\n<title>Tudo o que precisa de saber sobre a conjuntivite - Lenstore<\/title>\n<meta name=\"robots\" content=\"index, follow, max-snippet:-1, max-image-preview:large, max-video-preview:-1\" \/>\n<link rel=\"canonical\" href=\"https:\/\/www.lenstore.pt\/cuidados-dos-olhos\/tudo-o-que-precisa-de-saber-sobre-a-conjuntivite\" \/>\n<meta property=\"og:locale\" content=\"pt_PT\" \/>\n<meta property=\"og:type\" content=\"article\" \/>\n<meta property=\"og:title\" content=\"Tudo o que precisa de saber sobre a conjuntivite - Lenstore\" \/>\n<meta property=\"og:description\" content=\"Acordou esta manh\u00e3 com as p\u00e1lpebras pegajosas? Pode ter conjuntivite. E o que raios \u00e9 [&hellip;]\" \/>\n<meta property=\"og:url\" content=\"https:\/\/www.lenstore.pt\/cuidados-dos-olhos\/tudo-o-que-precisa-de-saber-sobre-a-conjuntivite\" \/>\n<meta property=\"og:site_name\" content=\"Lenstore\" \/>\n<meta property=\"article:published_time\" content=\"2026-06-17T13:41:49+00:00\" \/>\n<meta property=\"article:modified_time\" content=\"2026-06-17T14:11:59+00:00\" \/>\n<meta property=\"og:image\" content=\"https:\/\/www.lenstore.pt\/cuidados-dos-olhos\/wp-content\/uploads\/sites\/17\/2020\/05\/Illustration-of-a-red-eye.jpg\" \/>\n\t<meta property=\"og:image:width\" content=\"1170\" \/>\n\t<meta property=\"og:image:height\" content=\"600\" \/>\n\t<meta property=\"og:image:type\" content=\"image\/jpeg\" \/>\n<meta name=\"author\" content=\"matthewhadwen\" \/>\n<meta name=\"twitter:card\" content=\"summary_large_image\" \/>\n<meta name=\"twitter:label1\" content=\"Escrito por\" \/>\n\t<meta name=\"twitter:data1\" content=\"matthewhadwen\" \/>\n\t<meta name=\"twitter:label2\" content=\"Tempo estimado de leitura\" \/>\n\t<meta name=\"twitter:data2\" content=\"3 minutos\" \/>\n<script type=\"application\/ld+json\" class=\"yoast-schema-graph\">{\"@context\":\"https:\\\/\\\/schema.org\",\"@graph\":[{\"@type\":\"Article\",\"@id\":\"https:\\\/\\\/www.lenstore.pt\\\/cuidados-dos-olhos\\\/tudo-o-que-precisa-de-saber-sobre-a-conjuntivite#article\",\"isPartOf\":{\"@id\":\"https:\\\/\\\/www.lenstore.pt\\\/cuidados-dos-olhos\\\/tudo-o-que-precisa-de-saber-sobre-a-conjuntivite\"},\"author\":{\"name\":\"matthewhadwen\",\"@id\":\"https:\\\/\\\/www.lenstore.pt\\\/cuidados-dos-olhos\\\/#\\\/schema\\\/person\\\/bd279f5a2d83991548987f26af65a636\"},\"headline\":\"Tudo o que precisa de saber sobre a conjuntivite\",\"datePublished\":\"2026-06-17T13:41:49+00:00\",\"dateModified\":\"2026-06-17T14:11:59+00:00\",\"mainEntityOfPage\":{\"@id\":\"https:\\\/\\\/www.lenstore.pt\\\/cuidados-dos-olhos\\\/tudo-o-que-precisa-de-saber-sobre-a-conjuntivite\"},\"wordCount\":610,\"publisher\":{\"@id\":\"https:\\\/\\\/www.lenstore.pt\\\/cuidados-dos-olhos\\\/#organization\"},\"image\":{\"@id\":\"https:\\\/\\\/www.lenstore.pt\\\/cuidados-dos-olhos\\\/tudo-o-que-precisa-de-saber-sobre-a-conjuntivite#primaryimage\"},\"thumbnailUrl\":\"https:\\\/\\\/www.lenstore.pt\\\/cuidados-dos-olhos\\\/wp-content\\\/uploads\\\/sites\\\/17\\\/2020\\\/05\\\/Illustration-of-a-red-eye.jpg\",\"articleSection\":[\"Doen\u00e7as e afe\u00e7\u00f5es dos olhos\"],\"inLanguage\":\"pt-PT\"},{\"@type\":\"WebPage\",\"@id\":\"https:\\\/\\\/www.lenstore.pt\\\/cuidados-dos-olhos\\\/tudo-o-que-precisa-de-saber-sobre-a-conjuntivite\",\"url\":\"https:\\\/\\\/www.lenstore.pt\\\/cuidados-dos-olhos\\\/tudo-o-que-precisa-de-saber-sobre-a-conjuntivite\",\"name\":\"Tudo o que precisa de saber sobre a conjuntivite - Lenstore\",\"isPartOf\":{\"@id\":\"https:\\\/\\\/www.lenstore.pt\\\/cuidados-dos-olhos\\\/#website\"},\"primaryImageOfPage\":{\"@id\":\"https:\\\/\\\/www.lenstore.pt\\\/cuidados-dos-olhos\\\/tudo-o-que-precisa-de-saber-sobre-a-conjuntivite#primaryimage\"},\"image\":{\"@id\":\"https:\\\/\\\/www.lenstore.pt\\\/cuidados-dos-olhos\\\/tudo-o-que-precisa-de-saber-sobre-a-conjuntivite#primaryimage\"},\"thumbnailUrl\":\"https:\\\/\\\/www.lenstore.pt\\\/cuidados-dos-olhos\\\/wp-content\\\/uploads\\\/sites\\\/17\\\/2020\\\/05\\\/Illustration-of-a-red-eye.jpg\",\"datePublished\":\"2026-06-17T13:41:49+00:00\",\"dateModified\":\"2026-06-17T14:11:59+00:00\",\"breadcrumb\":{\"@id\":\"https:\\\/\\\/www.lenstore.pt\\\/cuidados-dos-olhos\\\/tudo-o-que-precisa-de-saber-sobre-a-conjuntivite#breadcrumb\"},\"inLanguage\":\"pt-PT\",\"potentialAction\":[{\"@type\":\"ReadAction\",\"target\":[\"https:\\\/\\\/www.lenstore.pt\\\/cuidados-dos-olhos\\\/tudo-o-que-precisa-de-saber-sobre-a-conjuntivite\"]}]},{\"@type\":\"ImageObject\",\"inLanguage\":\"pt-PT\",\"@id\":\"https:\\\/\\\/www.lenstore.pt\\\/cuidados-dos-olhos\\\/tudo-o-que-precisa-de-saber-sobre-a-conjuntivite#primaryimage\",\"url\":\"https:\\\/\\\/www.lenstore.pt\\\/cuidados-dos-olhos\\\/wp-content\\\/uploads\\\/sites\\\/17\\\/2020\\\/05\\\/Illustration-of-a-red-eye.jpg\",\"contentUrl\":\"https:\\\/\\\/www.lenstore.pt\\\/cuidados-dos-olhos\\\/wp-content\\\/uploads\\\/sites\\\/17\\\/2020\\\/05\\\/Illustration-of-a-red-eye.jpg\",\"width\":1170,\"height\":600},{\"@type\":\"BreadcrumbList\",\"@id\":\"https:\\\/\\\/www.lenstore.pt\\\/cuidados-dos-olhos\\\/tudo-o-que-precisa-de-saber-sobre-a-conjuntivite#breadcrumb\",\"itemListElement\":[{\"@type\":\"ListItem\",\"position\":1,\"name\":\"Home\",\"item\":\"https:\\\/\\\/www.lenstore.pt\\\/cuidados-dos-olhos\\\/\"},{\"@type\":\"ListItem\",\"position\":2,\"name\":\"Tudo o que precisa de saber sobre a conjuntivite\"}]},{\"@type\":\"WebSite\",\"@id\":\"https:\\\/\\\/www.lenstore.pt\\\/cuidados-dos-olhos\\\/#website\",\"url\":\"https:\\\/\\\/www.lenstore.pt\\\/cuidados-dos-olhos\\\/\",\"name\":\"Lenstore\",\"description\":\"Guia para lentes de contacto | Sa\u00fade | Estilo de vida\",\"publisher\":{\"@id\":\"https:\\\/\\\/www.lenstore.pt\\\/cuidados-dos-olhos\\\/#organization\"},\"potentialAction\":[{\"@type\":\"SearchAction\",\"target\":{\"@type\":\"EntryPoint\",\"urlTemplate\":\"https:\\\/\\\/www.lenstore.pt\\\/cuidados-dos-olhos\\\/?s={search_term_string}\"},\"query-input\":{\"@type\":\"PropertyValueSpecification\",\"valueRequired\":true,\"valueName\":\"search_term_string\"}}],\"inLanguage\":\"pt-PT\"},{\"@type\":\"Organization\",\"@id\":\"https:\\\/\\\/www.lenstore.pt\\\/#organization\",\"name\":\"Lenstore\",\"url\":\"https:\\\/\\\/www.lenstore.pt\",\"logo\":\"https:\\\/\\\/www.lenstore.pt\\\/png\\\/lenstore-logo.png\",\"image\":\"https:\\\/\\\/www.lenstore.pt\\\/png\\\/lenstore-logo.png\",\"companyRegistration\":\"51990\",\"contactPoint\":{\"@type\":\"ContactPoint\",\"contactType\":\"customer service\",\"email\":\"apoiocliente@lenstore.eu\"}},{\"@type\":\"Person\",\"@id\":\"https:\\\/\\\/www.lenstore.pt\\\/cuidados-dos-olhos\\\/#\\\/schema\\\/person\\\/bd279f5a2d83991548987f26af65a636\",\"name\":\"matthewhadwen\",\"url\":\"https:\\\/\\\/www.lenstore.pt\\\/cuidados-dos-olhos\\\/author\\\/matthewhadwen\"}]}<\/script>\n<!-- \/ Yoast SEO plugin. -->","yoast_head_json":{"title":"Tudo o que precisa de saber sobre a conjuntivite - Lenstore","robots":{"index":"index","follow":"follow","max-snippet":"max-snippet:-1","max-image-preview":"max-image-preview:large","max-video-preview":"max-video-preview:-1"},"canonical":"https:\/\/www.lenstore.pt\/cuidados-dos-olhos\/tudo-o-que-precisa-de-saber-sobre-a-conjuntivite","og_locale":"pt_PT","og_type":"article","og_title":"Tudo o que precisa de saber sobre a conjuntivite - Lenstore","og_description":"Acordou esta manh\u00e3 com as p\u00e1lpebras pegajosas? Pode ter conjuntivite. E o que raios \u00e9 [&hellip;]","og_url":"https:\/\/www.lenstore.pt\/cuidados-dos-olhos\/tudo-o-que-precisa-de-saber-sobre-a-conjuntivite","og_site_name":"Lenstore","article_published_time":"2026-06-17T13:41:49+00:00","article_modified_time":"2026-06-17T14:11:59+00:00","og_image":[{"width":1170,"height":600,"url":"https:\/\/www.lenstore.pt\/cuidados-dos-olhos\/wp-content\/uploads\/sites\/17\/2020\/05\/Illustration-of-a-red-eye.jpg","type":"image\/jpeg"}],"author":"matthewhadwen","twitter_card":"summary_large_image","twitter_misc":{"Escrito por":"matthewhadwen","Tempo estimado de leitura":"3 minutos"},"schema":{"@context":"https:\/\/schema.org","@graph":[{"@type":"Article","@id":"https:\/\/www.lenstore.pt\/cuidados-dos-olhos\/tudo-o-que-precisa-de-saber-sobre-a-conjuntivite#article","isPartOf":{"@id":"https:\/\/www.lenstore.pt\/cuidados-dos-olhos\/tudo-o-que-precisa-de-saber-sobre-a-conjuntivite"},"author":{"name":"matthewhadwen","@id":"https:\/\/www.lenstore.pt\/cuidados-dos-olhos\/#\/schema\/person\/bd279f5a2d83991548987f26af65a636"},"headline":"Tudo o que precisa de saber sobre a conjuntivite","datePublished":"2026-06-17T13:41:49+00:00","dateModified":"2026-06-17T14:11:59+00:00","mainEntityOfPage":{"@id":"https:\/\/www.lenstore.pt\/cuidados-dos-olhos\/tudo-o-que-precisa-de-saber-sobre-a-conjuntivite"},"wordCount":610,"publisher":{"@id":"https:\/\/www.lenstore.pt\/cuidados-dos-olhos\/#organization"},"image":{"@id":"https:\/\/www.lenstore.pt\/cuidados-dos-olhos\/tudo-o-que-precisa-de-saber-sobre-a-conjuntivite#primaryimage"},"thumbnailUrl":"https:\/\/www.lenstore.pt\/cuidados-dos-olhos\/wp-content\/uploads\/sites\/17\/2020\/05\/Illustration-of-a-red-eye.jpg","articleSection":["Doen\u00e7as e afe\u00e7\u00f5es dos olhos"],"inLanguage":"pt-PT"},{"@type":"WebPage","@id":"https:\/\/www.lenstore.pt\/cuidados-dos-olhos\/tudo-o-que-precisa-de-saber-sobre-a-conjuntivite","url":"https:\/\/www.lenstore.pt\/cuidados-dos-olhos\/tudo-o-que-precisa-de-saber-sobre-a-conjuntivite","name":"Tudo o que precisa de saber sobre a conjuntivite - Lenstore","isPartOf":{"@id":"https:\/\/www.lenstore.pt\/cuidados-dos-olhos\/#website"},"primaryImageOfPage":{"@id":"https:\/\/www.lenstore.pt\/cuidados-dos-olhos\/tudo-o-que-precisa-de-saber-sobre-a-conjuntivite#primaryimage"},"image":{"@id":"https:\/\/www.lenstore.pt\/cuidados-dos-olhos\/tudo-o-que-precisa-de-saber-sobre-a-conjuntivite#primaryimage"},"thumbnailUrl":"https:\/\/www.lenstore.pt\/cuidados-dos-olhos\/wp-content\/uploads\/sites\/17\/2020\/05\/Illustration-of-a-red-eye.jpg","datePublished":"2026-06-17T13:41:49+00:00","dateModified":"2026-06-17T14:11:59+00:00","breadcrumb":{"@id":"https:\/\/www.lenstore.pt\/cuidados-dos-olhos\/tudo-o-que-precisa-de-saber-sobre-a-conjuntivite#breadcrumb"},"inLanguage":"pt-PT","potentialAction":[{"@type":"ReadAction","target":["https:\/\/www.lenstore.pt\/cuidados-dos-olhos\/tudo-o-que-precisa-de-saber-sobre-a-conjuntivite"]}]},{"@type":"ImageObject","inLanguage":"pt-PT","@id":"https:\/\/www.lenstore.pt\/cuidados-dos-olhos\/tudo-o-que-precisa-de-saber-sobre-a-conjuntivite#primaryimage","url":"https:\/\/www.lenstore.pt\/cuidados-dos-olhos\/wp-content\/uploads\/sites\/17\/2020\/05\/Illustration-of-a-red-eye.jpg","contentUrl":"https:\/\/www.lenstore.pt\/cuidados-dos-olhos\/wp-content\/uploads\/sites\/17\/2020\/05\/Illustration-of-a-red-eye.jpg","width":1170,"height":600},{"@type":"BreadcrumbList","@id":"https:\/\/www.lenstore.pt\/cuidados-dos-olhos\/tudo-o-que-precisa-de-saber-sobre-a-conjuntivite#breadcrumb","itemListElement":[{"@type":"ListItem","position":1,"name":"Home","item":"https:\/\/www.lenstore.pt\/cuidados-dos-olhos\/"},{"@type":"ListItem","position":2,"name":"Tudo o que precisa de saber sobre a conjuntivite"}]},{"@type":"WebSite","@id":"https:\/\/www.lenstore.pt\/cuidados-dos-olhos\/#website","url":"https:\/\/www.lenstore.pt\/cuidados-dos-olhos\/","name":"Lenstore","description":"Guia para lentes de contacto | Sa\u00fade | Estilo de vida","publisher":{"@id":"https:\/\/www.lenstore.pt\/cuidados-dos-olhos\/#organization"},"potentialAction":[{"@type":"SearchAction","target":{"@type":"EntryPoint","urlTemplate":"https:\/\/www.lenstore.pt\/cuidados-dos-olhos\/?s={search_term_string}"},"query-input":{"@type":"PropertyValueSpecification","valueRequired":true,"valueName":"search_term_string"}}],"inLanguage":"pt-PT"},{"@type":"Organization","@id":"https:\/\/www.lenstore.pt\/#organization","name":"Lenstore","url":"https:\/\/www.lenstore.pt","logo":"https:\/\/www.lenstore.pt\/png\/lenstore-logo.png","image":"https:\/\/www.lenstore.pt\/png\/lenstore-logo.png","companyRegistration":"51990","contactPoint":{"@type":"ContactPoint","contactType":"customer service","email":"apoiocliente@lenstore.eu"}},{"@type":"Person","@id":"https:\/\/www.lenstore.pt\/cuidados-dos-olhos\/#\/schema\/person\/bd279f5a2d83991548987f26af65a636","name":"matthewhadwen","url":"https:\/\/www.lenstore.pt\/cuidados-dos-olhos\/author\/matthewhadwen"}]}},"jetpack_featured_media_url":"https:\/\/www.lenstore.pt\/cuidados-dos-olhos\/wp-content\/uploads\/sites\/17\/2020\/05\/Illustration-of-a-red-eye.jpg","order_on_store":null,"_links":{"self":[{"href":"https:\/\/www.lenstore.pt\/cuidados-dos-olhos\/wp-json\/wp\/v2\/posts\/8","targetHints":{"allow":["GET"]}}],"collection":[{"href":"https:\/\/www.lenstore.pt\/cuidados-dos-olhos\/wp-json\/wp\/v2\/posts"}],"about":[{"href":"https:\/\/www.lenstore.pt\/cuidados-dos-olhos\/wp-json\/wp\/v2\/types\/post"}],"author":[{"embeddable":true,"href":"https:\/\/www.lenstore.pt\/cuidados-dos-olhos\/wp-json\/wp\/v2\/users\/48"}],"replies":[{"embeddable":true,"href":"https:\/\/www.lenstore.pt\/cuidados-dos-olhos\/wp-json\/wp\/v2\/comments?post=8"}],"version-history":[{"count":2,"href":"https:\/\/www.lenstore.pt\/cuidados-dos-olhos\/wp-json\/wp\/v2\/posts\/8\/revisions"}],"predecessor-version":[{"id":1850,"href":"https:\/\/www.lenstore.pt\/cuidados-dos-olhos\/wp-json\/wp\/v2\/posts\/8\/revisions\/1850"}],"wp:featuredmedia":[{"embeddable":true,"href":"https:\/\/www.lenstore.pt\/cuidados-dos-olhos\/wp-json\/wp\/v2\/media\/150"}],"wp:attachment":[{"href":"https:\/\/www.lenstore.pt\/cuidados-dos-olhos\/wp-json\/wp\/v2\/media?parent=8"}],"wp:term":[{"taxonomy":"category","embeddable":true,"href":"https:\/\/www.lenstore.pt\/cuidados-dos-olhos\/wp-json\/wp\/v2\/categories?post=8"},{"taxonomy":"post_tag","embeddable":true,"href":"https:\/\/www.lenstore.pt\/cuidados-dos-olhos\/wp-json\/wp\/v2\/tags?post=8"}],"curies":[{"name":"wp","href":"https:\/\/api.w.org\/{rel}","templated":true}]}}