{"id":69,"date":"2026-06-17T14:40:52","date_gmt":"2026-06-17T13:40:52","guid":{"rendered":"https:\/\/www.lenstore.pt\/cuidados-dos-olhos\/?p=69"},"modified":"2026-08-18T15:20:00","modified_gmt":"2026-08-18T14:20:00","slug":"5-factos-sobre-a-cor-dos-olhos","status":"publish","type":"post","link":"https:\/\/www.lenstore.pt\/cuidados-dos-olhos\/5-factos-sobre-a-cor-dos-olhos","title":{"rendered":"5 factos sobre a cor dos olhos"},"content":{"rendered":"<figure class=\"wp-block-image size-large\"><img decoding=\"async\" loading=\"lazy\" width=\"770\" height=\"480\" src=\"https:\/\/www.lenstore.pt\/cuidados-dos-olhos\/wp-content\/uploads\/sites\/4\/2022\/10\/ff898254-4f18-4848-90d7-01d1612ffa1b.jpg\" alt=\"\" class=\"wp-image-732\" srcset=\"https:\/\/www.lenstore.pt\/cuidados-dos-olhos\/wp-content\/uploads\/sites\/17\/2022\/10\/ff898254-4f18-4848-90d7-01d1612ffa1b.jpg 770w, https:\/\/www.lenstore.pt\/cuidados-dos-olhos\/wp-content\/uploads\/sites\/17\/2022\/10\/ff898254-4f18-4848-90d7-01d1612ffa1b-300x187.jpg 300w, https:\/\/www.lenstore.pt\/cuidados-dos-olhos\/wp-content\/uploads\/sites\/17\/2022\/10\/ff898254-4f18-4848-90d7-01d1612ffa1b-768x479.jpg 768w\" sizes=\"auto, (max-width: 770px) 100vw, 770px\" \/><\/figure>\n<p>Incontaveis poetas e artistas romantizaram a cor dos olhos, mas a ci\u00eancia sugere que pode revelar muito mais do que pensamos.\u00a0<\/p>\n<p>H\u00e1 estudos que demonstram que a cor dos olhos pode dizer muito sobre a nossa sa\u00fade, e alguns at\u00e9 a associam a tra\u00e7os de personalidade. Para saber um pouco mais sobre o assunto, pergunt\u00e1mos ao nosso optometrista na Lenstore, Roshni, para conhecer melhor o significado por detr\u00e1s da cor dos olhos.\u00a0<\/p>\n<h2 class=\"wp-block-heading has-larger-font-size\">FACTO: Todos os olhos humanos s\u00e3o castanhos\u00a0<\/h2>\n<figure class=\"wp-block-image size-large\"><img decoding=\"async\" loading=\"lazy\" width=\"770\" height=\"220\" src=\"https:\/\/www.lenstore.pt\/cuidados-dos-olhos\/wp-content\/uploads\/sites\/4\/2022\/10\/lentilles_yeux_marron.png\" alt=\"\" class=\"wp-image-733\" srcset=\"https:\/\/www.lenstore.pt\/cuidados-dos-olhos\/wp-content\/uploads\/sites\/17\/2022\/10\/lentilles_yeux_marron.png 770w, https:\/\/www.lenstore.pt\/cuidados-dos-olhos\/wp-content\/uploads\/sites\/17\/2022\/10\/lentilles_yeux_marron-300x86.png 300w, https:\/\/www.lenstore.pt\/cuidados-dos-olhos\/wp-content\/uploads\/sites\/17\/2022\/10\/lentilles_yeux_marron-768x219.png 768w\" sizes=\"auto, (max-width: 770px) 100vw, 770px\" \/><\/figure>\n<p>Os nossos olhos parecem ter v\u00e1rias tonalidades de azul, verde ou mel, mas estes pigmentos realmente n\u00e3o est\u00e3o presentes no olho humano. Ent\u00e3o, o que confere a cor ao olho?\u00a0<\/p>\n<p>Tudo depende da quantidade de melanina presente na \u00edris (o anel de cor que rodeia a pupila). Quanto mais melanina houver na \u00edris, mais escura \u00e9 a cor do olho.\u00a0<\/p>\n<p>A cor dos olhos tamb\u00e9m depende de como a luz se dispersa quando passa pelo olho. A melanina absorve a luz e evita que seja projetada na superf\u00edcie do olho, conferindo uma maior claridade a um olho escuro.\u00a0<\/p>\n<p>O oposto acontece com os olhos claros. Os olhos azul-ceu t\u00eam quantidades mais pequenas de melanina, por isso o olho projeta mais luz. Este processo \u00e9 chamado de efeito Tyndall, um fen\u00f3meno semelhante ao que faz o c\u00e9u parecer azul.\u00a0<\/p>\n<h2 class=\"wp-block-heading has-larger-font-size\">FACTO: Os olhos azuis s\u00e3o mais sens\u00edveis \u00e0 luz\u00a0<\/h2>\n<figure class=\"wp-block-image size-large\"><img decoding=\"async\" loading=\"lazy\" width=\"770\" height=\"220\" src=\"https:\/\/www.lenstore.pt\/cuidados-dos-olhos\/wp-content\/uploads\/sites\/4\/2022\/10\/soins_des_yeux.png\" alt=\"\" class=\"wp-image-734\" srcset=\"https:\/\/www.lenstore.pt\/cuidados-dos-olhos\/wp-content\/uploads\/sites\/17\/2022\/10\/soins_des_yeux.png 770w, https:\/\/www.lenstore.pt\/cuidados-dos-olhos\/wp-content\/uploads\/sites\/17\/2022\/10\/soins_des_yeux-300x86.png 300w, https:\/\/www.lenstore.pt\/cuidados-dos-olhos\/wp-content\/uploads\/sites\/17\/2022\/10\/soins_des_yeux-768x219.png 768w\" sizes=\"auto, (max-width: 770px) 100vw, 770px\" \/><\/figure>\n<p>A melanina atua como uma esp\u00e9cie de protetor solar, pois bloqueia os raios UVA. Uma vez que os olhos azuis cont\u00eaem menos melanina, tendem a ser mais sens\u00edveis \u00e0 luz e mais suscet\u00edveis aos efeitos nocivos dos raios UVA.\u00a0<\/p>\n<p>H\u00e1 estudos que sugerem que pessoas com olhos claros podem ter maior tend\u00eancia a desenvolver degeneres\u00eancia macular relacionada com a idade. Independentemente da cor dos seus olhos, usar \u00f3culos de sol ajudar\u00e1 a proteg\u00ea-los do sol. Se usar lentes de contacto, as que t\u00eaem prote\u00e7\u00e3o contra os raios UVA oferecem uma camada extra de prote\u00e7\u00e3o.\u00a0<\/p>\n<h3 class=\"wp-block-heading\"><strong>MITO: As pessoas com olhos castanhos t\u00eam tempos de rea\u00e7\u00e3o mais r\u00e1pidos<\/strong>\u00a0<\/h3>\n<figure class=\"wp-block-gallery has-nested-images columns-default is-cropped wp-block-gallery-6 is-layout-flex wp-block-gallery-is-layout-flex\">\n<figure class=\"wp-block-image size-large\"><img decoding=\"async\" loading=\"lazy\" width=\"770\" height=\"220\" data-id=\"735\" src=\"https:\/\/www.lenstore.pt\/cuidados-dos-olhos\/wp-content\/uploads\/sites\/4\/2022\/10\/lentilles_vitesse_reaction.png\" alt=\"\" class=\"wp-image-735\" srcset=\"https:\/\/www.lenstore.pt\/cuidados-dos-olhos\/wp-content\/uploads\/sites\/17\/2022\/10\/lentilles_vitesse_reaction.png 770w, https:\/\/www.lenstore.pt\/cuidados-dos-olhos\/wp-content\/uploads\/sites\/17\/2022\/10\/lentilles_vitesse_reaction-300x86.png 300w, https:\/\/www.lenstore.pt\/cuidados-dos-olhos\/wp-content\/uploads\/sites\/17\/2022\/10\/lentilles_vitesse_reaction-768x219.png 768w\" sizes=\"auto, (max-width: 770px) 100vw, 770px\" \/><\/figure>\n<\/figure>\n<p>Existem algumas evid\u00eancias que sugerem que as pessoas com olhos castanhos t\u00eam tempos de rea\u00e7\u00e3o um pouco mais r\u00e1pidos em desportos como o boxe, o futebol e o basebol. Se tiver olhos azuis, pode ser melhor em atividades que pode realizar ao seu pr\u00f3prio ritmo, como o bowling ou o golfe. No entanto, \u00e9 necess\u00e1ria mais investiga\u00e7\u00e3o para validar estas teorias.\u00a0<\/p>\n<h2 class=\"wp-block-heading has-larger-font-size\">FACTO: A cor dos olhos muda com a idade\u00a0<\/h2>\n<figure class=\"wp-block-image size-large\"><img decoding=\"async\" loading=\"lazy\" width=\"770\" height=\"220\" src=\"https:\/\/www.lenstore.pt\/cuidados-dos-olhos\/wp-content\/uploads\/sites\/4\/2022\/10\/lentilles_tout_age.png\" alt=\"\" class=\"wp-image-736\" srcset=\"https:\/\/www.lenstore.pt\/cuidados-dos-olhos\/wp-content\/uploads\/sites\/17\/2022\/10\/lentilles_tout_age.png 770w, https:\/\/www.lenstore.pt\/cuidados-dos-olhos\/wp-content\/uploads\/sites\/17\/2022\/10\/lentilles_tout_age-300x86.png 300w, https:\/\/www.lenstore.pt\/cuidados-dos-olhos\/wp-content\/uploads\/sites\/17\/2022\/10\/lentilles_tout_age-768x219.png 768w\" sizes=\"auto, (max-width: 770px) 100vw, 770px\" \/><\/figure>\n<p>Para a maioria das pessoas, a cor dos olhos define-se por volta de um ano de idade. No entanto, cerca de quinze por cento da popula\u00e7\u00e3o caucs\u00f3sica experimenta uma mudan\u00e7a gradual na cor dos olhos numa fase posterior da vida.\u00a0\u00a0<\/p>\n<p>Uma mudan\u00e7a na tonalidade pode ser indicativa de algumas doen\u00e7as, como a s\u00edndrome de Horner ou o glaucoma pigmentar. A s\u00edndrome de Horner \u00e9 uma condi\u00e7\u00e3o rara causada por danos na cadeia de nervos respons\u00e1vel por dilatar a pupila e levantar a p\u00e1lpebra. Quem desenvolve esta s\u00edndrome pode ter uma \u00edris um pouco mais clara no olho afetado. O glaucoma pigmentar, por outro lado, normalmente faz com que a \u00edris pare\u00e7a mais escura. A mudan\u00e7a de cor deve-se ao desprendimento do pigmento. Al\u00e9m disso, algumas gotas para os olhos para o glaucoma tamb\u00e9m podem tornar o olho mais escuro.\u00a0<\/p>\n<p>Como acontece com muitas doen\u00e7as, \u00e9 melhor quando ambas as condi\u00e7\u00f5es s\u00e3o detetadas cedo. Por isso \u00e9 importante fazer controlos oculares regulares \u2013 mesmo que tenha uma vis\u00e3o 20\/20. No entanto, se notar mudan\u00e7as extremas na cor dos olhos, recomendamos que visite o seu \u00f3tico imediatamente.\u00a0<\/p>\n<h2 class=\"wp-block-heading has-larger-font-size\">Mito: A cor dos olhos pode mudar consoante o nosso humor\u00a0<\/h2>\n<figure class=\"wp-block-image size-large\"><img decoding=\"async\" loading=\"lazy\" width=\"770\" height=\"220\" src=\"https:\/\/www.lenstore.pt\/cuidados-dos-olhos\/wp-content\/uploads\/sites\/4\/2022\/10\/lentilles_humeur.png\" alt=\"\" class=\"wp-image-737\" srcset=\"https:\/\/www.lenstore.pt\/cuidados-dos-olhos\/wp-content\/uploads\/sites\/17\/2022\/10\/lentilles_humeur.png 770w, https:\/\/www.lenstore.pt\/cuidados-dos-olhos\/wp-content\/uploads\/sites\/17\/2022\/10\/lentilles_humeur-300x86.png 300w, https:\/\/www.lenstore.pt\/cuidados-dos-olhos\/wp-content\/uploads\/sites\/17\/2022\/10\/lentilles_humeur-768x219.png 768w\" sizes=\"auto, (max-width: 770px) 100vw, 770px\" \/><\/figure>\n<p>A cor dos olhos n\u00e3o tem de mudar com o nosso humor. As \u00edris funcionam como os obturadores das c\u00e2maras: expandem-se e contraem-se para permitir que as pupilas cres\u00e7am ou diminuam para uma vis\u00e3o \u00f3tima. Muito disso depende da quantidade de luz que entra no olho \u2013 quanto mais escura estiver uma divis\u00e3o, mais dilatada estar\u00e1 a pupila. Os nossos olhos tamb\u00e9m se alargam em resposta a certas emo\u00e7\u00f5es, como o medo ou a alegria, o que pode fazer com que os olhos pare\u00e7am mais escuros.\u00a0<\/p>\n<p>Gostaria de experimentar um novo look? A forma mais f\u00e1cil e segura de alterar temporariamente a cor dos seus olhos \u00e9 com lentes de contacto coloridas. D\u00ea uma vista de olhos ao nosso guia \u00fatil sobre como encontrar o par perfeito para cada ocasi\u00e3o.\u00a0<\/p>\n<h2 class=\"wp-block-heading has-larger-font-size\">A palavra final\u00a0<\/h2>\n<p>A cor dos olhos pode revelar muitas coisas, desde o qu\u00e3o suscet\u00edveis somos a certas condi\u00e7\u00f5es at\u00e9 qu\u00e3o r\u00e1pidos somos em certos desportos. Embora a maioria dos estudos se baseie em amostras pequenas, estas descobertas abriram o caminho a descobertas mais interessantes nesta \u00e1rea.\u00a0<\/p>\n<p>Se quiser experimentar ter uma cor de olhos diferente, ou mesmo realtar um visual ou um disfarce com olhos de cores diferentes, por que n\u00e3o dar uma vista de olhos \u00e0 nossa ampla gama de <a href=\"https:\/\/www.lenstore.pt\/b345\/lentes-de-contacto-coloridas\" target=\"_blank\" rel=\"noreferrer noopener\">lentes de contacto coloridas<\/a>. Esta \u00e9 a sua oportunidade de ver como vive a outra metade!\u00a0<\/p>\n","protected":false},"excerpt":{"rendered":"<p>Incontaveis poetas e artistas romantizaram a cor dos olhos, mas a ci\u00eancia sugere que pode [&hellip;]<\/p>\n","protected":false},"author":48,"featured_media":732,"comment_status":"closed","ping_status":"open","sticky":false,"template":"","format":"standard","meta":{"footnotes":""},"categories":[2],"tags":[],"class_list":["post-69","post","type-post","status-publish","format-standard","has-post-thumbnail","hentry","category-curiosidade-e-diversao"],"yoast_head":"<!-- This site is optimized with the Yoast SEO plugin v28.0 - https:\/\/yoast.com\/product\/yoast-seo-wordpress\/ -->\n<title>5 factos sobre a cor dos olhos - Lenstore<\/title>\n<meta name=\"robots\" content=\"index, follow, max-snippet:-1, max-image-preview:large, max-video-preview:-1\" \/>\n<link rel=\"canonical\" href=\"https:\/\/www.lenstore.pt\/cuidados-dos-olhos\/5-factos-sobre-a-cor-dos-olhos\" \/>\n<meta property=\"og:locale\" content=\"pt_PT\" \/>\n<meta property=\"og:type\" content=\"article\" \/>\n<meta property=\"og:title\" content=\"5 factos sobre a cor dos olhos - Lenstore\" \/>\n<meta property=\"og:description\" content=\"Incontaveis poetas e artistas romantizaram a cor dos olhos, mas a ci\u00eancia sugere que pode [&hellip;]\" \/>\n<meta property=\"og:url\" content=\"https:\/\/www.lenstore.pt\/cuidados-dos-olhos\/5-factos-sobre-a-cor-dos-olhos\" \/>\n<meta property=\"og:site_name\" content=\"Lenstore\" \/>\n<meta property=\"article:published_time\" content=\"2026-06-17T13:40:52+00:00\" \/>\n<meta property=\"article:modified_time\" content=\"2026-08-18T14:20:00+00:00\" \/>\n<meta property=\"og:image\" content=\"https:\/\/www.lenstore.pt\/cuidados-dos-olhos\/wp-content\/uploads\/sites\/17\/2022\/10\/ff898254-4f18-4848-90d7-01d1612ffa1b.jpg\" \/>\n\t<meta property=\"og:image:width\" content=\"770\" \/>\n\t<meta property=\"og:image:height\" content=\"480\" \/>\n\t<meta property=\"og:image:type\" content=\"image\/jpeg\" \/>\n<meta name=\"author\" content=\"matthewhadwen\" \/>\n<meta name=\"twitter:card\" content=\"summary_large_image\" \/>\n<meta name=\"twitter:label1\" content=\"Escrito por\" \/>\n\t<meta name=\"twitter:data1\" content=\"matthewhadwen\" \/>\n\t<meta name=\"twitter:label2\" content=\"Tempo estimado de leitura\" \/>\n\t<meta name=\"twitter:data2\" content=\"4 minutos\" \/>\n<script type=\"application\/ld+json\" class=\"yoast-schema-graph\">{\"@context\":\"https:\\\/\\\/schema.org\",\"@graph\":[{\"@type\":\"Article\",\"@id\":\"https:\\\/\\\/www.lenstore.pt\\\/cuidados-dos-olhos\\\/5-factos-sobre-a-cor-dos-olhos#article\",\"isPartOf\":{\"@id\":\"https:\\\/\\\/www.lenstore.pt\\\/cuidados-dos-olhos\\\/5-factos-sobre-a-cor-dos-olhos\"},\"author\":{\"name\":\"matthewhadwen\",\"@id\":\"https:\\\/\\\/www.lenstore.pt\\\/cuidados-dos-olhos\\\/#\\\/schema\\\/person\\\/bd279f5a2d83991548987f26af65a636\"},\"headline\":\"5 factos sobre a cor dos olhos\",\"datePublished\":\"2026-06-17T13:40:52+00:00\",\"dateModified\":\"2026-08-18T14:20:00+00:00\",\"mainEntityOfPage\":{\"@id\":\"https:\\\/\\\/www.lenstore.pt\\\/cuidados-dos-olhos\\\/5-factos-sobre-a-cor-dos-olhos\"},\"wordCount\":891,\"publisher\":{\"@id\":\"https:\\\/\\\/www.lenstore.pt\\\/cuidados-dos-olhos\\\/#organization\"},\"image\":{\"@id\":\"https:\\\/\\\/www.lenstore.pt\\\/cuidados-dos-olhos\\\/5-factos-sobre-a-cor-dos-olhos#primaryimage\"},\"thumbnailUrl\":\"https:\\\/\\\/www.lenstore.pt\\\/cuidados-dos-olhos\\\/wp-content\\\/uploads\\\/sites\\\/17\\\/2022\\\/10\\\/ff898254-4f18-4848-90d7-01d1612ffa1b.jpg\",\"articleSection\":[\"Curiosidade e divers\u00e3o\"],\"inLanguage\":\"pt-PT\"},{\"@type\":\"WebPage\",\"@id\":\"https:\\\/\\\/www.lenstore.pt\\\/cuidados-dos-olhos\\\/5-factos-sobre-a-cor-dos-olhos\",\"url\":\"https:\\\/\\\/www.lenstore.pt\\\/cuidados-dos-olhos\\\/5-factos-sobre-a-cor-dos-olhos\",\"name\":\"5 factos sobre a cor dos olhos - Lenstore\",\"isPartOf\":{\"@id\":\"https:\\\/\\\/www.lenstore.pt\\\/cuidados-dos-olhos\\\/#website\"},\"primaryImageOfPage\":{\"@id\":\"https:\\\/\\\/www.lenstore.pt\\\/cuidados-dos-olhos\\\/5-factos-sobre-a-cor-dos-olhos#primaryimage\"},\"image\":{\"@id\":\"https:\\\/\\\/www.lenstore.pt\\\/cuidados-dos-olhos\\\/5-factos-sobre-a-cor-dos-olhos#primaryimage\"},\"thumbnailUrl\":\"https:\\\/\\\/www.lenstore.pt\\\/cuidados-dos-olhos\\\/wp-content\\\/uploads\\\/sites\\\/17\\\/2022\\\/10\\\/ff898254-4f18-4848-90d7-01d1612ffa1b.jpg\",\"datePublished\":\"2026-06-17T13:40:52+00:00\",\"dateModified\":\"2026-08-18T14:20:00+00:00\",\"breadcrumb\":{\"@id\":\"https:\\\/\\\/www.lenstore.pt\\\/cuidados-dos-olhos\\\/5-factos-sobre-a-cor-dos-olhos#breadcrumb\"},\"inLanguage\":\"pt-PT\",\"potentialAction\":[{\"@type\":\"ReadAction\",\"target\":[\"https:\\\/\\\/www.lenstore.pt\\\/cuidados-dos-olhos\\\/5-factos-sobre-a-cor-dos-olhos\"]}]},{\"@type\":\"ImageObject\",\"inLanguage\":\"pt-PT\",\"@id\":\"https:\\\/\\\/www.lenstore.pt\\\/cuidados-dos-olhos\\\/5-factos-sobre-a-cor-dos-olhos#primaryimage\",\"url\":\"https:\\\/\\\/www.lenstore.pt\\\/cuidados-dos-olhos\\\/wp-content\\\/uploads\\\/sites\\\/17\\\/2022\\\/10\\\/ff898254-4f18-4848-90d7-01d1612ffa1b.jpg\",\"contentUrl\":\"https:\\\/\\\/www.lenstore.pt\\\/cuidados-dos-olhos\\\/wp-content\\\/uploads\\\/sites\\\/17\\\/2022\\\/10\\\/ff898254-4f18-4848-90d7-01d1612ffa1b.jpg\",\"width\":770,\"height\":480},{\"@type\":\"BreadcrumbList\",\"@id\":\"https:\\\/\\\/www.lenstore.pt\\\/cuidados-dos-olhos\\\/5-factos-sobre-a-cor-dos-olhos#breadcrumb\",\"itemListElement\":[{\"@type\":\"ListItem\",\"position\":1,\"name\":\"Home\",\"item\":\"https:\\\/\\\/www.lenstore.pt\\\/cuidados-dos-olhos\\\/\"},{\"@type\":\"ListItem\",\"position\":2,\"name\":\"5 factos sobre a cor dos olhos\"}]},{\"@type\":\"WebSite\",\"@id\":\"https:\\\/\\\/www.lenstore.pt\\\/cuidados-dos-olhos\\\/#website\",\"url\":\"https:\\\/\\\/www.lenstore.pt\\\/cuidados-dos-olhos\\\/\",\"name\":\"Lenstore\",\"description\":\"Guia para lentes de contacto | Sa\u00fade | Estilo de vida\",\"publisher\":{\"@id\":\"https:\\\/\\\/www.lenstore.pt\\\/cuidados-dos-olhos\\\/#organization\"},\"potentialAction\":[{\"@type\":\"SearchAction\",\"target\":{\"@type\":\"EntryPoint\",\"urlTemplate\":\"https:\\\/\\\/www.lenstore.pt\\\/cuidados-dos-olhos\\\/?s={search_term_string}\"},\"query-input\":{\"@type\":\"PropertyValueSpecification\",\"valueRequired\":true,\"valueName\":\"search_term_string\"}}],\"inLanguage\":\"pt-PT\"},{\"@type\":\"Organization\",\"@id\":\"https:\\\/\\\/www.lenstore.pt\\\/#organization\",\"name\":\"Lenstore\",\"url\":\"https:\\\/\\\/www.lenstore.pt\",\"logo\":\"https:\\\/\\\/www.lenstore.pt\\\/png\\\/lenstore-logo.png\",\"image\":\"https:\\\/\\\/www.lenstore.pt\\\/png\\\/lenstore-logo.png\",\"companyRegistration\":\"51990\",\"contactPoint\":{\"@type\":\"ContactPoint\",\"contactType\":\"customer service\",\"email\":\"apoiocliente@lenstore.eu\"}},{\"@type\":\"Person\",\"@id\":\"https:\\\/\\\/www.lenstore.pt\\\/cuidados-dos-olhos\\\/#\\\/schema\\\/person\\\/bd279f5a2d83991548987f26af65a636\",\"name\":\"matthewhadwen\",\"url\":\"https:\\\/\\\/www.lenstore.pt\\\/cuidados-dos-olhos\\\/author\\\/matthewhadwen\"}]}<\/script>\n<!-- \/ Yoast SEO plugin. -->","yoast_head_json":{"title":"5 factos sobre a cor dos olhos - Lenstore","robots":{"index":"index","follow":"follow","max-snippet":"max-snippet:-1","max-image-preview":"max-image-preview:large","max-video-preview":"max-video-preview:-1"},"canonical":"https:\/\/www.lenstore.pt\/cuidados-dos-olhos\/5-factos-sobre-a-cor-dos-olhos","og_locale":"pt_PT","og_type":"article","og_title":"5 factos sobre a cor dos olhos - Lenstore","og_description":"Incontaveis poetas e artistas romantizaram a cor dos olhos, mas a ci\u00eancia sugere que pode [&hellip;]","og_url":"https:\/\/www.lenstore.pt\/cuidados-dos-olhos\/5-factos-sobre-a-cor-dos-olhos","og_site_name":"Lenstore","article_published_time":"2026-06-17T13:40:52+00:00","article_modified_time":"2026-08-18T14:20:00+00:00","og_image":[{"width":770,"height":480,"url":"https:\/\/www.lenstore.pt\/cuidados-dos-olhos\/wp-content\/uploads\/sites\/17\/2022\/10\/ff898254-4f18-4848-90d7-01d1612ffa1b.jpg","type":"image\/jpeg"}],"author":"matthewhadwen","twitter_card":"summary_large_image","twitter_misc":{"Escrito por":"matthewhadwen","Tempo estimado de leitura":"4 minutos"},"schema":{"@context":"https:\/\/schema.org","@graph":[{"@type":"Article","@id":"https:\/\/www.lenstore.pt\/cuidados-dos-olhos\/5-factos-sobre-a-cor-dos-olhos#article","isPartOf":{"@id":"https:\/\/www.lenstore.pt\/cuidados-dos-olhos\/5-factos-sobre-a-cor-dos-olhos"},"author":{"name":"matthewhadwen","@id":"https:\/\/www.lenstore.pt\/cuidados-dos-olhos\/#\/schema\/person\/bd279f5a2d83991548987f26af65a636"},"headline":"5 factos sobre a cor dos olhos","datePublished":"2026-06-17T13:40:52+00:00","dateModified":"2026-08-18T14:20:00+00:00","mainEntityOfPage":{"@id":"https:\/\/www.lenstore.pt\/cuidados-dos-olhos\/5-factos-sobre-a-cor-dos-olhos"},"wordCount":891,"publisher":{"@id":"https:\/\/www.lenstore.pt\/cuidados-dos-olhos\/#organization"},"image":{"@id":"https:\/\/www.lenstore.pt\/cuidados-dos-olhos\/5-factos-sobre-a-cor-dos-olhos#primaryimage"},"thumbnailUrl":"https:\/\/www.lenstore.pt\/cuidados-dos-olhos\/wp-content\/uploads\/sites\/17\/2022\/10\/ff898254-4f18-4848-90d7-01d1612ffa1b.jpg","articleSection":["Curiosidade e divers\u00e3o"],"inLanguage":"pt-PT"},{"@type":"WebPage","@id":"https:\/\/www.lenstore.pt\/cuidados-dos-olhos\/5-factos-sobre-a-cor-dos-olhos","url":"https:\/\/www.lenstore.pt\/cuidados-dos-olhos\/5-factos-sobre-a-cor-dos-olhos","name":"5 factos sobre a cor dos olhos - Lenstore","isPartOf":{"@id":"https:\/\/www.lenstore.pt\/cuidados-dos-olhos\/#website"},"primaryImageOfPage":{"@id":"https:\/\/www.lenstore.pt\/cuidados-dos-olhos\/5-factos-sobre-a-cor-dos-olhos#primaryimage"},"image":{"@id":"https:\/\/www.lenstore.pt\/cuidados-dos-olhos\/5-factos-sobre-a-cor-dos-olhos#primaryimage"},"thumbnailUrl":"https:\/\/www.lenstore.pt\/cuidados-dos-olhos\/wp-content\/uploads\/sites\/17\/2022\/10\/ff898254-4f18-4848-90d7-01d1612ffa1b.jpg","datePublished":"2026-06-17T13:40:52+00:00","dateModified":"2026-08-18T14:20:00+00:00","breadcrumb":{"@id":"https:\/\/www.lenstore.pt\/cuidados-dos-olhos\/5-factos-sobre-a-cor-dos-olhos#breadcrumb"},"inLanguage":"pt-PT","potentialAction":[{"@type":"ReadAction","target":["https:\/\/www.lenstore.pt\/cuidados-dos-olhos\/5-factos-sobre-a-cor-dos-olhos"]}]},{"@type":"ImageObject","inLanguage":"pt-PT","@id":"https:\/\/www.lenstore.pt\/cuidados-dos-olhos\/5-factos-sobre-a-cor-dos-olhos#primaryimage","url":"https:\/\/www.lenstore.pt\/cuidados-dos-olhos\/wp-content\/uploads\/sites\/17\/2022\/10\/ff898254-4f18-4848-90d7-01d1612ffa1b.jpg","contentUrl":"https:\/\/www.lenstore.pt\/cuidados-dos-olhos\/wp-content\/uploads\/sites\/17\/2022\/10\/ff898254-4f18-4848-90d7-01d1612ffa1b.jpg","width":770,"height":480},{"@type":"BreadcrumbList","@id":"https:\/\/www.lenstore.pt\/cuidados-dos-olhos\/5-factos-sobre-a-cor-dos-olhos#breadcrumb","itemListElement":[{"@type":"ListItem","position":1,"name":"Home","item":"https:\/\/www.lenstore.pt\/cuidados-dos-olhos\/"},{"@type":"ListItem","position":2,"name":"5 factos sobre a cor dos olhos"}]},{"@type":"WebSite","@id":"https:\/\/www.lenstore.pt\/cuidados-dos-olhos\/#website","url":"https:\/\/www.lenstore.pt\/cuidados-dos-olhos\/","name":"Lenstore","description":"Guia para lentes de contacto | Sa\u00fade | Estilo de vida","publisher":{"@id":"https:\/\/www.lenstore.pt\/cuidados-dos-olhos\/#organization"},"potentialAction":[{"@type":"SearchAction","target":{"@type":"EntryPoint","urlTemplate":"https:\/\/www.lenstore.pt\/cuidados-dos-olhos\/?s={search_term_string}"},"query-input":{"@type":"PropertyValueSpecification","valueRequired":true,"valueName":"search_term_string"}}],"inLanguage":"pt-PT"},{"@type":"Organization","@id":"https:\/\/www.lenstore.pt\/#organization","name":"Lenstore","url":"https:\/\/www.lenstore.pt","logo":"https:\/\/www.lenstore.pt\/png\/lenstore-logo.png","image":"https:\/\/www.lenstore.pt\/png\/lenstore-logo.png","companyRegistration":"51990","contactPoint":{"@type":"ContactPoint","contactType":"customer service","email":"apoiocliente@lenstore.eu"}},{"@type":"Person","@id":"https:\/\/www.lenstore.pt\/cuidados-dos-olhos\/#\/schema\/person\/bd279f5a2d83991548987f26af65a636","name":"matthewhadwen","url":"https:\/\/www.lenstore.pt\/cuidados-dos-olhos\/author\/matthewhadwen"}]}},"jetpack_featured_media_url":"https:\/\/www.lenstore.pt\/cuidados-dos-olhos\/wp-content\/uploads\/sites\/17\/2022\/10\/ff898254-4f18-4848-90d7-01d1612ffa1b.jpg","order_on_store":null,"_links":{"self":[{"href":"https:\/\/www.lenstore.pt\/cuidados-dos-olhos\/wp-json\/wp\/v2\/posts\/69","targetHints":{"allow":["GET"]}}],"collection":[{"href":"https:\/\/www.lenstore.pt\/cuidados-dos-olhos\/wp-json\/wp\/v2\/posts"}],"about":[{"href":"https:\/\/www.lenstore.pt\/cuidados-dos-olhos\/wp-json\/wp\/v2\/types\/post"}],"author":[{"embeddable":true,"href":"https:\/\/www.lenstore.pt\/cuidados-dos-olhos\/wp-json\/wp\/v2\/users\/48"}],"replies":[{"embeddable":true,"href":"https:\/\/www.lenstore.pt\/cuidados-dos-olhos\/wp-json\/wp\/v2\/comments?post=69"}],"version-history":[{"count":3,"href":"https:\/\/www.lenstore.pt\/cuidados-dos-olhos\/wp-json\/wp\/v2\/posts\/69\/revisions"}],"predecessor-version":[{"id":1985,"href":"https:\/\/www.lenstore.pt\/cuidados-dos-olhos\/wp-json\/wp\/v2\/posts\/69\/revisions\/1985"}],"wp:featuredmedia":[{"embeddable":true,"href":"https:\/\/www.lenstore.pt\/cuidados-dos-olhos\/wp-json\/wp\/v2\/media\/732"}],"wp:attachment":[{"href":"https:\/\/www.lenstore.pt\/cuidados-dos-olhos\/wp-json\/wp\/v2\/media?parent=69"}],"wp:term":[{"taxonomy":"category","embeddable":true,"href":"https:\/\/www.lenstore.pt\/cuidados-dos-olhos\/wp-json\/wp\/v2\/categories?post=69"},{"taxonomy":"post_tag","embeddable":true,"href":"https:\/\/www.lenstore.pt\/cuidados-dos-olhos\/wp-json\/wp\/v2\/tags?post=69"}],"curies":[{"name":"wp","href":"https:\/\/api.w.org\/{rel}","templated":true}]}}