{"id":68,"date":"2026-06-17T14:40:52","date_gmt":"2026-06-17T13:40:52","guid":{"rendered":"https:\/\/www.lenstore.pt\/cuidados-dos-olhos\/?p=68"},"modified":"2026-06-17T15:14:03","modified_gmt":"2026-06-17T14:14:03","slug":"o-que-e-a-degenerescencia-macular","status":"publish","type":"post","link":"https:\/\/www.lenstore.pt\/cuidados-dos-olhos\/o-que-e-a-degenerescencia-macular","title":{"rendered":"O que \u00e9 a degeneres\u00eancia macular?"},"content":{"rendered":"<figure class=\"wp-block-image size-large\"><img loading=\"lazy\" decoding=\"async\" width=\"770\" height=\"480\" src=\"https:\/\/www.lenstore.pt\/cuidados-dos-olhos\/wp-content\/uploads\/sites\/4\/2022\/09\/Macular-Degeneration-viewpoint.jpg\" alt=\"\" class=\"wp-image-725\" srcset=\"https:\/\/www.lenstore.pt\/cuidados-dos-olhos\/wp-content\/uploads\/sites\/4\/2022\/09\/Macular-Degeneration-viewpoint.jpg 770w, https:\/\/www.lenstore.pt\/cuidados-dos-olhos\/wp-content\/uploads\/sites\/4\/2022\/09\/Macular-Degeneration-viewpoint-300x187.jpg 300w, https:\/\/www.lenstore.pt\/cuidados-dos-olhos\/wp-content\/uploads\/sites\/4\/2022\/09\/Macular-Degeneration-viewpoint-768x479.jpg 768w\" sizes=\"auto, (max-width: 770px) 100vw, 770px\" \/><\/figure>\n<p>A degeneres\u00eancia macular \u00e9 uma das principais causas de perda de vis\u00e3o em Portugal. Segundo a Funda\u00e7\u00e3o Macular de Barcelona, esta patologia ocular afeta mais de 700.000 pessoas (1,5% da popula\u00e7\u00e3o espanhola) e normalmente ocorre \u00e0 medida que envelhecemos.<\/p>\n<figure class=\"wp-block-gallery has-nested-images columns-default is-cropped wp-block-gallery-7 is-layout-flex wp-block-gallery-is-layout-flex\">\n<figure class=\"wp-block-image size-large\"><img loading=\"lazy\" decoding=\"async\" width=\"968\" height=\"1024\" data-id=\"727\" src=\"https:\/\/www.lenstore.pt\/cuidados-dos-olhos\/wp-content\/uploads\/sites\/4\/2022\/09\/ES-macular-degeneration-diagram-968x1024.jpg\" alt=\"\" class=\"wp-image-727\" srcset=\"https:\/\/www.lenstore.pt\/cuidados-dos-olhos\/wp-content\/uploads\/sites\/4\/2022\/09\/ES-macular-degeneration-diagram-968x1024.jpg 968w, https:\/\/www.lenstore.pt\/cuidados-dos-olhos\/wp-content\/uploads\/sites\/4\/2022\/09\/ES-macular-degeneration-diagram-284x300.jpg 284w, https:\/\/www.lenstore.pt\/cuidados-dos-olhos\/wp-content\/uploads\/sites\/4\/2022\/09\/ES-macular-degeneration-diagram-768x813.jpg 768w, https:\/\/www.lenstore.pt\/cuidados-dos-olhos\/wp-content\/uploads\/sites\/4\/2022\/09\/ES-macular-degeneration-diagram.jpg 1000w\" sizes=\"auto, (max-width: 968px) 100vw, 968px\" \/><\/figure>\n<\/figure>\n<h2 class=\"wp-block-heading has-larger-font-size\">O que \u00e9 a degeneres\u00eancia macular?\u00a0\u00a0<\/h2>\n<p>A degeneres\u00eancia macular relacionada com a idade (AMD, na sigla inglesa) \u00e9 uma <a href=\"https:\/\/www.lenstore.co.uk\/eyecare\/common-eye-problems\" target=\"_blank\" rel=\"noreferrer noopener\">doen\u00e7a ocular<\/a> que resulta na perda de vis\u00e3o central com o passar do tempo. A m\u00e1cula \u00e9 uma parte do olho que cont\u00e9m c\u00f3nes, c\u00e9lulas fotossens\u00edveis que detetam a luz e s\u00e3o respons\u00e1veis pela vis\u00e3o central. A degeneres\u00eancia macular ocorre quando estas c\u00e9lulas come\u00e7am a deixar de funcionar. Isto pode resultar em vis\u00e3o turva, percepcionar cores apagadas e dificuldade em reconhecer rostos.\u00a0<\/p>\n<h2 class=\"wp-block-heading has-larger-font-size\">Quem tem mais probabilidade de sofrer de degeneres\u00eancia macular?\u00a0<\/h2>\n<p>Normalmente, \u00e9 mais prov\u00e1vel que as mulheres sofram de AMD, embora n\u00e3o se saiba muito bem porqu\u00ea. Tamb\u00e9m ocorre mais em pessoas mais velhas, e estima-se mesmo que 10% das pessoas com mais de 65 anos sofrem de algum tipo de AMD.\u00a0<\/p>\n<h2 class=\"wp-block-heading has-larger-font-size\">Sintomas da degeneres\u00eancia macular\u00a0<\/h2>\n<p>Dependendo do tipo de degeneres\u00eancia macular, os sintomas podem surgir gradualmente ou ao longo de alguns dias. Pode notar alguma perda de vis\u00e3o central, o que dificultar\u00e1 ver objetos que estejam diretamente \u00e0 sua frente, mas poder\u00e1 manter uma boa vis\u00e3o perif\u00e9rica. Isto pode significar que quem sofre desta patologia acaba por ter um ponto cego permanente na sua vis\u00e3o central.\u00a0<\/p>\n<h2 class=\"wp-block-heading has-larger-font-size\">Degeneres\u00eancia macular seca relacionada com a idade\u00a0<\/h2>\n<p>A degeneres\u00eancia macular seca relacionada com a idade (DAMD, na sigla inglesa), ocorre pela acumula\u00e7\u00e3o de detritos ou prote\u00ednas gordas nos olhos chamadas drusas. Isto acontece geralmente quando envelhecemos, por isso a DAMD \u00e9 mais comum em pessoas mais velhas. Embora a nossa vis\u00e3o se deteriore gradualmente com o tempo, a DAMD resulta em degeneres\u00eancia macular h\u00fameda relacionada com a idade numa em cada 10 pessoas.\u00a0<\/p>\n<h2 class=\"wp-block-heading has-larger-font-size\">Degeneres\u00eancia macular h\u00fameda relacionada com a idade\u00a0<\/h2>\n<p>A degeneres\u00eancia macular h\u00fameda relacionada com a idade (WAMD, na sigla inglesa) \u00e9 uma condi\u00e7\u00e3o mais grave do que a DAMD e pode resultar em perda de vis\u00e3o em apenas alguns dias. Esta forma de degeneres\u00eancia macular ocorre quando crescem novas c\u00e9lulas sangu\u00edneas no olho para compensar a m\u00e1cula que n\u00e3o est\u00e1 a funcionar adequadamente. Estas c\u00e9lulas podem causar sangramento e forma\u00e7\u00e3o de cicatrizes, danificando gravemente a vis\u00e3o.<\/p>\n<h2 class=\"wp-block-heading has-larger-font-size\">Como reduzir o risco de sofrer degeneres\u00eancia macular relacionada com a idade\u00a0<\/h2>\n<p><strong>1) Deixar de fumar<\/strong>:\u00a0\u00a0<\/p>\n<p>Fumar \u00e9 um dos principais causadores de perda de vis\u00e3o devido \u00e0 AMD porque acelera a sua progress\u00e3o. Al\u00e9m disso, fumar aumenta o n\u00edvel de oxidantes encontrados na corrente sangu\u00ednea e nos olhos, o que torna o tratamento para a AMD menos eficaz.\u00a0\u00a0<\/p>\n<p><strong>2) Doen\u00e7as cardiovasculares e manter uma press\u00e3o arterial saud\u00e1vel\u00a0<\/strong>\u00a0<\/p>\n<p>Uma press\u00e3o arterial elevada (hipertens\u00e3o) promove a degeneres\u00eancia macular porque retira sangue da camada vascular do olho (a cor\u00f3ide). Isto pode fazer com que o olho n\u00e3o receba todo o oxig\u00eanio que deveria, o que aumenta o risco de desenvolver degeneres\u00eancia macular h\u00fameda relacionada com a idade e perda de vis\u00e3o central. A perda de oxig\u00eanio acelera a progress\u00e3o da AMD. Certifique-se de tomar corretamente os medicamentos que lhe foram prescritos para qualquer problema cardiovascular ou de press\u00e3o alta e siga as indica\u00e7\u00f5es do seu m\u00e9dico.\u00a0<\/p>\n<p><strong>3) Aumentar a quantidade de antioxidantes na sua dieta:<\/strong>\u00a0<\/p>\n<p>Se sofre de degeneres\u00eancia macular relacionada com a idade, a retina fica sens\u00edvel ao stress oxidativo (um processo pelo qual os radicais livres desestabilizam as mol\u00e9culas saud\u00e1veis, pois os eletr\u00f5es s\u00e3o substitu\u00eddos por oxig\u00eanio). As pessoas com AMD podem desenvolver stress oxidativo por todo o corpo. Com o tempo, o stress pode reduzir a capacidade do corpo de se livrar das c\u00e9lulas do olho que foram danificadas.\u00a0<\/p>\n<p>Os antioxidantes prev\u00eanem ou reduzem o dano causado pelos radicais livres ao fornecer-lhes eletr\u00f5es, evitando assim que as c\u00e9lulas saud\u00e1veis sejam danificadas. Uma dieta saud\u00e1vel com frutas e vegetais \u00e9 rica em vitaminas antioxidantes que reduzem o risco de desenvolver degeneres\u00eancia macular. Algumas investiga\u00e7\u00f5es do Instituto Nacional do Olho sugerem que um suplemento com uma mistura espec\u00edfica de antioxidantes e minerais pode abrandar ou parar a progress\u00e3o de uma AMD precoce ou intermedi\u00e1ria se consumido diariamente.\u00a0\u00a0<\/p>\n<p><strong>4) Reduzir o consumo de hidratos de carbono:<\/strong> consumir menos hidratos de carbono simples pode abrandar ou mesmo parar a progress\u00e3o da AMD. Consumir hidratos de carbono mais complexos \u00e9 uma das formas mais simples de reduzir o risco de AMD.\u00a0<\/p>\n<p>Hidratos de carbono bons que podem complementar a sua dieta:\u00a0<\/p>\n<ul class=\"wp-block-list\">\n<li>Cereais integrais\u00a0<\/li>\n<li>Alimentos ricos em fibra como frutas e vegetais\u00a0<\/li>\n<li>Feij\u00f5es e leguminosas\u00a0<\/li>\n<\/ul>\n<p>Hidratos de carbono simples a evitar:\u00a0<\/p>\n<ul class=\"wp-block-list\">\n<li>A\u00e7\u00facar processado\u00a0<\/li>\n<li>Bebidas gaseificadas ou a\u00e7ucaradas\u00a0<\/li>\n<li>Sumo de fruta\u00a0<\/li>\n<li>Produtos de pastelaria\u00a0<\/li>\n<\/ul>\n<ul class=\"wp-block-list\">\n<li>P\u00e3o branco\u00a0<\/li>\n<li>Gelado\u00a0<\/li>\n<li>Doces\u00a0<\/li>\n<li>Bolos, bolachas e cereais\u00a0<\/li>\n<\/ul>\n<p><strong>5) Incluir \u00e1cidos gordos \u00d3mega-3 na sua dieta:<\/strong>\u00a0<\/p>\n<p>Os \u00e1cidos gordos \u00d3mega-3 saud\u00e1veis podem reduzir o risco de desenvolver degeneres\u00eancia macular. Podem ser encontrados em peixes como o salm\u00e3o, o atum, a cavala, o arenque, o bacalhau e as sardinhas. Frutos secos como as nozes e sementes como as de linha\u00e7a, c\u00e2nhamo ou ch\u00eda tamb\u00e9m s\u00e3o ricos em \u00d3mega-3.\u00a0<\/p>\n<p><strong>6) Manter um peso saud\u00e1vel e fazer exerc\u00edcio regularmente:<\/strong>\u00a0<\/p>\n<p>Reduzir o n\u00famero de calorias ingeridas \u00e9 ideal para perder peso, mas tamb\u00e9m o \u00e9 aumentar o exerc\u00edcio que fazemos todos os dias.\u00a0<\/p>\n<p><strong>7) Usar prote\u00e7\u00e3o ocular \u2013 \u00f3culos de sol<\/strong>:\u00a0\u00a0<\/p>\n<p>A exposi\u00e7\u00e3o cont\u00ednua aos raios UVA do sol pode causar danos na retina, acelerar a progress\u00e3o da AMD e contribuir para a forma\u00e7\u00e3o de cataratas. Usar \u00f3culos de sol pode ajudar a reduzir esse risco. Para garantir uma prote\u00e7\u00e3o m\u00e1xima contra os raios UVA, os seus \u00f3culos de sol devem ter uma classifica\u00e7\u00e3o UVA 400. Os \u00f3culos de sol com classifica\u00e7\u00e3o UVA 400 reduzem a exposi\u00e7\u00e3o a estes raios nocivos em cerca de 99%.\u00a0<\/p>\n<p><strong>8) Controlos oculares regulares:<\/strong>\u00a0\u00a0<\/p>\n<p>\u00c0 medida que envelhecemos, os controlos oculares regulares devem tornar-se parte de uma rotina saud\u00e1vel de cuidado ocular. Fazer exames oculares regulares pode ajudar a identificar qualquer sintoma precoce de degeneres\u00eancia macular e alert\u00e1-lo para qualquer deteriora\u00e7\u00e3o da sua vis\u00e3o caso desenvolva AMD.\u00a0<\/p>\n<h2 class=\"wp-block-heading\">E a degeneres\u00eancia macular em pessoas mais jovens?\u00a0<\/h2>\n<p>Se tiver menos de 50 anos e estiver a desenvolver sintomas de degeneres\u00eancia macular, \u00e9 prov\u00e1vel que a causa seja um dist\u00farbio gen\u00e9tico. Algumas formas de degeneres\u00eancia macular que foram detetadas em pessoas mais jovens s\u00e3o a <a href=\"https:\/\/www.macula-retina.es\/la-enfermedad-de-best-una-rara-degeneracion-de-la-retina\/\" target=\"_blank\" rel=\"noreferrer noopener\">doen\u00e7a de Best<\/a>, a <a href=\"https:\/\/barcelonamaculafound.org\/es\/la-enfermedad-de-stargardt-afecta-a-personas-jovenes-que-han-de-enfrentarse-a-una-nueva-forma-de-vivir\/\" target=\"_blank\" rel=\"noreferrer noopener\">doen\u00e7a de Stargardt<\/a> e a <a href=\"https:\/\/areaoftalmologica.com\/retina\/degeneracion-macular\/miopica\/#:~:text=La%20degeneraci%C3%B3n%20macular%20mi%C3%B3pica%20es,p%C3%A9rdida%20de%20la%20agudeza%20visual\" target=\"_blank\" rel=\"noreferrer noopener\">degeneres\u00eancia macular mi\u00f3pica<\/a>.\u00a0\u00a0<\/p>\n<h2 class=\"wp-block-heading\">Como lidar com a AMD\u00a0<\/h2>\n<p>A perda de vis\u00e3o pode ser muito preocupante. Pode desejar procurar ajuda, aconselhamento ou apoio de funda\u00e7\u00f5es durante estes momentos dif\u00edceis. Embora possa sentir-se sozinho se sofrer desta patologia, n\u00e3o \u00e9 uma doen\u00e7a rara e tem muitas op\u00e7\u00f5es ao seu dispor. Os servi\u00e7os sociais na sua \u00e1rea podem orient\u00e1-lo em qualquer quest\u00e3o relacionada com mobilidade e existem muitas formas de tirar o m\u00e1ximo partido da vis\u00e3o que lhe resta.\u00a0<\/p>\n<p>A Lenstore \u00e9 uma das principais lojas online de lentes de contacto em Portugal. Oferecemos as marcas de lentes de contacto mais conhecidas a pre\u00e7os muito mais reduzidos do que nas lojas f\u00edsicas. Se quiser dar uma vista de olhos \u00e0 nossa <a href=\"https:\/\/www.lenstore.pt\/\" target=\"_blank\" rel=\"noreferrer noopener\">gama de lentes de contacto<\/a>, clique aqui para encontrar as que melhor se adaptam \u00e0s suas necessidades.\u00a0<\/p>\n","protected":false},"excerpt":{"rendered":"<p>A degeneres\u00eancia macular \u00e9 uma das principais causas de perda de vis\u00e3o em Portugal. Segundo [&hellip;]<\/p>\n","protected":false},"author":48,"featured_media":725,"comment_status":"closed","ping_status":"open","sticky":false,"template":"","format":"standard","meta":{"footnotes":""},"categories":[3],"tags":[],"class_list":["post-68","post","type-post","status-publish","format-standard","has-post-thumbnail","hentry","category-doencas-e-afecoes-dos-olhos"],"yoast_head":"<!-- This site is optimized with the Yoast SEO plugin v28.0 - https:\/\/yoast.com\/product\/yoast-seo-wordpress\/ -->\n<title>O que \u00e9 a degeneres\u00eancia macular? - Lenstore<\/title>\n<meta name=\"robots\" content=\"index, follow, max-snippet:-1, max-image-preview:large, max-video-preview:-1\" \/>\n<link rel=\"canonical\" href=\"https:\/\/www.lenstore.pt\/cuidados-dos-olhos\/o-que-e-a-degenerescencia-macular\" \/>\n<meta property=\"og:locale\" content=\"pt_PT\" \/>\n<meta property=\"og:type\" content=\"article\" \/>\n<meta property=\"og:title\" content=\"O que \u00e9 a degeneres\u00eancia macular? - Lenstore\" \/>\n<meta property=\"og:description\" content=\"A degeneres\u00eancia macular \u00e9 uma das principais causas de perda de vis\u00e3o em Portugal. Segundo [&hellip;]\" \/>\n<meta property=\"og:url\" content=\"https:\/\/www.lenstore.pt\/cuidados-dos-olhos\/o-que-e-a-degenerescencia-macular\" \/>\n<meta property=\"og:site_name\" content=\"Lenstore\" \/>\n<meta property=\"article:published_time\" content=\"2026-06-17T13:40:52+00:00\" \/>\n<meta property=\"article:modified_time\" content=\"2026-06-17T14:14:03+00:00\" \/>\n<meta property=\"og:image\" content=\"https:\/\/www.lenstore.pt\/cuidados-dos-olhos\/wp-content\/uploads\/sites\/17\/2022\/09\/Macular-Degeneration-viewpoint.jpg\" \/>\n\t<meta property=\"og:image:width\" content=\"770\" \/>\n\t<meta property=\"og:image:height\" content=\"480\" \/>\n\t<meta property=\"og:image:type\" content=\"image\/jpeg\" \/>\n<meta name=\"author\" content=\"matthewhadwen\" \/>\n<meta name=\"twitter:card\" content=\"summary_large_image\" \/>\n<meta name=\"twitter:label1\" content=\"Escrito por\" \/>\n\t<meta name=\"twitter:data1\" content=\"matthewhadwen\" \/>\n\t<meta name=\"twitter:label2\" content=\"Tempo estimado de leitura\" \/>\n\t<meta name=\"twitter:data2\" content=\"7 minutos\" \/>\n<script type=\"application\/ld+json\" class=\"yoast-schema-graph\">{\"@context\":\"https:\\\/\\\/schema.org\",\"@graph\":[{\"@type\":\"Article\",\"@id\":\"https:\\\/\\\/www.lenstore.pt\\\/cuidados-dos-olhos\\\/o-que-e-a-degenerescencia-macular#article\",\"isPartOf\":{\"@id\":\"https:\\\/\\\/www.lenstore.pt\\\/cuidados-dos-olhos\\\/o-que-e-a-degenerescencia-macular\"},\"author\":{\"name\":\"matthewhadwen\",\"@id\":\"https:\\\/\\\/www.lenstore.pt\\\/cuidados-dos-olhos\\\/#\\\/schema\\\/person\\\/bd279f5a2d83991548987f26af65a636\"},\"headline\":\"O que \u00e9 a degeneres\u00eancia macular?\",\"datePublished\":\"2026-06-17T13:40:52+00:00\",\"dateModified\":\"2026-06-17T14:14:03+00:00\",\"mainEntityOfPage\":{\"@id\":\"https:\\\/\\\/www.lenstore.pt\\\/cuidados-dos-olhos\\\/o-que-e-a-degenerescencia-macular\"},\"wordCount\":1308,\"publisher\":{\"@id\":\"https:\\\/\\\/www.lenstore.pt\\\/cuidados-dos-olhos\\\/#organization\"},\"image\":{\"@id\":\"https:\\\/\\\/www.lenstore.pt\\\/cuidados-dos-olhos\\\/o-que-e-a-degenerescencia-macular#primaryimage\"},\"thumbnailUrl\":\"https:\\\/\\\/www.lenstore.pt\\\/cuidados-dos-olhos\\\/wp-content\\\/uploads\\\/sites\\\/17\\\/2022\\\/09\\\/Macular-Degeneration-viewpoint.jpg\",\"articleSection\":[\"Doen\u00e7as e afe\u00e7\u00f5es dos olhos\"],\"inLanguage\":\"pt-PT\"},{\"@type\":\"WebPage\",\"@id\":\"https:\\\/\\\/www.lenstore.pt\\\/cuidados-dos-olhos\\\/o-que-e-a-degenerescencia-macular\",\"url\":\"https:\\\/\\\/www.lenstore.pt\\\/cuidados-dos-olhos\\\/o-que-e-a-degenerescencia-macular\",\"name\":\"O que \u00e9 a degeneres\u00eancia macular? - Lenstore\",\"isPartOf\":{\"@id\":\"https:\\\/\\\/www.lenstore.pt\\\/cuidados-dos-olhos\\\/#website\"},\"primaryImageOfPage\":{\"@id\":\"https:\\\/\\\/www.lenstore.pt\\\/cuidados-dos-olhos\\\/o-que-e-a-degenerescencia-macular#primaryimage\"},\"image\":{\"@id\":\"https:\\\/\\\/www.lenstore.pt\\\/cuidados-dos-olhos\\\/o-que-e-a-degenerescencia-macular#primaryimage\"},\"thumbnailUrl\":\"https:\\\/\\\/www.lenstore.pt\\\/cuidados-dos-olhos\\\/wp-content\\\/uploads\\\/sites\\\/17\\\/2022\\\/09\\\/Macular-Degeneration-viewpoint.jpg\",\"datePublished\":\"2026-06-17T13:40:52+00:00\",\"dateModified\":\"2026-06-17T14:14:03+00:00\",\"breadcrumb\":{\"@id\":\"https:\\\/\\\/www.lenstore.pt\\\/cuidados-dos-olhos\\\/o-que-e-a-degenerescencia-macular#breadcrumb\"},\"inLanguage\":\"pt-PT\",\"potentialAction\":[{\"@type\":\"ReadAction\",\"target\":[\"https:\\\/\\\/www.lenstore.pt\\\/cuidados-dos-olhos\\\/o-que-e-a-degenerescencia-macular\"]}]},{\"@type\":\"ImageObject\",\"inLanguage\":\"pt-PT\",\"@id\":\"https:\\\/\\\/www.lenstore.pt\\\/cuidados-dos-olhos\\\/o-que-e-a-degenerescencia-macular#primaryimage\",\"url\":\"https:\\\/\\\/www.lenstore.pt\\\/cuidados-dos-olhos\\\/wp-content\\\/uploads\\\/sites\\\/17\\\/2022\\\/09\\\/Macular-Degeneration-viewpoint.jpg\",\"contentUrl\":\"https:\\\/\\\/www.lenstore.pt\\\/cuidados-dos-olhos\\\/wp-content\\\/uploads\\\/sites\\\/17\\\/2022\\\/09\\\/Macular-Degeneration-viewpoint.jpg\",\"width\":770,\"height\":480},{\"@type\":\"BreadcrumbList\",\"@id\":\"https:\\\/\\\/www.lenstore.pt\\\/cuidados-dos-olhos\\\/o-que-e-a-degenerescencia-macular#breadcrumb\",\"itemListElement\":[{\"@type\":\"ListItem\",\"position\":1,\"name\":\"Home\",\"item\":\"https:\\\/\\\/www.lenstore.pt\\\/cuidados-dos-olhos\\\/\"},{\"@type\":\"ListItem\",\"position\":2,\"name\":\"O que \u00e9 a degeneres\u00eancia macular?\"}]},{\"@type\":\"WebSite\",\"@id\":\"https:\\\/\\\/www.lenstore.pt\\\/cuidados-dos-olhos\\\/#website\",\"url\":\"https:\\\/\\\/www.lenstore.pt\\\/cuidados-dos-olhos\\\/\",\"name\":\"Lenstore\",\"description\":\"Guia para lentes de contacto | Sa\u00fade | Estilo de vida\",\"publisher\":{\"@id\":\"https:\\\/\\\/www.lenstore.pt\\\/cuidados-dos-olhos\\\/#organization\"},\"potentialAction\":[{\"@type\":\"SearchAction\",\"target\":{\"@type\":\"EntryPoint\",\"urlTemplate\":\"https:\\\/\\\/www.lenstore.pt\\\/cuidados-dos-olhos\\\/?s={search_term_string}\"},\"query-input\":{\"@type\":\"PropertyValueSpecification\",\"valueRequired\":true,\"valueName\":\"search_term_string\"}}],\"inLanguage\":\"pt-PT\"},{\"@type\":\"Organization\",\"@id\":\"https:\\\/\\\/www.lenstore.pt\\\/#organization\",\"name\":\"Lenstore\",\"url\":\"https:\\\/\\\/www.lenstore.pt\",\"logo\":\"https:\\\/\\\/www.lenstore.pt\\\/png\\\/lenstore-logo.png\",\"image\":\"https:\\\/\\\/www.lenstore.pt\\\/png\\\/lenstore-logo.png\",\"companyRegistration\":\"51990\",\"contactPoint\":{\"@type\":\"ContactPoint\",\"contactType\":\"customer service\",\"email\":\"apoiocliente@lenstore.eu\"}},{\"@type\":\"Person\",\"@id\":\"https:\\\/\\\/www.lenstore.pt\\\/cuidados-dos-olhos\\\/#\\\/schema\\\/person\\\/bd279f5a2d83991548987f26af65a636\",\"name\":\"matthewhadwen\",\"url\":\"https:\\\/\\\/www.lenstore.pt\\\/cuidados-dos-olhos\\\/author\\\/matthewhadwen\"}]}<\/script>\n<!-- \/ Yoast SEO plugin. -->","yoast_head_json":{"title":"O que \u00e9 a degeneres\u00eancia macular? - Lenstore","robots":{"index":"index","follow":"follow","max-snippet":"max-snippet:-1","max-image-preview":"max-image-preview:large","max-video-preview":"max-video-preview:-1"},"canonical":"https:\/\/www.lenstore.pt\/cuidados-dos-olhos\/o-que-e-a-degenerescencia-macular","og_locale":"pt_PT","og_type":"article","og_title":"O que \u00e9 a degeneres\u00eancia macular? - Lenstore","og_description":"A degeneres\u00eancia macular \u00e9 uma das principais causas de perda de vis\u00e3o em Portugal. Segundo [&hellip;]","og_url":"https:\/\/www.lenstore.pt\/cuidados-dos-olhos\/o-que-e-a-degenerescencia-macular","og_site_name":"Lenstore","article_published_time":"2026-06-17T13:40:52+00:00","article_modified_time":"2026-06-17T14:14:03+00:00","og_image":[{"width":770,"height":480,"url":"https:\/\/www.lenstore.pt\/cuidados-dos-olhos\/wp-content\/uploads\/sites\/17\/2022\/09\/Macular-Degeneration-viewpoint.jpg","type":"image\/jpeg"}],"author":"matthewhadwen","twitter_card":"summary_large_image","twitter_misc":{"Escrito por":"matthewhadwen","Tempo estimado de leitura":"7 minutos"},"schema":{"@context":"https:\/\/schema.org","@graph":[{"@type":"Article","@id":"https:\/\/www.lenstore.pt\/cuidados-dos-olhos\/o-que-e-a-degenerescencia-macular#article","isPartOf":{"@id":"https:\/\/www.lenstore.pt\/cuidados-dos-olhos\/o-que-e-a-degenerescencia-macular"},"author":{"name":"matthewhadwen","@id":"https:\/\/www.lenstore.pt\/cuidados-dos-olhos\/#\/schema\/person\/bd279f5a2d83991548987f26af65a636"},"headline":"O que \u00e9 a degeneres\u00eancia macular?","datePublished":"2026-06-17T13:40:52+00:00","dateModified":"2026-06-17T14:14:03+00:00","mainEntityOfPage":{"@id":"https:\/\/www.lenstore.pt\/cuidados-dos-olhos\/o-que-e-a-degenerescencia-macular"},"wordCount":1308,"publisher":{"@id":"https:\/\/www.lenstore.pt\/cuidados-dos-olhos\/#organization"},"image":{"@id":"https:\/\/www.lenstore.pt\/cuidados-dos-olhos\/o-que-e-a-degenerescencia-macular#primaryimage"},"thumbnailUrl":"https:\/\/www.lenstore.pt\/cuidados-dos-olhos\/wp-content\/uploads\/sites\/17\/2022\/09\/Macular-Degeneration-viewpoint.jpg","articleSection":["Doen\u00e7as e afe\u00e7\u00f5es dos olhos"],"inLanguage":"pt-PT"},{"@type":"WebPage","@id":"https:\/\/www.lenstore.pt\/cuidados-dos-olhos\/o-que-e-a-degenerescencia-macular","url":"https:\/\/www.lenstore.pt\/cuidados-dos-olhos\/o-que-e-a-degenerescencia-macular","name":"O que \u00e9 a degeneres\u00eancia macular? - Lenstore","isPartOf":{"@id":"https:\/\/www.lenstore.pt\/cuidados-dos-olhos\/#website"},"primaryImageOfPage":{"@id":"https:\/\/www.lenstore.pt\/cuidados-dos-olhos\/o-que-e-a-degenerescencia-macular#primaryimage"},"image":{"@id":"https:\/\/www.lenstore.pt\/cuidados-dos-olhos\/o-que-e-a-degenerescencia-macular#primaryimage"},"thumbnailUrl":"https:\/\/www.lenstore.pt\/cuidados-dos-olhos\/wp-content\/uploads\/sites\/17\/2022\/09\/Macular-Degeneration-viewpoint.jpg","datePublished":"2026-06-17T13:40:52+00:00","dateModified":"2026-06-17T14:14:03+00:00","breadcrumb":{"@id":"https:\/\/www.lenstore.pt\/cuidados-dos-olhos\/o-que-e-a-degenerescencia-macular#breadcrumb"},"inLanguage":"pt-PT","potentialAction":[{"@type":"ReadAction","target":["https:\/\/www.lenstore.pt\/cuidados-dos-olhos\/o-que-e-a-degenerescencia-macular"]}]},{"@type":"ImageObject","inLanguage":"pt-PT","@id":"https:\/\/www.lenstore.pt\/cuidados-dos-olhos\/o-que-e-a-degenerescencia-macular#primaryimage","url":"https:\/\/www.lenstore.pt\/cuidados-dos-olhos\/wp-content\/uploads\/sites\/17\/2022\/09\/Macular-Degeneration-viewpoint.jpg","contentUrl":"https:\/\/www.lenstore.pt\/cuidados-dos-olhos\/wp-content\/uploads\/sites\/17\/2022\/09\/Macular-Degeneration-viewpoint.jpg","width":770,"height":480},{"@type":"BreadcrumbList","@id":"https:\/\/www.lenstore.pt\/cuidados-dos-olhos\/o-que-e-a-degenerescencia-macular#breadcrumb","itemListElement":[{"@type":"ListItem","position":1,"name":"Home","item":"https:\/\/www.lenstore.pt\/cuidados-dos-olhos\/"},{"@type":"ListItem","position":2,"name":"O que \u00e9 a degeneres\u00eancia macular?"}]},{"@type":"WebSite","@id":"https:\/\/www.lenstore.pt\/cuidados-dos-olhos\/#website","url":"https:\/\/www.lenstore.pt\/cuidados-dos-olhos\/","name":"Lenstore","description":"Guia para lentes de contacto | Sa\u00fade | Estilo de vida","publisher":{"@id":"https:\/\/www.lenstore.pt\/cuidados-dos-olhos\/#organization"},"potentialAction":[{"@type":"SearchAction","target":{"@type":"EntryPoint","urlTemplate":"https:\/\/www.lenstore.pt\/cuidados-dos-olhos\/?s={search_term_string}"},"query-input":{"@type":"PropertyValueSpecification","valueRequired":true,"valueName":"search_term_string"}}],"inLanguage":"pt-PT"},{"@type":"Organization","@id":"https:\/\/www.lenstore.pt\/#organization","name":"Lenstore","url":"https:\/\/www.lenstore.pt","logo":"https:\/\/www.lenstore.pt\/png\/lenstore-logo.png","image":"https:\/\/www.lenstore.pt\/png\/lenstore-logo.png","companyRegistration":"51990","contactPoint":{"@type":"ContactPoint","contactType":"customer service","email":"apoiocliente@lenstore.eu"}},{"@type":"Person","@id":"https:\/\/www.lenstore.pt\/cuidados-dos-olhos\/#\/schema\/person\/bd279f5a2d83991548987f26af65a636","name":"matthewhadwen","url":"https:\/\/www.lenstore.pt\/cuidados-dos-olhos\/author\/matthewhadwen"}]}},"jetpack_featured_media_url":"https:\/\/www.lenstore.pt\/cuidados-dos-olhos\/wp-content\/uploads\/sites\/17\/2022\/09\/Macular-Degeneration-viewpoint.jpg","order_on_store":null,"_links":{"self":[{"href":"https:\/\/www.lenstore.pt\/cuidados-dos-olhos\/wp-json\/wp\/v2\/posts\/68","targetHints":{"allow":["GET"]}}],"collection":[{"href":"https:\/\/www.lenstore.pt\/cuidados-dos-olhos\/wp-json\/wp\/v2\/posts"}],"about":[{"href":"https:\/\/www.lenstore.pt\/cuidados-dos-olhos\/wp-json\/wp\/v2\/types\/post"}],"author":[{"embeddable":true,"href":"https:\/\/www.lenstore.pt\/cuidados-dos-olhos\/wp-json\/wp\/v2\/users\/48"}],"replies":[{"embeddable":true,"href":"https:\/\/www.lenstore.pt\/cuidados-dos-olhos\/wp-json\/wp\/v2\/comments?post=68"}],"version-history":[{"count":2,"href":"https:\/\/www.lenstore.pt\/cuidados-dos-olhos\/wp-json\/wp\/v2\/posts\/68\/revisions"}],"predecessor-version":[{"id":1907,"href":"https:\/\/www.lenstore.pt\/cuidados-dos-olhos\/wp-json\/wp\/v2\/posts\/68\/revisions\/1907"}],"wp:featuredmedia":[{"embeddable":true,"href":"https:\/\/www.lenstore.pt\/cuidados-dos-olhos\/wp-json\/wp\/v2\/media\/725"}],"wp:attachment":[{"href":"https:\/\/www.lenstore.pt\/cuidados-dos-olhos\/wp-json\/wp\/v2\/media?parent=68"}],"wp:term":[{"taxonomy":"category","embeddable":true,"href":"https:\/\/www.lenstore.pt\/cuidados-dos-olhos\/wp-json\/wp\/v2\/categories?post=68"},{"taxonomy":"post_tag","embeddable":true,"href":"https:\/\/www.lenstore.pt\/cuidados-dos-olhos\/wp-json\/wp\/v2\/tags?post=68"}],"curies":[{"name":"wp","href":"https:\/\/api.w.org\/{rel}","templated":true}]}}