{"id":64,"date":"2026-06-17T14:40:52","date_gmt":"2026-06-17T13:40:52","guid":{"rendered":"https:\/\/www.lenstore.pt\/cuidados-dos-olhos\/?p=64"},"modified":"2026-06-17T15:14:12","modified_gmt":"2026-06-17T14:14:12","slug":"encontre-os-oculos-de-sol-perfeitos-para-os-seus-olhos-este-verao","status":"publish","type":"post","link":"https:\/\/www.lenstore.pt\/cuidados-dos-olhos\/encontre-os-oculos-de-sol-perfeitos-para-os-seus-olhos-este-verao","title":{"rendered":"Encontre os \u00f3culos de sol perfeitos para os seus olhos este ver\u00e3o"},"content":{"rendered":"<figure class=\"wp-block-gallery has-nested-images columns-default is-cropped wp-block-gallery-10 is-layout-flex wp-block-gallery-is-layout-flex\">\n<figure class=\"wp-block-image size-large\"><img loading=\"lazy\" decoding=\"async\" width=\"770\" height=\"480\" data-id=\"667\" src=\"https:\/\/www.lenstore.pt\/cuidados-dos-olhos\/wp-content\/uploads\/sites\/4\/2022\/06\/MicrosoftTeams-image.jpg\" alt=\"\" class=\"wp-image-667\" srcset=\"https:\/\/www.lenstore.pt\/cuidados-dos-olhos\/wp-content\/uploads\/sites\/4\/2022\/06\/MicrosoftTeams-image.jpg 770w, https:\/\/www.lenstore.pt\/cuidados-dos-olhos\/wp-content\/uploads\/sites\/4\/2022\/06\/MicrosoftTeams-image-300x187.jpg 300w, https:\/\/www.lenstore.pt\/cuidados-dos-olhos\/wp-content\/uploads\/sites\/4\/2022\/06\/MicrosoftTeams-image-768x479.jpg 768w\" sizes=\"auto, (max-width: 770px) 100vw, 770px\" \/><\/figure>\n<\/figure>\n<p>Comprar \u00f3culos de sol adequados para proteger os seus olhos das altas temperaturas, dos raios UVA e dos alerg\u00eanios pode ser um verdadeiro desafio, especialmente quando tamb\u00e9m se tem em conta o pre\u00e7o e o estilo dos \u00f3culos.\u00a0<\/p>\n<p>Explicamos o que deve ter em conta ao escolher um par de \u00f3culos de sol que se ajuste \u00e0s suas necessidades, ao mesmo tempo que protege os seus olhos o m\u00e1ximo poss\u00edvel durante os meses mais quentes.\u00a0<\/p>\n<h2 class=\"wp-block-heading has-larger-font-size\"><strong>O que deve ter em conta ao comprar \u00f3culos de sol<\/strong>\u00a0<\/h2>\n<p>Quer use \u00f3culos, lentes de contacto ou tenha uma vis\u00e3o perfeita, os \u00f3culos de sol s\u00e3o uma das melhores formas de proteger os seus olhos contra os raios nocivos do sol, al\u00e9m de os proteger de outros problemas como a irrita\u00e7\u00e3o causada pelo p\u00f3len ou a secura ocular.\u00a0\u00a0<\/p>\n<p>Mas como podemos ter a certeza de que estamos a escolher os \u00f3culos de sol que melhor se adequam \u00e0s nossas necessidades?\u00a0<\/p>\n<h4 class=\"wp-block-heading\"><strong>1. Verifique a prote\u00e7\u00e3o UVA<\/strong>\u00a0<\/h4>\n<p>Um bom par de \u00f3culos de sol deve oferecer prote\u00e7\u00e3o a 100% contra os raios UVA e UVB. Dependendo do n\u00edvel de exposi\u00e7\u00e3o solar, estes raios podem causar sensibilidade \u00e0 luz, vis\u00e3o turva, cataratas ou mesmo cegueira permanente.\u00a0\u00a0<\/p>\n<p>Procure \u00f3culos com uma etiqueta ou autocolante que especifique que oferecem prote\u00e7\u00e3o a 100% contra os raios UVA. Pode encontrar estes autocolantes nas lentes dos \u00f3culos, e reconhec\u00ea-los-\u00e1 pela marca \u2018CE\u2019 ou \u2018UV400\u2019.\u00a0<\/p>\n<h4 class=\"wp-block-heading\"><strong>2. N\u00e3o se deixe enganar pela cor das lentes<\/strong>\u00a0<\/h4>\n<p>De cinza a castanho, pode encontrar uma grande variedade de cores de lentes consoante as suas prefer\u00eancias.\u00a0<\/p>\n<p>Ao escolher os \u00f3culos de sol de que mais gosta, \u00e9 importante ter em conta que as lentes mais escuras nem sempre equivalem a uma melhor prote\u00e7\u00e3o contra os raios UVA. Certifique-se sempre de verificar o autocolante mencionado anteriormente para ter a certeza de que os \u00f3culos t\u00eam a prote\u00e7\u00e3o de que necessita.\u00a0\u00a0<\/p>\n<h4 class=\"wp-block-heading\"><strong>3. O tamanho importa<\/strong>\u00a0<\/h4>\n<p>Quanto maior for a cobertura dos seus \u00f3culos de sol, menos os seus olhos estar\u00e3o expostos aos raios nocivos do sol. Ao procurar um novo par, tenha em conta o tamanho das lentes e escolha \u00f3culos que cubram completamente a zona dos olhos, ou caso contr\u00e1rio \u00f3culos de sol <em>oversize<\/em> para evitar que os raios UVA entrem pelos lados e afetem a sua vis\u00e3o.\u00a0<\/p>\n<p>Os \u00f3culos de sol que cobrem toda a zona dos olhos protegem-nos tamb\u00e9m de outras coisas como o p\u00f3len e o p\u00f3, que encontramos frequentemente no ar, especialmente nos meses de ver\u00e3o. Para quem usa lentes de contacto, deve ter em conta que estas part\u00edculas se podem depositar sob as lentes em particular, o que pode resultar em irrita\u00e7\u00e3o e inflama\u00e7\u00e3o. Por isso, os \u00f3culos de sol s\u00e3o a forma perfeita de proteger um pouco mais os seus olhos.\u00a0<\/p>\n<h4 class=\"wp-block-heading\"><strong>4. As lentes polarizadas n\u00e3o bloqueiam os raios UVA<\/strong>\u00a0<\/h4>\n<p>Os \u00f3culos de sol polarizados est\u00e3o concebidos para ajudar a reduzir o brilho que a luz solar produz quando rebate em superf\u00edcies refletoras como a \u00e1gua ou as estradas.\u00a0<\/p>\n<p>Embora possa ser \u00fatil quando se navega ou conduz um carro, os \u00f3culos de sol polarizados n\u00e3o t\u00eam prote\u00e7\u00e3o contra os raios UVA, por isso \u00e9 importante verificar o autocolante dos \u00f3culos de sol polarizados para garantir que realmente protegem a sua vis\u00e3o.\u00a0<\/p>\n<h4 class=\"wp-block-heading\"><strong>5. Os \u00f3culos de sol n\u00e3o s\u00e3o apenas um acess\u00f3rio de moda<\/strong>\u00a0<\/h4>\n<p>Os \u00f3culos de sol s\u00e3o um acess\u00f3rio essencial que se usa para realtar um look. No entanto, \u00e9 importante ter em conta o que podem fazer pela nossa sa\u00fade.\u00a0<\/p>\n<p>Sujata Paul, Chefe de Servi\u00e7os Profissionais Cl\u00ednicos e \u00f3tico FBDO\/CL de lentes de contacto na Lenstore, comenta:\u00a0\u00a0<\/p>\n<p><em>&#8220;Embora habitualmente queiramos comprar \u00f3culos de sol porque s\u00e3o um acess\u00f3rio imprescind\u00edvel de ver\u00e3o, \u00e9 importante lembrar o seu prop\u00f3sito e a sua import\u00e2ncia a proteger os nossos olhos do sol. Ao escolher o par adequado, temos de pensar para al\u00e9m da forma e da marca. Devemos pensar em qu\u00e3o \u00fateis podem ser na redu\u00e7\u00e3o do risco de consequ\u00eancias graves para a sa\u00fade dos nossos olhos a longo prazo, como as cataratas ou a perda de vis\u00e3o.&#8221;<\/em>\u00a0<\/p>\n<p>Ter toda esta informa\u00e7\u00e3o em conta quando formos comprar os nossos pr\u00f3ximos \u00f3culos de sol vai reduzir significativamente as probabilidades de desenvolver problemas visuais a longo prazo. Use os seus \u00f3culos de sol este ver\u00e3o e proteja a sua sa\u00fade ocular por muitos anos.\u00a0<\/p>\n","protected":false},"excerpt":{"rendered":"<p>Comprar \u00f3culos de sol adequados para proteger os seus olhos das altas temperaturas, dos raios [&hellip;]<\/p>\n","protected":false},"author":48,"featured_media":667,"comment_status":"closed","ping_status":"open","sticky":false,"template":"","format":"standard","meta":{"footnotes":""},"categories":[4],"tags":[],"class_list":["post-64","post","type-post","status-publish","format-standard","has-post-thumbnail","hentry","category-estilo-de-vida"],"yoast_head":"<!-- This site is optimized with the Yoast SEO plugin v28.0 - https:\/\/yoast.com\/product\/yoast-seo-wordpress\/ -->\n<title>Encontre os \u00f3culos de sol perfeitos para os seus olhos este ver\u00e3o - Lenstore<\/title>\n<meta name=\"robots\" content=\"index, follow, max-snippet:-1, max-image-preview:large, max-video-preview:-1\" \/>\n<link rel=\"canonical\" href=\"https:\/\/www.lenstore.pt\/cuidados-dos-olhos\/encontre-os-oculos-de-sol-perfeitos-para-os-seus-olhos-este-verao\" \/>\n<meta property=\"og:locale\" content=\"pt_PT\" \/>\n<meta property=\"og:type\" content=\"article\" \/>\n<meta property=\"og:title\" content=\"Encontre os \u00f3culos de sol perfeitos para os seus olhos este ver\u00e3o - Lenstore\" \/>\n<meta property=\"og:description\" content=\"Comprar \u00f3culos de sol adequados para proteger os seus olhos das altas temperaturas, dos raios [&hellip;]\" \/>\n<meta property=\"og:url\" content=\"https:\/\/www.lenstore.pt\/cuidados-dos-olhos\/encontre-os-oculos-de-sol-perfeitos-para-os-seus-olhos-este-verao\" \/>\n<meta property=\"og:site_name\" content=\"Lenstore\" \/>\n<meta property=\"article:published_time\" content=\"2026-06-17T13:40:52+00:00\" \/>\n<meta property=\"article:modified_time\" content=\"2026-06-17T14:14:12+00:00\" \/>\n<meta property=\"og:image\" content=\"https:\/\/www.lenstore.pt\/cuidados-dos-olhos\/wp-content\/uploads\/sites\/17\/2022\/06\/MicrosoftTeams-image.jpg\" \/>\n\t<meta property=\"og:image:width\" content=\"770\" \/>\n\t<meta property=\"og:image:height\" content=\"480\" \/>\n\t<meta property=\"og:image:type\" content=\"image\/jpeg\" \/>\n<meta name=\"author\" content=\"matthewhadwen\" \/>\n<meta name=\"twitter:card\" content=\"summary_large_image\" \/>\n<meta name=\"twitter:label1\" content=\"Escrito por\" \/>\n\t<meta name=\"twitter:data1\" content=\"matthewhadwen\" \/>\n\t<meta name=\"twitter:label2\" content=\"Tempo estimado de leitura\" \/>\n\t<meta name=\"twitter:data2\" content=\"4 minutos\" \/>\n<script type=\"application\/ld+json\" class=\"yoast-schema-graph\">{\"@context\":\"https:\\\/\\\/schema.org\",\"@graph\":[{\"@type\":\"Article\",\"@id\":\"https:\\\/\\\/www.lenstore.pt\\\/cuidados-dos-olhos\\\/encontre-os-oculos-de-sol-perfeitos-para-os-seus-olhos-este-verao#article\",\"isPartOf\":{\"@id\":\"https:\\\/\\\/www.lenstore.pt\\\/cuidados-dos-olhos\\\/encontre-os-oculos-de-sol-perfeitos-para-os-seus-olhos-este-verao\"},\"author\":{\"name\":\"matthewhadwen\",\"@id\":\"https:\\\/\\\/www.lenstore.pt\\\/cuidados-dos-olhos\\\/#\\\/schema\\\/person\\\/bd279f5a2d83991548987f26af65a636\"},\"headline\":\"Encontre os \u00f3culos de sol perfeitos para os seus olhos este ver\u00e3o\",\"datePublished\":\"2026-06-17T13:40:52+00:00\",\"dateModified\":\"2026-06-17T14:14:12+00:00\",\"mainEntityOfPage\":{\"@id\":\"https:\\\/\\\/www.lenstore.pt\\\/cuidados-dos-olhos\\\/encontre-os-oculos-de-sol-perfeitos-para-os-seus-olhos-este-verao\"},\"wordCount\":783,\"publisher\":{\"@id\":\"https:\\\/\\\/www.lenstore.pt\\\/cuidados-dos-olhos\\\/#organization\"},\"image\":{\"@id\":\"https:\\\/\\\/www.lenstore.pt\\\/cuidados-dos-olhos\\\/encontre-os-oculos-de-sol-perfeitos-para-os-seus-olhos-este-verao#primaryimage\"},\"thumbnailUrl\":\"https:\\\/\\\/www.lenstore.pt\\\/cuidados-dos-olhos\\\/wp-content\\\/uploads\\\/sites\\\/17\\\/2022\\\/06\\\/MicrosoftTeams-image.jpg\",\"articleSection\":[\"Estilo de vida\"],\"inLanguage\":\"pt-PT\"},{\"@type\":\"WebPage\",\"@id\":\"https:\\\/\\\/www.lenstore.pt\\\/cuidados-dos-olhos\\\/encontre-os-oculos-de-sol-perfeitos-para-os-seus-olhos-este-verao\",\"url\":\"https:\\\/\\\/www.lenstore.pt\\\/cuidados-dos-olhos\\\/encontre-os-oculos-de-sol-perfeitos-para-os-seus-olhos-este-verao\",\"name\":\"Encontre os \u00f3culos de sol perfeitos para os seus olhos este ver\u00e3o - Lenstore\",\"isPartOf\":{\"@id\":\"https:\\\/\\\/www.lenstore.pt\\\/cuidados-dos-olhos\\\/#website\"},\"primaryImageOfPage\":{\"@id\":\"https:\\\/\\\/www.lenstore.pt\\\/cuidados-dos-olhos\\\/encontre-os-oculos-de-sol-perfeitos-para-os-seus-olhos-este-verao#primaryimage\"},\"image\":{\"@id\":\"https:\\\/\\\/www.lenstore.pt\\\/cuidados-dos-olhos\\\/encontre-os-oculos-de-sol-perfeitos-para-os-seus-olhos-este-verao#primaryimage\"},\"thumbnailUrl\":\"https:\\\/\\\/www.lenstore.pt\\\/cuidados-dos-olhos\\\/wp-content\\\/uploads\\\/sites\\\/17\\\/2022\\\/06\\\/MicrosoftTeams-image.jpg\",\"datePublished\":\"2026-06-17T13:40:52+00:00\",\"dateModified\":\"2026-06-17T14:14:12+00:00\",\"breadcrumb\":{\"@id\":\"https:\\\/\\\/www.lenstore.pt\\\/cuidados-dos-olhos\\\/encontre-os-oculos-de-sol-perfeitos-para-os-seus-olhos-este-verao#breadcrumb\"},\"inLanguage\":\"pt-PT\",\"potentialAction\":[{\"@type\":\"ReadAction\",\"target\":[\"https:\\\/\\\/www.lenstore.pt\\\/cuidados-dos-olhos\\\/encontre-os-oculos-de-sol-perfeitos-para-os-seus-olhos-este-verao\"]}]},{\"@type\":\"ImageObject\",\"inLanguage\":\"pt-PT\",\"@id\":\"https:\\\/\\\/www.lenstore.pt\\\/cuidados-dos-olhos\\\/encontre-os-oculos-de-sol-perfeitos-para-os-seus-olhos-este-verao#primaryimage\",\"url\":\"https:\\\/\\\/www.lenstore.pt\\\/cuidados-dos-olhos\\\/wp-content\\\/uploads\\\/sites\\\/17\\\/2022\\\/06\\\/MicrosoftTeams-image.jpg\",\"contentUrl\":\"https:\\\/\\\/www.lenstore.pt\\\/cuidados-dos-olhos\\\/wp-content\\\/uploads\\\/sites\\\/17\\\/2022\\\/06\\\/MicrosoftTeams-image.jpg\",\"width\":770,\"height\":480},{\"@type\":\"BreadcrumbList\",\"@id\":\"https:\\\/\\\/www.lenstore.pt\\\/cuidados-dos-olhos\\\/encontre-os-oculos-de-sol-perfeitos-para-os-seus-olhos-este-verao#breadcrumb\",\"itemListElement\":[{\"@type\":\"ListItem\",\"position\":1,\"name\":\"Home\",\"item\":\"https:\\\/\\\/www.lenstore.pt\\\/cuidados-dos-olhos\\\/\"},{\"@type\":\"ListItem\",\"position\":2,\"name\":\"Encontre os \u00f3culos de sol perfeitos para os seus olhos este ver\u00e3o\"}]},{\"@type\":\"WebSite\",\"@id\":\"https:\\\/\\\/www.lenstore.pt\\\/cuidados-dos-olhos\\\/#website\",\"url\":\"https:\\\/\\\/www.lenstore.pt\\\/cuidados-dos-olhos\\\/\",\"name\":\"Lenstore\",\"description\":\"Guia para lentes de contacto | Sa\u00fade | Estilo de vida\",\"publisher\":{\"@id\":\"https:\\\/\\\/www.lenstore.pt\\\/cuidados-dos-olhos\\\/#organization\"},\"potentialAction\":[{\"@type\":\"SearchAction\",\"target\":{\"@type\":\"EntryPoint\",\"urlTemplate\":\"https:\\\/\\\/www.lenstore.pt\\\/cuidados-dos-olhos\\\/?s={search_term_string}\"},\"query-input\":{\"@type\":\"PropertyValueSpecification\",\"valueRequired\":true,\"valueName\":\"search_term_string\"}}],\"inLanguage\":\"pt-PT\"},{\"@type\":\"Organization\",\"@id\":\"https:\\\/\\\/www.lenstore.pt\\\/#organization\",\"name\":\"Lenstore\",\"url\":\"https:\\\/\\\/www.lenstore.pt\",\"logo\":\"https:\\\/\\\/www.lenstore.pt\\\/png\\\/lenstore-logo.png\",\"image\":\"https:\\\/\\\/www.lenstore.pt\\\/png\\\/lenstore-logo.png\",\"companyRegistration\":\"51990\",\"contactPoint\":{\"@type\":\"ContactPoint\",\"contactType\":\"customer service\",\"email\":\"apoiocliente@lenstore.eu\"}},{\"@type\":\"Person\",\"@id\":\"https:\\\/\\\/www.lenstore.pt\\\/cuidados-dos-olhos\\\/#\\\/schema\\\/person\\\/bd279f5a2d83991548987f26af65a636\",\"name\":\"matthewhadwen\",\"url\":\"https:\\\/\\\/www.lenstore.pt\\\/cuidados-dos-olhos\\\/author\\\/matthewhadwen\"}]}<\/script>\n<!-- \/ Yoast SEO plugin. -->","yoast_head_json":{"title":"Encontre os \u00f3culos de sol perfeitos para os seus olhos este ver\u00e3o - Lenstore","robots":{"index":"index","follow":"follow","max-snippet":"max-snippet:-1","max-image-preview":"max-image-preview:large","max-video-preview":"max-video-preview:-1"},"canonical":"https:\/\/www.lenstore.pt\/cuidados-dos-olhos\/encontre-os-oculos-de-sol-perfeitos-para-os-seus-olhos-este-verao","og_locale":"pt_PT","og_type":"article","og_title":"Encontre os \u00f3culos de sol perfeitos para os seus olhos este ver\u00e3o - Lenstore","og_description":"Comprar \u00f3culos de sol adequados para proteger os seus olhos das altas temperaturas, dos raios [&hellip;]","og_url":"https:\/\/www.lenstore.pt\/cuidados-dos-olhos\/encontre-os-oculos-de-sol-perfeitos-para-os-seus-olhos-este-verao","og_site_name":"Lenstore","article_published_time":"2026-06-17T13:40:52+00:00","article_modified_time":"2026-06-17T14:14:12+00:00","og_image":[{"width":770,"height":480,"url":"https:\/\/www.lenstore.pt\/cuidados-dos-olhos\/wp-content\/uploads\/sites\/17\/2022\/06\/MicrosoftTeams-image.jpg","type":"image\/jpeg"}],"author":"matthewhadwen","twitter_card":"summary_large_image","twitter_misc":{"Escrito por":"matthewhadwen","Tempo estimado de leitura":"4 minutos"},"schema":{"@context":"https:\/\/schema.org","@graph":[{"@type":"Article","@id":"https:\/\/www.lenstore.pt\/cuidados-dos-olhos\/encontre-os-oculos-de-sol-perfeitos-para-os-seus-olhos-este-verao#article","isPartOf":{"@id":"https:\/\/www.lenstore.pt\/cuidados-dos-olhos\/encontre-os-oculos-de-sol-perfeitos-para-os-seus-olhos-este-verao"},"author":{"name":"matthewhadwen","@id":"https:\/\/www.lenstore.pt\/cuidados-dos-olhos\/#\/schema\/person\/bd279f5a2d83991548987f26af65a636"},"headline":"Encontre os \u00f3culos de sol perfeitos para os seus olhos este ver\u00e3o","datePublished":"2026-06-17T13:40:52+00:00","dateModified":"2026-06-17T14:14:12+00:00","mainEntityOfPage":{"@id":"https:\/\/www.lenstore.pt\/cuidados-dos-olhos\/encontre-os-oculos-de-sol-perfeitos-para-os-seus-olhos-este-verao"},"wordCount":783,"publisher":{"@id":"https:\/\/www.lenstore.pt\/cuidados-dos-olhos\/#organization"},"image":{"@id":"https:\/\/www.lenstore.pt\/cuidados-dos-olhos\/encontre-os-oculos-de-sol-perfeitos-para-os-seus-olhos-este-verao#primaryimage"},"thumbnailUrl":"https:\/\/www.lenstore.pt\/cuidados-dos-olhos\/wp-content\/uploads\/sites\/17\/2022\/06\/MicrosoftTeams-image.jpg","articleSection":["Estilo de vida"],"inLanguage":"pt-PT"},{"@type":"WebPage","@id":"https:\/\/www.lenstore.pt\/cuidados-dos-olhos\/encontre-os-oculos-de-sol-perfeitos-para-os-seus-olhos-este-verao","url":"https:\/\/www.lenstore.pt\/cuidados-dos-olhos\/encontre-os-oculos-de-sol-perfeitos-para-os-seus-olhos-este-verao","name":"Encontre os \u00f3culos de sol perfeitos para os seus olhos este ver\u00e3o - Lenstore","isPartOf":{"@id":"https:\/\/www.lenstore.pt\/cuidados-dos-olhos\/#website"},"primaryImageOfPage":{"@id":"https:\/\/www.lenstore.pt\/cuidados-dos-olhos\/encontre-os-oculos-de-sol-perfeitos-para-os-seus-olhos-este-verao#primaryimage"},"image":{"@id":"https:\/\/www.lenstore.pt\/cuidados-dos-olhos\/encontre-os-oculos-de-sol-perfeitos-para-os-seus-olhos-este-verao#primaryimage"},"thumbnailUrl":"https:\/\/www.lenstore.pt\/cuidados-dos-olhos\/wp-content\/uploads\/sites\/17\/2022\/06\/MicrosoftTeams-image.jpg","datePublished":"2026-06-17T13:40:52+00:00","dateModified":"2026-06-17T14:14:12+00:00","breadcrumb":{"@id":"https:\/\/www.lenstore.pt\/cuidados-dos-olhos\/encontre-os-oculos-de-sol-perfeitos-para-os-seus-olhos-este-verao#breadcrumb"},"inLanguage":"pt-PT","potentialAction":[{"@type":"ReadAction","target":["https:\/\/www.lenstore.pt\/cuidados-dos-olhos\/encontre-os-oculos-de-sol-perfeitos-para-os-seus-olhos-este-verao"]}]},{"@type":"ImageObject","inLanguage":"pt-PT","@id":"https:\/\/www.lenstore.pt\/cuidados-dos-olhos\/encontre-os-oculos-de-sol-perfeitos-para-os-seus-olhos-este-verao#primaryimage","url":"https:\/\/www.lenstore.pt\/cuidados-dos-olhos\/wp-content\/uploads\/sites\/17\/2022\/06\/MicrosoftTeams-image.jpg","contentUrl":"https:\/\/www.lenstore.pt\/cuidados-dos-olhos\/wp-content\/uploads\/sites\/17\/2022\/06\/MicrosoftTeams-image.jpg","width":770,"height":480},{"@type":"BreadcrumbList","@id":"https:\/\/www.lenstore.pt\/cuidados-dos-olhos\/encontre-os-oculos-de-sol-perfeitos-para-os-seus-olhos-este-verao#breadcrumb","itemListElement":[{"@type":"ListItem","position":1,"name":"Home","item":"https:\/\/www.lenstore.pt\/cuidados-dos-olhos\/"},{"@type":"ListItem","position":2,"name":"Encontre os \u00f3culos de sol perfeitos para os seus olhos este ver\u00e3o"}]},{"@type":"WebSite","@id":"https:\/\/www.lenstore.pt\/cuidados-dos-olhos\/#website","url":"https:\/\/www.lenstore.pt\/cuidados-dos-olhos\/","name":"Lenstore","description":"Guia para lentes de contacto | Sa\u00fade | Estilo de vida","publisher":{"@id":"https:\/\/www.lenstore.pt\/cuidados-dos-olhos\/#organization"},"potentialAction":[{"@type":"SearchAction","target":{"@type":"EntryPoint","urlTemplate":"https:\/\/www.lenstore.pt\/cuidados-dos-olhos\/?s={search_term_string}"},"query-input":{"@type":"PropertyValueSpecification","valueRequired":true,"valueName":"search_term_string"}}],"inLanguage":"pt-PT"},{"@type":"Organization","@id":"https:\/\/www.lenstore.pt\/#organization","name":"Lenstore","url":"https:\/\/www.lenstore.pt","logo":"https:\/\/www.lenstore.pt\/png\/lenstore-logo.png","image":"https:\/\/www.lenstore.pt\/png\/lenstore-logo.png","companyRegistration":"51990","contactPoint":{"@type":"ContactPoint","contactType":"customer service","email":"apoiocliente@lenstore.eu"}},{"@type":"Person","@id":"https:\/\/www.lenstore.pt\/cuidados-dos-olhos\/#\/schema\/person\/bd279f5a2d83991548987f26af65a636","name":"matthewhadwen","url":"https:\/\/www.lenstore.pt\/cuidados-dos-olhos\/author\/matthewhadwen"}]}},"jetpack_featured_media_url":"https:\/\/www.lenstore.pt\/cuidados-dos-olhos\/wp-content\/uploads\/sites\/17\/2022\/06\/MicrosoftTeams-image.jpg","order_on_store":null,"_links":{"self":[{"href":"https:\/\/www.lenstore.pt\/cuidados-dos-olhos\/wp-json\/wp\/v2\/posts\/64","targetHints":{"allow":["GET"]}}],"collection":[{"href":"https:\/\/www.lenstore.pt\/cuidados-dos-olhos\/wp-json\/wp\/v2\/posts"}],"about":[{"href":"https:\/\/www.lenstore.pt\/cuidados-dos-olhos\/wp-json\/wp\/v2\/types\/post"}],"author":[{"embeddable":true,"href":"https:\/\/www.lenstore.pt\/cuidados-dos-olhos\/wp-json\/wp\/v2\/users\/48"}],"replies":[{"embeddable":true,"href":"https:\/\/www.lenstore.pt\/cuidados-dos-olhos\/wp-json\/wp\/v2\/comments?post=64"}],"version-history":[{"count":2,"href":"https:\/\/www.lenstore.pt\/cuidados-dos-olhos\/wp-json\/wp\/v2\/posts\/64\/revisions"}],"predecessor-version":[{"id":1911,"href":"https:\/\/www.lenstore.pt\/cuidados-dos-olhos\/wp-json\/wp\/v2\/posts\/64\/revisions\/1911"}],"wp:featuredmedia":[{"embeddable":true,"href":"https:\/\/www.lenstore.pt\/cuidados-dos-olhos\/wp-json\/wp\/v2\/media\/667"}],"wp:attachment":[{"href":"https:\/\/www.lenstore.pt\/cuidados-dos-olhos\/wp-json\/wp\/v2\/media?parent=64"}],"wp:term":[{"taxonomy":"category","embeddable":true,"href":"https:\/\/www.lenstore.pt\/cuidados-dos-olhos\/wp-json\/wp\/v2\/categories?post=64"},{"taxonomy":"post_tag","embeddable":true,"href":"https:\/\/www.lenstore.pt\/cuidados-dos-olhos\/wp-json\/wp\/v2\/tags?post=64"}],"curies":[{"name":"wp","href":"https:\/\/api.w.org\/{rel}","templated":true}]}}