{"id":60,"date":"2026-06-17T14:40:52","date_gmt":"2026-06-17T13:40:52","guid":{"rendered":"https:\/\/www.lenstore.pt\/cuidados-dos-olhos\/?p=60"},"modified":"2026-06-17T15:14:21","modified_gmt":"2026-06-17T14:14:21","slug":"glaucoma-causas-sintomas-e-tratamento","status":"publish","type":"post","link":"https:\/\/www.lenstore.pt\/cuidados-dos-olhos\/glaucoma-causas-sintomas-e-tratamento","title":{"rendered":"Glaucoma \u2013 Causas, sintomas e tratamento"},"content":{"rendered":"<figure class=\"wp-block-image size-large\"><img loading=\"lazy\" decoding=\"async\" width=\"751\" height=\"468\" src=\"https:\/\/www.lenstore.pt\/cuidados-dos-olhos\/wp-content\/uploads\/sites\/4\/2022\/02\/Glaucoma-1.png\" alt=\"Glaucoma \u2013 Causas, sintomas e tratamento\" class=\"wp-image-575\" srcset=\"https:\/\/www.lenstore.pt\/cuidados-dos-olhos\/wp-content\/uploads\/sites\/4\/2022\/02\/Glaucoma-1.png 751w, https:\/\/www.lenstore.pt\/cuidados-dos-olhos\/wp-content\/uploads\/sites\/4\/2022\/02\/Glaucoma-1-300x187.png 300w\" sizes=\"auto, (max-width: 751px) 100vw, 751px\" \/><\/figure>\n<p>O glaucoma \u00e9 uma doen\u00e7a ocular comum na qual o nervo \u00f3tico fica danificado, o que geralmente \u00e9 causado pela press\u00e3o do fluido dentro do olho. Segundo a Glaucoma Foundation, estima-se que cerca de 60,5 milh\u00f5es de pessoas em todo o mundo sofrem desta doen\u00e7a. Se n\u00e3o for diagnosticada e tratada rapidamente, pode resultar em perda de vis\u00e3o.\u00a0\u00a0<\/p>\n<h2 class=\"wp-block-heading has-larger-font-size\">Quais s\u00e3o os diferentes tipos de glaucoma?\u00a0<\/h2>\n<p>Dependendo das suas causas ou sintomas, o glaucoma apresenta-se de v\u00e1rias formas:\u00a0<\/p>\n<h4 class=\"wp-block-heading\"><strong>Glaucoma Prim\u00e1rio de \u00c2ngulo Aberto<\/strong>\u00a0<\/h4>\n<p>Afeta cerca de 1-2% das pessoas com mais de 40 anos, tornando-a a forma mais comum de glaucoma. Estima-se que metade dessas pessoas desconhece que tem esta patologia. No Reino Unido, este tipo de glaucoma foi diagnosticado em 12% das pessoas com d\u00e9fice visual grave.\u00a0<\/p>\n<h4 class=\"wp-block-heading\"><strong>Glaucoma de \u00c2ngulo Fechado\u00a0<\/strong><\/h4>\n<p>Este tipo \u00e9 menos comum e tem um desenvolvimento r\u00e1pido. \u00c9 poss\u00edvel que sinta dor ocular intensa ou vis\u00e3o turva como resultado do bloqueio repentino da drenagem de um olho.\u00a0\u00a0<\/p>\n<h4 class=\"wp-block-heading\"><strong>Glaucoma de Tens\u00e3o Normal (NTG)<em>\u00a0<\/em>\u00a0<\/strong><\/h4>\n<p>Tamb\u00e9m conhecido como glaucoma de tens\u00e3o baixa, o glaucoma de tens\u00e3o normal (NTG) \u00e9 muito semelhante ao prim\u00e1rio de \u00e2ngulo aberto, exceto que o dano ao nervo \u00f3tico ocorre mesmo que a press\u00e3o ocular n\u00e3o esteja elevada.\u00a0<\/p>\n<h4 class=\"wp-block-heading\"><strong>Glaucoma Secund\u00e1rio\u00a0<\/strong><\/h4>\n<p>Este tipo de glaucoma pode ser causado por outra patologia ocular, como a uve\u00edte, uma les\u00e3o ou um trauma no olho.\u00a0<\/p>\n<h4 class=\"wp-block-heading\"><strong>Glaucoma Infantil (Cong\u00eanito)<em>\u00a0<\/em>\u00a0<\/strong><\/h4>\n<p>Um tipo raro de glaucoma que ocorre em crian\u00e7as muito pequenas e \u00e9 causado por uma anomalia na fun\u00e7\u00e3o de drenagem de fluidos internos do olho.\u00a0<\/p>\n<h2 class=\"wp-block-heading has-larger-font-size\">Quem pode sofrer de glaucoma?\u00a0<\/h2>\n<figure class=\"wp-block-image size-large\"><img loading=\"lazy\" decoding=\"async\" width=\"751\" height=\"179\" src=\"https:\/\/www.lenstore.pt\/cuidados-dos-olhos\/wp-content\/uploads\/sites\/4\/2022\/02\/Glaucoma-2.png\" alt=\"Glaucoma \u2013 Causas, sintomas e tratamento \" class=\"wp-image-576\" srcset=\"https:\/\/www.lenstore.pt\/cuidados-dos-olhos\/wp-content\/uploads\/sites\/4\/2022\/02\/Glaucoma-2.png 751w, https:\/\/www.lenstore.pt\/cuidados-dos-olhos\/wp-content\/uploads\/sites\/4\/2022\/02\/Glaucoma-2-300x72.png 300w\" sizes=\"auto, (max-width: 751px) 100vw, 751px\" \/><\/figure>\n<p>Praticamente qualquer pessoa pode desenvolver esta patologia; \u00e9 mais comum em:\u00a0<\/p>\n<ul class=\"wp-block-list\">\n<li>Pessoas com mais de 70 anos\u00a0\u00a0<\/li>\n<li>Pessoas com hipertens\u00e3o ocular\u00a0\u00a0<\/li>\n<li>Fam\u00edlias em que a patologia \u00e9 comum\u00a0<\/li>\n<li>Pessoas de descend\u00eancia africana, caribe\u00e3 ou asi\u00e1tica\u00a0<\/li>\n<\/ul>\n<h2 class=\"wp-block-heading has-larger-font-size\">Quais s\u00e3o os sintomas do glaucoma?\u00a0\u00a0<\/h2>\n<figure class=\"wp-block-image size-large\"><img loading=\"lazy\" decoding=\"async\" width=\"749\" height=\"181\" src=\"https:\/\/www.lenstore.pt\/cuidados-dos-olhos\/wp-content\/uploads\/sites\/4\/2022\/02\/Glaucoma-3.png\" alt=\"Glaucoma \u2013 Causas, sintomas e tratamento \" class=\"wp-image-585\" srcset=\"https:\/\/www.lenstore.pt\/cuidados-dos-olhos\/wp-content\/uploads\/sites\/4\/2022\/02\/Glaucoma-3.png 749w, https:\/\/www.lenstore.pt\/cuidados-dos-olhos\/wp-content\/uploads\/sites\/4\/2022\/02\/Glaucoma-3-300x72.png 300w\" sizes=\"auto, (max-width: 749px) 100vw, 749px\" \/><\/figure>\n<p>Pode ser dif\u00edcil notar sintomas, pois o tipo mais comum de glaucoma desenvolve-se ao longo de v\u00e1rios anos e normalmente come\u00e7a na vis\u00e3o perif\u00e9rica.<\/p>\n<p>A vis\u00e3o perif\u00e9rica \u00e9 a sua capacidade de ver objetos fora do seu campo visual imediato. N\u00e3o lhe prestamos tanta aten\u00e7\u00e3o como \u00e0 nossa vis\u00e3o direta, o que significa que \u00e9 menos prov\u00e1vel que percebamos quando est\u00e1 a falhar.\u00a0<\/p>\n<p>Um in\u00edcio de glaucoma pode apresentar os seguintes sintomas:\u00a0\u00a0<\/p>\n<ul class=\"wp-block-list\">\n<li>Olhos vermelhos\u00a0<\/li>\n<li>Dores de cabe\u00e7a\u00a0\u00a0<\/li>\n<li>Vis\u00e3o turva\u00a0<\/li>\n<li>Dor ocular intensa\u00a0<\/li>\n<li>Ver halos \u00e0 volta de fontes de luz\u00a0<\/li>\n<\/ul>\n<p>Se algum destes sintomas aparecer de forma repentina, recomendamos que visite o seu centro de sa\u00fade ou cl\u00ednica oftalm\u00f3logica mais pr\u00f3xima.\u00a0<\/p>\n<h2 class=\"wp-block-heading has-larger-font-size\">Posso prevenir o glaucoma?\u00a0\u00a0<\/h2>\n<p>Infelizmente, n\u00e3o existe uma maneira determinada de prevenir o glaucoma. No entanto, uma vez diagnosticado, existem v\u00e1rios m\u00e9todos que podem ser levados a cabo para travar a sua progress\u00e3o. Quanto mais cedo for diagnosticado, mais eficaz pode ser o tratamento.<\/p>\n<p>Numa revis\u00e3o ocular padr\u00e3o, normalmente verifica-se a exist\u00eancia de sinais de glaucoma. O recomendado \u00e9 que fa\u00e7amos uma revis\u00e3o ocular pelo menos uma vez a cada dois anos (ou antes, dependendo do que o seu oftalmologista recomendar).\u00a0<\/p>\n<h2 class=\"wp-block-heading has-larger-font-size\">Existe tratamento ou cura para o glaucoma?\u00a0<\/h2>\n<figure class=\"wp-block-image size-large\"><img loading=\"lazy\" decoding=\"async\" width=\"753\" height=\"179\" src=\"https:\/\/www.lenstore.pt\/cuidados-dos-olhos\/wp-content\/uploads\/sites\/4\/2022\/02\/Glaucoma-4.png\" alt=\"Glaucoma \u2013 Causas, sintomas e tratamento \" class=\"wp-image-583\" srcset=\"https:\/\/www.lenstore.pt\/cuidados-dos-olhos\/wp-content\/uploads\/sites\/4\/2022\/02\/Glaucoma-4.png 753w, https:\/\/www.lenstore.pt\/cuidados-dos-olhos\/wp-content\/uploads\/sites\/4\/2022\/02\/Glaucoma-4-300x71.png 300w\" sizes=\"auto, (max-width: 753px) 100vw, 753px\" \/><\/figure>\n<p>N\u00e3o existe cura para o glaucoma de momento, mas h\u00e1 muitas maneiras de aliviar a press\u00e3o para ajudar a travar a sua progress\u00e3o.\u00a0<\/p>\n<p>O tratamento necess\u00e1rio depende do tipo de glaucoma que tiver, mas \u00e9 prov\u00e1vel que precise de gotas, inje\u00e7\u00f5es, tratamento com laser e\/ou cirurgia. Assim que iniciar o tratamento, provavelmente ter\u00e1 consultas m\u00e9dicas regulares para que o m\u00e9dico possa monitoriz\u00e1-lo e avali\u00e1-lo, e assegurar-se de que o tratamento \u00e9 eficaz.<\/p>\n<p>Se n\u00e3o for tratado, infelizmente o glaucoma pode resultar em perda de vis\u00e3o permanente.\u00a0<\/p><\/p>\n","protected":false},"excerpt":{"rendered":"<p>O glaucoma \u00e9 uma doen\u00e7a ocular comum na qual o nervo \u00f3tico fica danificado, o [&hellip;]<\/p>\n","protected":false},"author":48,"featured_media":575,"comment_status":"closed","ping_status":"open","sticky":false,"template":"","format":"standard","meta":{"footnotes":""},"categories":[3],"tags":[],"class_list":["post-60","post","type-post","status-publish","format-standard","has-post-thumbnail","hentry","category-doencas-e-afecoes-dos-olhos"],"yoast_head":"<!-- This site is optimized with the Yoast SEO plugin v28.0 - https:\/\/yoast.com\/product\/yoast-seo-wordpress\/ -->\n<title>Glaucoma \u2013 Causas, sintomas e tratamento - Lenstore<\/title>\n<meta name=\"robots\" content=\"index, follow, max-snippet:-1, max-image-preview:large, max-video-preview:-1\" \/>\n<link rel=\"canonical\" href=\"https:\/\/www.lenstore.pt\/cuidados-dos-olhos\/glaucoma-causas-sintomas-e-tratamento\" \/>\n<meta property=\"og:locale\" content=\"pt_PT\" \/>\n<meta property=\"og:type\" content=\"article\" \/>\n<meta property=\"og:title\" content=\"Glaucoma \u2013 Causas, sintomas e tratamento - Lenstore\" \/>\n<meta property=\"og:description\" content=\"O glaucoma \u00e9 uma doen\u00e7a ocular comum na qual o nervo \u00f3tico fica danificado, o [&hellip;]\" \/>\n<meta property=\"og:url\" content=\"https:\/\/www.lenstore.pt\/cuidados-dos-olhos\/glaucoma-causas-sintomas-e-tratamento\" \/>\n<meta property=\"og:site_name\" content=\"Lenstore\" \/>\n<meta property=\"article:published_time\" content=\"2026-06-17T13:40:52+00:00\" \/>\n<meta property=\"article:modified_time\" content=\"2026-06-17T14:14:21+00:00\" \/>\n<meta property=\"og:image\" content=\"https:\/\/www.lenstore.pt\/cuidados-dos-olhos\/wp-content\/uploads\/sites\/17\/2022\/02\/Glaucoma-1.png\" \/>\n\t<meta property=\"og:image:width\" content=\"751\" \/>\n\t<meta property=\"og:image:height\" content=\"468\" \/>\n\t<meta property=\"og:image:type\" content=\"image\/png\" \/>\n<meta name=\"author\" content=\"matthewhadwen\" \/>\n<meta name=\"twitter:card\" content=\"summary_large_image\" \/>\n<meta name=\"twitter:label1\" content=\"Escrito por\" \/>\n\t<meta name=\"twitter:data1\" content=\"matthewhadwen\" \/>\n\t<meta name=\"twitter:label2\" content=\"Tempo estimado de leitura\" \/>\n\t<meta name=\"twitter:data2\" content=\"3 minutos\" \/>\n<script type=\"application\/ld+json\" class=\"yoast-schema-graph\">{\"@context\":\"https:\\\/\\\/schema.org\",\"@graph\":[{\"@type\":\"Article\",\"@id\":\"https:\\\/\\\/www.lenstore.pt\\\/cuidados-dos-olhos\\\/glaucoma-causas-sintomas-e-tratamento#article\",\"isPartOf\":{\"@id\":\"https:\\\/\\\/www.lenstore.pt\\\/cuidados-dos-olhos\\\/glaucoma-causas-sintomas-e-tratamento\"},\"author\":{\"name\":\"matthewhadwen\",\"@id\":\"https:\\\/\\\/www.lenstore.pt\\\/cuidados-dos-olhos\\\/#\\\/schema\\\/person\\\/bd279f5a2d83991548987f26af65a636\"},\"headline\":\"Glaucoma \u2013 Causas, sintomas e tratamento\",\"datePublished\":\"2026-06-17T13:40:52+00:00\",\"dateModified\":\"2026-06-17T14:14:21+00:00\",\"mainEntityOfPage\":{\"@id\":\"https:\\\/\\\/www.lenstore.pt\\\/cuidados-dos-olhos\\\/glaucoma-causas-sintomas-e-tratamento\"},\"wordCount\":643,\"publisher\":{\"@id\":\"https:\\\/\\\/www.lenstore.pt\\\/cuidados-dos-olhos\\\/#organization\"},\"image\":{\"@id\":\"https:\\\/\\\/www.lenstore.pt\\\/cuidados-dos-olhos\\\/glaucoma-causas-sintomas-e-tratamento#primaryimage\"},\"thumbnailUrl\":\"https:\\\/\\\/www.lenstore.pt\\\/cuidados-dos-olhos\\\/wp-content\\\/uploads\\\/sites\\\/17\\\/2022\\\/02\\\/Glaucoma-1.png\",\"articleSection\":[\"Doen\u00e7as e afe\u00e7\u00f5es dos olhos\"],\"inLanguage\":\"pt-PT\"},{\"@type\":\"WebPage\",\"@id\":\"https:\\\/\\\/www.lenstore.pt\\\/cuidados-dos-olhos\\\/glaucoma-causas-sintomas-e-tratamento\",\"url\":\"https:\\\/\\\/www.lenstore.pt\\\/cuidados-dos-olhos\\\/glaucoma-causas-sintomas-e-tratamento\",\"name\":\"Glaucoma \u2013 Causas, sintomas e tratamento - Lenstore\",\"isPartOf\":{\"@id\":\"https:\\\/\\\/www.lenstore.pt\\\/cuidados-dos-olhos\\\/#website\"},\"primaryImageOfPage\":{\"@id\":\"https:\\\/\\\/www.lenstore.pt\\\/cuidados-dos-olhos\\\/glaucoma-causas-sintomas-e-tratamento#primaryimage\"},\"image\":{\"@id\":\"https:\\\/\\\/www.lenstore.pt\\\/cuidados-dos-olhos\\\/glaucoma-causas-sintomas-e-tratamento#primaryimage\"},\"thumbnailUrl\":\"https:\\\/\\\/www.lenstore.pt\\\/cuidados-dos-olhos\\\/wp-content\\\/uploads\\\/sites\\\/17\\\/2022\\\/02\\\/Glaucoma-1.png\",\"datePublished\":\"2026-06-17T13:40:52+00:00\",\"dateModified\":\"2026-06-17T14:14:21+00:00\",\"breadcrumb\":{\"@id\":\"https:\\\/\\\/www.lenstore.pt\\\/cuidados-dos-olhos\\\/glaucoma-causas-sintomas-e-tratamento#breadcrumb\"},\"inLanguage\":\"pt-PT\",\"potentialAction\":[{\"@type\":\"ReadAction\",\"target\":[\"https:\\\/\\\/www.lenstore.pt\\\/cuidados-dos-olhos\\\/glaucoma-causas-sintomas-e-tratamento\"]}]},{\"@type\":\"ImageObject\",\"inLanguage\":\"pt-PT\",\"@id\":\"https:\\\/\\\/www.lenstore.pt\\\/cuidados-dos-olhos\\\/glaucoma-causas-sintomas-e-tratamento#primaryimage\",\"url\":\"https:\\\/\\\/www.lenstore.pt\\\/cuidados-dos-olhos\\\/wp-content\\\/uploads\\\/sites\\\/17\\\/2022\\\/02\\\/Glaucoma-1.png\",\"contentUrl\":\"https:\\\/\\\/www.lenstore.pt\\\/cuidados-dos-olhos\\\/wp-content\\\/uploads\\\/sites\\\/17\\\/2022\\\/02\\\/Glaucoma-1.png\",\"width\":751,\"height\":468,\"caption\":\"Glaucoma \u2013 Causas, sintomas y tratamiento\"},{\"@type\":\"BreadcrumbList\",\"@id\":\"https:\\\/\\\/www.lenstore.pt\\\/cuidados-dos-olhos\\\/glaucoma-causas-sintomas-e-tratamento#breadcrumb\",\"itemListElement\":[{\"@type\":\"ListItem\",\"position\":1,\"name\":\"Home\",\"item\":\"https:\\\/\\\/www.lenstore.pt\\\/cuidados-dos-olhos\\\/\"},{\"@type\":\"ListItem\",\"position\":2,\"name\":\"Glaucoma \u2013 Causas, sintomas e tratamento\"}]},{\"@type\":\"WebSite\",\"@id\":\"https:\\\/\\\/www.lenstore.pt\\\/cuidados-dos-olhos\\\/#website\",\"url\":\"https:\\\/\\\/www.lenstore.pt\\\/cuidados-dos-olhos\\\/\",\"name\":\"Lenstore\",\"description\":\"Guia para lentes de contacto | Sa\u00fade | Estilo de vida\",\"publisher\":{\"@id\":\"https:\\\/\\\/www.lenstore.pt\\\/cuidados-dos-olhos\\\/#organization\"},\"potentialAction\":[{\"@type\":\"SearchAction\",\"target\":{\"@type\":\"EntryPoint\",\"urlTemplate\":\"https:\\\/\\\/www.lenstore.pt\\\/cuidados-dos-olhos\\\/?s={search_term_string}\"},\"query-input\":{\"@type\":\"PropertyValueSpecification\",\"valueRequired\":true,\"valueName\":\"search_term_string\"}}],\"inLanguage\":\"pt-PT\"},{\"@type\":\"Organization\",\"@id\":\"https:\\\/\\\/www.lenstore.pt\\\/#organization\",\"name\":\"Lenstore\",\"url\":\"https:\\\/\\\/www.lenstore.pt\",\"logo\":\"https:\\\/\\\/www.lenstore.pt\\\/png\\\/lenstore-logo.png\",\"image\":\"https:\\\/\\\/www.lenstore.pt\\\/png\\\/lenstore-logo.png\",\"companyRegistration\":\"51990\",\"contactPoint\":{\"@type\":\"ContactPoint\",\"contactType\":\"customer service\",\"email\":\"apoiocliente@lenstore.eu\"}},{\"@type\":\"Person\",\"@id\":\"https:\\\/\\\/www.lenstore.pt\\\/cuidados-dos-olhos\\\/#\\\/schema\\\/person\\\/bd279f5a2d83991548987f26af65a636\",\"name\":\"matthewhadwen\",\"url\":\"https:\\\/\\\/www.lenstore.pt\\\/cuidados-dos-olhos\\\/author\\\/matthewhadwen\"}]}<\/script>\n<!-- \/ Yoast SEO plugin. -->","yoast_head_json":{"title":"Glaucoma \u2013 Causas, sintomas e tratamento - Lenstore","robots":{"index":"index","follow":"follow","max-snippet":"max-snippet:-1","max-image-preview":"max-image-preview:large","max-video-preview":"max-video-preview:-1"},"canonical":"https:\/\/www.lenstore.pt\/cuidados-dos-olhos\/glaucoma-causas-sintomas-e-tratamento","og_locale":"pt_PT","og_type":"article","og_title":"Glaucoma \u2013 Causas, sintomas e tratamento - Lenstore","og_description":"O glaucoma \u00e9 uma doen\u00e7a ocular comum na qual o nervo \u00f3tico fica danificado, o [&hellip;]","og_url":"https:\/\/www.lenstore.pt\/cuidados-dos-olhos\/glaucoma-causas-sintomas-e-tratamento","og_site_name":"Lenstore","article_published_time":"2026-06-17T13:40:52+00:00","article_modified_time":"2026-06-17T14:14:21+00:00","og_image":[{"width":751,"height":468,"url":"https:\/\/www.lenstore.pt\/cuidados-dos-olhos\/wp-content\/uploads\/sites\/17\/2022\/02\/Glaucoma-1.png","type":"image\/png"}],"author":"matthewhadwen","twitter_card":"summary_large_image","twitter_misc":{"Escrito por":"matthewhadwen","Tempo estimado de leitura":"3 minutos"},"schema":{"@context":"https:\/\/schema.org","@graph":[{"@type":"Article","@id":"https:\/\/www.lenstore.pt\/cuidados-dos-olhos\/glaucoma-causas-sintomas-e-tratamento#article","isPartOf":{"@id":"https:\/\/www.lenstore.pt\/cuidados-dos-olhos\/glaucoma-causas-sintomas-e-tratamento"},"author":{"name":"matthewhadwen","@id":"https:\/\/www.lenstore.pt\/cuidados-dos-olhos\/#\/schema\/person\/bd279f5a2d83991548987f26af65a636"},"headline":"Glaucoma \u2013 Causas, sintomas e tratamento","datePublished":"2026-06-17T13:40:52+00:00","dateModified":"2026-06-17T14:14:21+00:00","mainEntityOfPage":{"@id":"https:\/\/www.lenstore.pt\/cuidados-dos-olhos\/glaucoma-causas-sintomas-e-tratamento"},"wordCount":643,"publisher":{"@id":"https:\/\/www.lenstore.pt\/cuidados-dos-olhos\/#organization"},"image":{"@id":"https:\/\/www.lenstore.pt\/cuidados-dos-olhos\/glaucoma-causas-sintomas-e-tratamento#primaryimage"},"thumbnailUrl":"https:\/\/www.lenstore.pt\/cuidados-dos-olhos\/wp-content\/uploads\/sites\/17\/2022\/02\/Glaucoma-1.png","articleSection":["Doen\u00e7as e afe\u00e7\u00f5es dos olhos"],"inLanguage":"pt-PT"},{"@type":"WebPage","@id":"https:\/\/www.lenstore.pt\/cuidados-dos-olhos\/glaucoma-causas-sintomas-e-tratamento","url":"https:\/\/www.lenstore.pt\/cuidados-dos-olhos\/glaucoma-causas-sintomas-e-tratamento","name":"Glaucoma \u2013 Causas, sintomas e tratamento - Lenstore","isPartOf":{"@id":"https:\/\/www.lenstore.pt\/cuidados-dos-olhos\/#website"},"primaryImageOfPage":{"@id":"https:\/\/www.lenstore.pt\/cuidados-dos-olhos\/glaucoma-causas-sintomas-e-tratamento#primaryimage"},"image":{"@id":"https:\/\/www.lenstore.pt\/cuidados-dos-olhos\/glaucoma-causas-sintomas-e-tratamento#primaryimage"},"thumbnailUrl":"https:\/\/www.lenstore.pt\/cuidados-dos-olhos\/wp-content\/uploads\/sites\/17\/2022\/02\/Glaucoma-1.png","datePublished":"2026-06-17T13:40:52+00:00","dateModified":"2026-06-17T14:14:21+00:00","breadcrumb":{"@id":"https:\/\/www.lenstore.pt\/cuidados-dos-olhos\/glaucoma-causas-sintomas-e-tratamento#breadcrumb"},"inLanguage":"pt-PT","potentialAction":[{"@type":"ReadAction","target":["https:\/\/www.lenstore.pt\/cuidados-dos-olhos\/glaucoma-causas-sintomas-e-tratamento"]}]},{"@type":"ImageObject","inLanguage":"pt-PT","@id":"https:\/\/www.lenstore.pt\/cuidados-dos-olhos\/glaucoma-causas-sintomas-e-tratamento#primaryimage","url":"https:\/\/www.lenstore.pt\/cuidados-dos-olhos\/wp-content\/uploads\/sites\/17\/2022\/02\/Glaucoma-1.png","contentUrl":"https:\/\/www.lenstore.pt\/cuidados-dos-olhos\/wp-content\/uploads\/sites\/17\/2022\/02\/Glaucoma-1.png","width":751,"height":468,"caption":"Glaucoma \u2013 Causas, sintomas y tratamiento"},{"@type":"BreadcrumbList","@id":"https:\/\/www.lenstore.pt\/cuidados-dos-olhos\/glaucoma-causas-sintomas-e-tratamento#breadcrumb","itemListElement":[{"@type":"ListItem","position":1,"name":"Home","item":"https:\/\/www.lenstore.pt\/cuidados-dos-olhos\/"},{"@type":"ListItem","position":2,"name":"Glaucoma \u2013 Causas, sintomas e tratamento"}]},{"@type":"WebSite","@id":"https:\/\/www.lenstore.pt\/cuidados-dos-olhos\/#website","url":"https:\/\/www.lenstore.pt\/cuidados-dos-olhos\/","name":"Lenstore","description":"Guia para lentes de contacto | Sa\u00fade | Estilo de vida","publisher":{"@id":"https:\/\/www.lenstore.pt\/cuidados-dos-olhos\/#organization"},"potentialAction":[{"@type":"SearchAction","target":{"@type":"EntryPoint","urlTemplate":"https:\/\/www.lenstore.pt\/cuidados-dos-olhos\/?s={search_term_string}"},"query-input":{"@type":"PropertyValueSpecification","valueRequired":true,"valueName":"search_term_string"}}],"inLanguage":"pt-PT"},{"@type":"Organization","@id":"https:\/\/www.lenstore.pt\/#organization","name":"Lenstore","url":"https:\/\/www.lenstore.pt","logo":"https:\/\/www.lenstore.pt\/png\/lenstore-logo.png","image":"https:\/\/www.lenstore.pt\/png\/lenstore-logo.png","companyRegistration":"51990","contactPoint":{"@type":"ContactPoint","contactType":"customer service","email":"apoiocliente@lenstore.eu"}},{"@type":"Person","@id":"https:\/\/www.lenstore.pt\/cuidados-dos-olhos\/#\/schema\/person\/bd279f5a2d83991548987f26af65a636","name":"matthewhadwen","url":"https:\/\/www.lenstore.pt\/cuidados-dos-olhos\/author\/matthewhadwen"}]}},"jetpack_featured_media_url":"https:\/\/www.lenstore.pt\/cuidados-dos-olhos\/wp-content\/uploads\/sites\/17\/2022\/02\/Glaucoma-1.png","order_on_store":null,"_links":{"self":[{"href":"https:\/\/www.lenstore.pt\/cuidados-dos-olhos\/wp-json\/wp\/v2\/posts\/60","targetHints":{"allow":["GET"]}}],"collection":[{"href":"https:\/\/www.lenstore.pt\/cuidados-dos-olhos\/wp-json\/wp\/v2\/posts"}],"about":[{"href":"https:\/\/www.lenstore.pt\/cuidados-dos-olhos\/wp-json\/wp\/v2\/types\/post"}],"author":[{"embeddable":true,"href":"https:\/\/www.lenstore.pt\/cuidados-dos-olhos\/wp-json\/wp\/v2\/users\/48"}],"replies":[{"embeddable":true,"href":"https:\/\/www.lenstore.pt\/cuidados-dos-olhos\/wp-json\/wp\/v2\/comments?post=60"}],"version-history":[{"count":2,"href":"https:\/\/www.lenstore.pt\/cuidados-dos-olhos\/wp-json\/wp\/v2\/posts\/60\/revisions"}],"predecessor-version":[{"id":1915,"href":"https:\/\/www.lenstore.pt\/cuidados-dos-olhos\/wp-json\/wp\/v2\/posts\/60\/revisions\/1915"}],"wp:featuredmedia":[{"embeddable":true,"href":"https:\/\/www.lenstore.pt\/cuidados-dos-olhos\/wp-json\/wp\/v2\/media\/575"}],"wp:attachment":[{"href":"https:\/\/www.lenstore.pt\/cuidados-dos-olhos\/wp-json\/wp\/v2\/media?parent=60"}],"wp:term":[{"taxonomy":"category","embeddable":true,"href":"https:\/\/www.lenstore.pt\/cuidados-dos-olhos\/wp-json\/wp\/v2\/categories?post=60"},{"taxonomy":"post_tag","embeddable":true,"href":"https:\/\/www.lenstore.pt\/cuidados-dos-olhos\/wp-json\/wp\/v2\/tags?post=60"}],"curies":[{"name":"wp","href":"https:\/\/api.w.org\/{rel}","templated":true}]}}