{"id":6,"date":"2026-06-17T14:41:49","date_gmt":"2026-06-17T13:41:49","guid":{"rendered":"https:\/\/www.lenstore.pt\/cuidados-dos-olhos\/?p=6"},"modified":"2026-06-17T15:12:03","modified_gmt":"2026-06-17T14:12:03","slug":"blefarite-causas-sintomas-e-tratamentos","status":"publish","type":"post","link":"https:\/\/www.lenstore.pt\/cuidados-dos-olhos\/blefarite-causas-sintomas-e-tratamentos","title":{"rendered":"Blefarite: causas, sintomas e tratamentos"},"content":{"rendered":"<figure class=\"wp-block-image size-large\"><img loading=\"lazy\" decoding=\"async\" width=\"1024\" height=\"525\" src=\"https:\/\/blog.lenstore.pt\/cuidados-dos-olhos\/wp-content\/uploads\/sites\/4\/2020\/05\/Closed-eyelid-1024x525.jpg\" alt=\"\" class=\"wp-image-46\" srcset=\"https:\/\/www.lenstore.pt\/cuidados-dos-olhos\/wp-content\/uploads\/sites\/4\/2020\/05\/Closed-eyelid-1024x525.jpg 1024w, https:\/\/www.lenstore.pt\/cuidados-dos-olhos\/wp-content\/uploads\/sites\/4\/2020\/05\/Closed-eyelid-300x154.jpg 300w, https:\/\/www.lenstore.pt\/cuidados-dos-olhos\/wp-content\/uploads\/sites\/4\/2020\/05\/Closed-eyelid-768x394.jpg 768w, https:\/\/www.lenstore.pt\/cuidados-dos-olhos\/wp-content\/uploads\/sites\/4\/2020\/05\/Closed-eyelid.jpg 1170w\" sizes=\"auto, (max-width: 1024px) 100vw, 1024px\" \/><\/figure>\n<p>Adivinhe: somos vermelhos e irritados em todo o lado. O que somos? As p\u00e1lpebras inflamadas de algu\u00e9m que sofre de blefarite; e n\u00e3o tem nenhuma gra\u00e7a.<\/p>\n<p>A blefarite \u00e9 uma condi\u00e7\u00e3o comum que pode desenvolver-se em qualquer idade e, se n\u00e3o for tratada, pode durar anos e pode reaparecer, a menos que a pessoa adote um regime constante de higiene ocular. Os profissionais de cuidados visuais indicam que 40% dos pacientes j\u00e1 a sofreram e que muitos deles s\u00e3o utilizadores de <a href=\"https:\/\/www.lenstore.pt\/b317\/lentes-de-contacto\" target=\"_blank\" rel=\"noreferrer noopener\">lentes de contacto<\/a>.<\/p>\n<h2 class=\"wp-block-heading has-larger-font-size\"><strong>O problema<\/strong><\/h2>\n<figure class=\"wp-block-image size-large\"><img loading=\"lazy\" decoding=\"async\" width=\"1024\" height=\"245\" src=\"https:\/\/blog.lenstore.pt\/cuidados-dos-olhos\/wp-content\/uploads\/sites\/4\/2020\/05\/Black-and-white-eye-1024x245.jpg\" alt=\"\" class=\"wp-image-47\" srcset=\"https:\/\/www.lenstore.pt\/cuidados-dos-olhos\/wp-content\/uploads\/sites\/4\/2020\/05\/Black-and-white-eye-1024x245.jpg 1024w, https:\/\/www.lenstore.pt\/cuidados-dos-olhos\/wp-content\/uploads\/sites\/4\/2020\/05\/Black-and-white-eye-300x72.jpg 300w, https:\/\/www.lenstore.pt\/cuidados-dos-olhos\/wp-content\/uploads\/sites\/4\/2020\/05\/Black-and-white-eye-768x184.jpg 768w, https:\/\/www.lenstore.pt\/cuidados-dos-olhos\/wp-content\/uploads\/sites\/4\/2020\/05\/Black-and-white-eye.jpg 1170w\" sizes=\"auto, (max-width: 1024px) 100vw, 1024px\" \/><\/figure>\n<p>Ent\u00e3o, o que \u00e9 exatamente a blefarite? A blefarite \u00e9 a inflama\u00e7\u00e3o da margem das p\u00e1lpebras, onde crescem os c\u00edlios. As gl\u00e2ndulas obstru\u00eddas ficam irritadas, costumam estar vermelhas e h\u00famidas e co\u00e7am, e pode tamb\u00e9m haver escamas secas que se pegam aos c\u00edlios.<\/p>\n<p>A blefarite afeta a quantidade de lubrifica\u00e7\u00e3o nos seus olhos, o que pode ser problem\u00e1tico para qualquer pessoa, mas especialmente para os utilizadores de lentes de contacto.<\/p>\n<p>A m\u00e1 not\u00edcia \u00e9 que \u00e9 desagrad\u00e1vel, mas a boa not\u00edcia \u00e9 que tem cura. O primeiro passo \u00e9 que, se usar lentes de contacto, deixe de as usar at\u00e9 os sintomas melhorarem.<\/p>\n<h2 class=\"wp-block-heading has-larger-font-size\"><strong>As causas<\/strong><\/h2>\n<p>A blefarite est\u00e1 relacionada com a caspa, mas tamb\u00e9m est\u00e1 associada \u00e0s seguintes condi\u00e7\u00f5es:<\/p>\n<ul class=\"wp-block-list\">\n<li>Infe\u00e7\u00e3o bacteriana<\/li>\n<li>Ros\u00e1cea (vermelhid\u00e3o facial)<\/li>\n<li>Rea\u00e7\u00e3o al\u00e9rgica (a maquilhagem, solu\u00e7\u00f5es de lentes de contacto ou medicamentos para os olhos)<\/li>\n<li>Gl\u00e2ndulas seb\u00e1ceas obstru\u00eddas na p\u00e1lpebra<\/li>\n<li>Piolhos ou \u00e1caros nas sobrancelhas<\/li>\n<\/ul>\n<h2 class=\"wp-block-heading has-larger-font-size\"><strong>Os sintomas<\/strong><\/h2>\n<p>Os sinais de blefarite s\u00e3o inconfund\u00edveis, e certamente ir\u00e1 not\u00e1-los.<\/p>\n<p>Observe com aten\u00e7\u00e3o se tem:<\/p>\n<ul class=\"wp-block-list\">\n<li><strong>Vermelhid\u00e3o:<\/strong> Os olhos provavelmente est\u00e3o vermelhos, inchados e lacrimejantes.<\/li>\n<li><strong>Comich\u00e3o:<\/strong> As p\u00e1lpebras podem estar irritadas e com comich\u00e3o, e dar a sensa\u00e7\u00e3o de que t\u00eam areia.<\/li>\n<li><strong>Olhos viscosos:<\/strong> Embora possam ter crostas, as p\u00e1lpebras podem parecer oleosas. N\u00e3o \u00e9 incomum acordar com as p\u00e1lpebras coladas.<\/li>\n<li><strong>Escamas:<\/strong> A pele em redor dos olhos provavelmente tem escamas, e os c\u00edlios caem ou crescem em dire\u00e7\u00f5es diferentes.<\/li>\n<li><strong>Pestanejar:<\/strong> Nota que \u00e9 mais sens\u00edvel \u00e0 luz e pestaneja com mais frequ\u00eancia.<\/li>\n<\/ul>\n<h2 class=\"wp-block-heading has-larger-font-size\"><strong>Complica\u00e7\u00f5es potenciais<\/strong><\/h2>\n<p>A blefarite pode tamb\u00e9m acarretar outros problemas como:<\/p>\n<ul class=\"wp-block-list\">\n<li><strong>Ter\u00e7\u00f3is:<\/strong> Causados pelas gl\u00e2ndulas seb\u00e1ceas infetadas das p\u00e1lpebras, s\u00e3o n\u00f3dulos que aparecem na parte exterior da p\u00e1lpebra.<\/li>\n<li><strong>Quistos:<\/strong> Formalmente chamados quistos meibomianos, s\u00e3o n\u00f3dulos inflamados que aparecem no interior da p\u00e1lpebra.<\/li>\n<li><strong>Olhos secos:<\/strong> Esta condi\u00e7\u00e3o ocorre porque as l\u00e1grimas fornecem lubrifica\u00e7\u00e3o insuficiente aos olhos, e costuma aparecer em conjunto com a blefarite, pelo que os m\u00e9dicos se perguntam qual deles surge primeiro e causa o outro.<\/li>\n<li><strong>Conjuntivite:<\/strong> Esta condi\u00e7\u00e3o \u00e9 a inflama\u00e7\u00e3o da conjuntiva, a membrana mucosa que reveste o interior das p\u00e1lpebras e a parte frontal dos olhos.<\/li>\n<\/ul>\n<h2 class=\"wp-block-heading has-larger-font-size\"><strong>Tratamentos caseiros<\/strong><\/h2>\n<p>Muitos casos de blefarite podem ser tratados em casa. \u00c9 importante seguir o regime de cuidados dom\u00e9sticos de forma consistente, e pode incluir uma variedade de tratamentos com \u00e1gua morna concebidos para reduzir acumula\u00e7\u00f5es. Pode tentar:<\/p>\n<ul class=\"wp-block-list\">\n<li>Reduzir a inflama\u00e7\u00e3o com compressas mornas em cada olho separadamente.<\/li>\n<li>Limpar as p\u00e1lpebras com \u00e1gua morna e secar com cuidado.<\/li>\n<li>Lavar os olhos com \u00e1gua.<\/li>\n<\/ul>\n<h2 class=\"wp-block-heading has-larger-font-size\"><strong>Cuidados profissionais<\/strong><\/h2>\n<figure class=\"wp-block-image size-large\"><img loading=\"lazy\" decoding=\"async\" width=\"1024\" height=\"245\" src=\"https:\/\/blog.lenstore.pt\/cuidados-dos-olhos\/wp-content\/uploads\/sites\/4\/2020\/05\/Sunshine-on-eyes-close-up-1024x245.jpg\" alt=\"\" class=\"wp-image-48\" srcset=\"https:\/\/www.lenstore.pt\/cuidados-dos-olhos\/wp-content\/uploads\/sites\/4\/2020\/05\/Sunshine-on-eyes-close-up-1024x245.jpg 1024w, https:\/\/www.lenstore.pt\/cuidados-dos-olhos\/wp-content\/uploads\/sites\/4\/2020\/05\/Sunshine-on-eyes-close-up-300x72.jpg 300w, https:\/\/www.lenstore.pt\/cuidados-dos-olhos\/wp-content\/uploads\/sites\/4\/2020\/05\/Sunshine-on-eyes-close-up-768x184.jpg 768w, https:\/\/www.lenstore.pt\/cuidados-dos-olhos\/wp-content\/uploads\/sites\/4\/2020\/05\/Sunshine-on-eyes-close-up.jpg 1170w\" sizes=\"auto, (max-width: 1024px) 100vw, 1024px\" \/><\/figure>\n<p>Se os rem\u00e9dios caseiros n\u00e3o funcionarem ou n\u00e3o forem adequados devido \u00e0s causas subjacentes (como ros\u00e1cea ou caspa), devem ser administrados cuidados profissionais. Exemplos de tratamento profissional:<\/p>\n<ul class=\"wp-block-list\">\n<li>Procedimentos realizados em consult\u00f3rio por um\/a profissional.<\/li>\n<li>Pomadas antibi\u00f3ticas, cremes e medicamentos orais.<\/li>\n<li>Gotas para os olhos (habitualmente esteroides) para ajudar a reduzir a inflama\u00e7\u00e3o.<\/li>\n<\/ul>\n<h3 class=\"wp-block-heading\"><strong>E depois?<\/strong><\/h3>\n<p>Uma boa higiene e tratamentos com \u00e1gua morna tal como descrevemos s\u00e3o essenciais, pois n\u00e3o s\u00f3 podem prevenir o problema, como tamb\u00e9m reduzem a possibilidade de os sintomas reaparecerem.<\/p>\n<p>Se costuma usar <a href=\"https:\/\/www.lenstore.pt\/b317\/lentes-de-contacto\" target=\"_blank\" rel=\"noreferrer noopener\">lentes de contacto<\/a>, entendemos que queira voltar a us\u00e1-las o mais r\u00e1pido poss\u00edvel. Praticar uma boa higiene e usar diariamente toalhitas para limpar as p\u00e1lpebras prevenir\u00e1 a recorr\u00eancia da blefarite. Alguns optometristas tamb\u00e9m sugerem o uso de suplementos como \u00e1cidos gordos \u00f3mega-3.<\/p>\n<p>Seja qual for o seu regime, certifique-se de que faz parte da sua rotina di\u00e1ria. Uma vez que esteja pronto\/a para voltar a usar lentes de contacto, a melhor op\u00e7\u00e3o para reduzir o risco de ter problemas no futuro s\u00e3o as lentes descart\u00e1veis di\u00e1rias. Felizmente, para a maioria dos utilizadores de lentes de contacto, s\u00e3o tamb\u00e9m a forma mais confort\u00e1vel e pr\u00e1tica de corrigir a vis\u00e3o. Consulte sempre o seu optometrista para saber quais as lentes mais adequadas para si e para a sa\u00fade dos seus olhos.<\/p>\n","protected":false},"excerpt":{"rendered":"<p>Adivinhe: somos vermelhos e irritados em todo o lado. O que somos? As p\u00e1lpebras inflamadas [&hellip;]<\/p>\n","protected":false},"author":48,"featured_media":128,"comment_status":"closed","ping_status":"open","sticky":false,"template":"","format":"standard","meta":{"footnotes":""},"categories":[3],"tags":[],"class_list":["post-6","post","type-post","status-publish","format-standard","has-post-thumbnail","hentry","category-doencas-e-afecoes-dos-olhos"],"yoast_head":"<!-- This site is optimized with the Yoast SEO plugin v28.0 - https:\/\/yoast.com\/product\/yoast-seo-wordpress\/ -->\n<title>Blefarite: causas, sintomas e tratamentos - Lenstore<\/title>\n<meta name=\"robots\" content=\"index, follow, max-snippet:-1, max-image-preview:large, max-video-preview:-1\" \/>\n<link rel=\"canonical\" href=\"https:\/\/www.lenstore.pt\/cuidados-dos-olhos\/blefarite-causas-sintomas-e-tratamentos\" \/>\n<meta property=\"og:locale\" content=\"pt_PT\" \/>\n<meta property=\"og:type\" content=\"article\" \/>\n<meta property=\"og:title\" content=\"Blefarite: causas, sintomas e tratamentos - Lenstore\" \/>\n<meta property=\"og:description\" content=\"Adivinhe: somos vermelhos e irritados em todo o lado. O que somos? As p\u00e1lpebras inflamadas [&hellip;]\" \/>\n<meta property=\"og:url\" content=\"https:\/\/www.lenstore.pt\/cuidados-dos-olhos\/blefarite-causas-sintomas-e-tratamentos\" \/>\n<meta property=\"og:site_name\" content=\"Lenstore\" \/>\n<meta property=\"article:published_time\" content=\"2026-06-17T13:41:49+00:00\" \/>\n<meta property=\"article:modified_time\" content=\"2026-06-17T14:12:03+00:00\" \/>\n<meta property=\"og:image\" content=\"https:\/\/www.lenstore.pt\/cuidados-dos-olhos\/wp-content\/uploads\/sites\/17\/2020\/05\/Closed-eyelid.jpg\" \/>\n\t<meta property=\"og:image:width\" content=\"1170\" \/>\n\t<meta property=\"og:image:height\" content=\"600\" \/>\n\t<meta property=\"og:image:type\" content=\"image\/jpeg\" \/>\n<meta name=\"author\" content=\"matthewhadwen\" \/>\n<meta name=\"twitter:card\" content=\"summary_large_image\" \/>\n<meta name=\"twitter:label1\" content=\"Escrito por\" \/>\n\t<meta name=\"twitter:data1\" content=\"matthewhadwen\" \/>\n\t<meta name=\"twitter:label2\" content=\"Tempo estimado de leitura\" \/>\n\t<meta name=\"twitter:data2\" content=\"4 minutos\" \/>\n<script type=\"application\/ld+json\" class=\"yoast-schema-graph\">{\"@context\":\"https:\\\/\\\/schema.org\",\"@graph\":[{\"@type\":\"Article\",\"@id\":\"https:\\\/\\\/www.lenstore.pt\\\/cuidados-dos-olhos\\\/blefarite-causas-sintomas-e-tratamentos#article\",\"isPartOf\":{\"@id\":\"https:\\\/\\\/www.lenstore.pt\\\/cuidados-dos-olhos\\\/blefarite-causas-sintomas-e-tratamentos\"},\"author\":{\"name\":\"matthewhadwen\",\"@id\":\"https:\\\/\\\/www.lenstore.pt\\\/cuidados-dos-olhos\\\/#\\\/schema\\\/person\\\/bd279f5a2d83991548987f26af65a636\"},\"headline\":\"Blefarite: causas, sintomas e tratamentos\",\"datePublished\":\"2026-06-17T13:41:49+00:00\",\"dateModified\":\"2026-06-17T14:12:03+00:00\",\"mainEntityOfPage\":{\"@id\":\"https:\\\/\\\/www.lenstore.pt\\\/cuidados-dos-olhos\\\/blefarite-causas-sintomas-e-tratamentos\"},\"wordCount\":803,\"publisher\":{\"@id\":\"https:\\\/\\\/www.lenstore.pt\\\/cuidados-dos-olhos\\\/#organization\"},\"image\":{\"@id\":\"https:\\\/\\\/www.lenstore.pt\\\/cuidados-dos-olhos\\\/blefarite-causas-sintomas-e-tratamentos#primaryimage\"},\"thumbnailUrl\":\"https:\\\/\\\/www.lenstore.pt\\\/cuidados-dos-olhos\\\/wp-content\\\/uploads\\\/sites\\\/17\\\/2020\\\/05\\\/Closed-eyelid.jpg\",\"articleSection\":[\"Doen\u00e7as e afe\u00e7\u00f5es dos olhos\"],\"inLanguage\":\"pt-PT\"},{\"@type\":\"WebPage\",\"@id\":\"https:\\\/\\\/www.lenstore.pt\\\/cuidados-dos-olhos\\\/blefarite-causas-sintomas-e-tratamentos\",\"url\":\"https:\\\/\\\/www.lenstore.pt\\\/cuidados-dos-olhos\\\/blefarite-causas-sintomas-e-tratamentos\",\"name\":\"Blefarite: causas, sintomas e tratamentos - Lenstore\",\"isPartOf\":{\"@id\":\"https:\\\/\\\/www.lenstore.pt\\\/cuidados-dos-olhos\\\/#website\"},\"primaryImageOfPage\":{\"@id\":\"https:\\\/\\\/www.lenstore.pt\\\/cuidados-dos-olhos\\\/blefarite-causas-sintomas-e-tratamentos#primaryimage\"},\"image\":{\"@id\":\"https:\\\/\\\/www.lenstore.pt\\\/cuidados-dos-olhos\\\/blefarite-causas-sintomas-e-tratamentos#primaryimage\"},\"thumbnailUrl\":\"https:\\\/\\\/www.lenstore.pt\\\/cuidados-dos-olhos\\\/wp-content\\\/uploads\\\/sites\\\/17\\\/2020\\\/05\\\/Closed-eyelid.jpg\",\"datePublished\":\"2026-06-17T13:41:49+00:00\",\"dateModified\":\"2026-06-17T14:12:03+00:00\",\"breadcrumb\":{\"@id\":\"https:\\\/\\\/www.lenstore.pt\\\/cuidados-dos-olhos\\\/blefarite-causas-sintomas-e-tratamentos#breadcrumb\"},\"inLanguage\":\"pt-PT\",\"potentialAction\":[{\"@type\":\"ReadAction\",\"target\":[\"https:\\\/\\\/www.lenstore.pt\\\/cuidados-dos-olhos\\\/blefarite-causas-sintomas-e-tratamentos\"]}]},{\"@type\":\"ImageObject\",\"inLanguage\":\"pt-PT\",\"@id\":\"https:\\\/\\\/www.lenstore.pt\\\/cuidados-dos-olhos\\\/blefarite-causas-sintomas-e-tratamentos#primaryimage\",\"url\":\"https:\\\/\\\/www.lenstore.pt\\\/cuidados-dos-olhos\\\/wp-content\\\/uploads\\\/sites\\\/17\\\/2020\\\/05\\\/Closed-eyelid.jpg\",\"contentUrl\":\"https:\\\/\\\/www.lenstore.pt\\\/cuidados-dos-olhos\\\/wp-content\\\/uploads\\\/sites\\\/17\\\/2020\\\/05\\\/Closed-eyelid.jpg\",\"width\":1170,\"height\":600},{\"@type\":\"BreadcrumbList\",\"@id\":\"https:\\\/\\\/www.lenstore.pt\\\/cuidados-dos-olhos\\\/blefarite-causas-sintomas-e-tratamentos#breadcrumb\",\"itemListElement\":[{\"@type\":\"ListItem\",\"position\":1,\"name\":\"Home\",\"item\":\"https:\\\/\\\/www.lenstore.pt\\\/cuidados-dos-olhos\\\/\"},{\"@type\":\"ListItem\",\"position\":2,\"name\":\"Blefarite: causas, sintomas e tratamentos\"}]},{\"@type\":\"WebSite\",\"@id\":\"https:\\\/\\\/www.lenstore.pt\\\/cuidados-dos-olhos\\\/#website\",\"url\":\"https:\\\/\\\/www.lenstore.pt\\\/cuidados-dos-olhos\\\/\",\"name\":\"Lenstore\",\"description\":\"Guia para lentes de contacto | Sa\u00fade | Estilo de vida\",\"publisher\":{\"@id\":\"https:\\\/\\\/www.lenstore.pt\\\/cuidados-dos-olhos\\\/#organization\"},\"potentialAction\":[{\"@type\":\"SearchAction\",\"target\":{\"@type\":\"EntryPoint\",\"urlTemplate\":\"https:\\\/\\\/www.lenstore.pt\\\/cuidados-dos-olhos\\\/?s={search_term_string}\"},\"query-input\":{\"@type\":\"PropertyValueSpecification\",\"valueRequired\":true,\"valueName\":\"search_term_string\"}}],\"inLanguage\":\"pt-PT\"},{\"@type\":\"Organization\",\"@id\":\"https:\\\/\\\/www.lenstore.pt\\\/#organization\",\"name\":\"Lenstore\",\"url\":\"https:\\\/\\\/www.lenstore.pt\",\"logo\":\"https:\\\/\\\/www.lenstore.pt\\\/png\\\/lenstore-logo.png\",\"image\":\"https:\\\/\\\/www.lenstore.pt\\\/png\\\/lenstore-logo.png\",\"companyRegistration\":\"51990\",\"contactPoint\":{\"@type\":\"ContactPoint\",\"contactType\":\"customer service\",\"email\":\"apoiocliente@lenstore.eu\"}},{\"@type\":\"Person\",\"@id\":\"https:\\\/\\\/www.lenstore.pt\\\/cuidados-dos-olhos\\\/#\\\/schema\\\/person\\\/bd279f5a2d83991548987f26af65a636\",\"name\":\"matthewhadwen\",\"url\":\"https:\\\/\\\/www.lenstore.pt\\\/cuidados-dos-olhos\\\/author\\\/matthewhadwen\"}]}<\/script>\n<!-- \/ Yoast SEO plugin. -->","yoast_head_json":{"title":"Blefarite: causas, sintomas e tratamentos - Lenstore","robots":{"index":"index","follow":"follow","max-snippet":"max-snippet:-1","max-image-preview":"max-image-preview:large","max-video-preview":"max-video-preview:-1"},"canonical":"https:\/\/www.lenstore.pt\/cuidados-dos-olhos\/blefarite-causas-sintomas-e-tratamentos","og_locale":"pt_PT","og_type":"article","og_title":"Blefarite: causas, sintomas e tratamentos - Lenstore","og_description":"Adivinhe: somos vermelhos e irritados em todo o lado. O que somos? As p\u00e1lpebras inflamadas [&hellip;]","og_url":"https:\/\/www.lenstore.pt\/cuidados-dos-olhos\/blefarite-causas-sintomas-e-tratamentos","og_site_name":"Lenstore","article_published_time":"2026-06-17T13:41:49+00:00","article_modified_time":"2026-06-17T14:12:03+00:00","og_image":[{"width":1170,"height":600,"url":"https:\/\/www.lenstore.pt\/cuidados-dos-olhos\/wp-content\/uploads\/sites\/17\/2020\/05\/Closed-eyelid.jpg","type":"image\/jpeg"}],"author":"matthewhadwen","twitter_card":"summary_large_image","twitter_misc":{"Escrito por":"matthewhadwen","Tempo estimado de leitura":"4 minutos"},"schema":{"@context":"https:\/\/schema.org","@graph":[{"@type":"Article","@id":"https:\/\/www.lenstore.pt\/cuidados-dos-olhos\/blefarite-causas-sintomas-e-tratamentos#article","isPartOf":{"@id":"https:\/\/www.lenstore.pt\/cuidados-dos-olhos\/blefarite-causas-sintomas-e-tratamentos"},"author":{"name":"matthewhadwen","@id":"https:\/\/www.lenstore.pt\/cuidados-dos-olhos\/#\/schema\/person\/bd279f5a2d83991548987f26af65a636"},"headline":"Blefarite: causas, sintomas e tratamentos","datePublished":"2026-06-17T13:41:49+00:00","dateModified":"2026-06-17T14:12:03+00:00","mainEntityOfPage":{"@id":"https:\/\/www.lenstore.pt\/cuidados-dos-olhos\/blefarite-causas-sintomas-e-tratamentos"},"wordCount":803,"publisher":{"@id":"https:\/\/www.lenstore.pt\/cuidados-dos-olhos\/#organization"},"image":{"@id":"https:\/\/www.lenstore.pt\/cuidados-dos-olhos\/blefarite-causas-sintomas-e-tratamentos#primaryimage"},"thumbnailUrl":"https:\/\/www.lenstore.pt\/cuidados-dos-olhos\/wp-content\/uploads\/sites\/17\/2020\/05\/Closed-eyelid.jpg","articleSection":["Doen\u00e7as e afe\u00e7\u00f5es dos olhos"],"inLanguage":"pt-PT"},{"@type":"WebPage","@id":"https:\/\/www.lenstore.pt\/cuidados-dos-olhos\/blefarite-causas-sintomas-e-tratamentos","url":"https:\/\/www.lenstore.pt\/cuidados-dos-olhos\/blefarite-causas-sintomas-e-tratamentos","name":"Blefarite: causas, sintomas e tratamentos - Lenstore","isPartOf":{"@id":"https:\/\/www.lenstore.pt\/cuidados-dos-olhos\/#website"},"primaryImageOfPage":{"@id":"https:\/\/www.lenstore.pt\/cuidados-dos-olhos\/blefarite-causas-sintomas-e-tratamentos#primaryimage"},"image":{"@id":"https:\/\/www.lenstore.pt\/cuidados-dos-olhos\/blefarite-causas-sintomas-e-tratamentos#primaryimage"},"thumbnailUrl":"https:\/\/www.lenstore.pt\/cuidados-dos-olhos\/wp-content\/uploads\/sites\/17\/2020\/05\/Closed-eyelid.jpg","datePublished":"2026-06-17T13:41:49+00:00","dateModified":"2026-06-17T14:12:03+00:00","breadcrumb":{"@id":"https:\/\/www.lenstore.pt\/cuidados-dos-olhos\/blefarite-causas-sintomas-e-tratamentos#breadcrumb"},"inLanguage":"pt-PT","potentialAction":[{"@type":"ReadAction","target":["https:\/\/www.lenstore.pt\/cuidados-dos-olhos\/blefarite-causas-sintomas-e-tratamentos"]}]},{"@type":"ImageObject","inLanguage":"pt-PT","@id":"https:\/\/www.lenstore.pt\/cuidados-dos-olhos\/blefarite-causas-sintomas-e-tratamentos#primaryimage","url":"https:\/\/www.lenstore.pt\/cuidados-dos-olhos\/wp-content\/uploads\/sites\/17\/2020\/05\/Closed-eyelid.jpg","contentUrl":"https:\/\/www.lenstore.pt\/cuidados-dos-olhos\/wp-content\/uploads\/sites\/17\/2020\/05\/Closed-eyelid.jpg","width":1170,"height":600},{"@type":"BreadcrumbList","@id":"https:\/\/www.lenstore.pt\/cuidados-dos-olhos\/blefarite-causas-sintomas-e-tratamentos#breadcrumb","itemListElement":[{"@type":"ListItem","position":1,"name":"Home","item":"https:\/\/www.lenstore.pt\/cuidados-dos-olhos\/"},{"@type":"ListItem","position":2,"name":"Blefarite: causas, sintomas e tratamentos"}]},{"@type":"WebSite","@id":"https:\/\/www.lenstore.pt\/cuidados-dos-olhos\/#website","url":"https:\/\/www.lenstore.pt\/cuidados-dos-olhos\/","name":"Lenstore","description":"Guia para lentes de contacto | Sa\u00fade | Estilo de vida","publisher":{"@id":"https:\/\/www.lenstore.pt\/cuidados-dos-olhos\/#organization"},"potentialAction":[{"@type":"SearchAction","target":{"@type":"EntryPoint","urlTemplate":"https:\/\/www.lenstore.pt\/cuidados-dos-olhos\/?s={search_term_string}"},"query-input":{"@type":"PropertyValueSpecification","valueRequired":true,"valueName":"search_term_string"}}],"inLanguage":"pt-PT"},{"@type":"Organization","@id":"https:\/\/www.lenstore.pt\/#organization","name":"Lenstore","url":"https:\/\/www.lenstore.pt","logo":"https:\/\/www.lenstore.pt\/png\/lenstore-logo.png","image":"https:\/\/www.lenstore.pt\/png\/lenstore-logo.png","companyRegistration":"51990","contactPoint":{"@type":"ContactPoint","contactType":"customer service","email":"apoiocliente@lenstore.eu"}},{"@type":"Person","@id":"https:\/\/www.lenstore.pt\/cuidados-dos-olhos\/#\/schema\/person\/bd279f5a2d83991548987f26af65a636","name":"matthewhadwen","url":"https:\/\/www.lenstore.pt\/cuidados-dos-olhos\/author\/matthewhadwen"}]}},"jetpack_featured_media_url":"https:\/\/www.lenstore.pt\/cuidados-dos-olhos\/wp-content\/uploads\/sites\/17\/2020\/05\/Closed-eyelid.jpg","order_on_store":null,"_links":{"self":[{"href":"https:\/\/www.lenstore.pt\/cuidados-dos-olhos\/wp-json\/wp\/v2\/posts\/6","targetHints":{"allow":["GET"]}}],"collection":[{"href":"https:\/\/www.lenstore.pt\/cuidados-dos-olhos\/wp-json\/wp\/v2\/posts"}],"about":[{"href":"https:\/\/www.lenstore.pt\/cuidados-dos-olhos\/wp-json\/wp\/v2\/types\/post"}],"author":[{"embeddable":true,"href":"https:\/\/www.lenstore.pt\/cuidados-dos-olhos\/wp-json\/wp\/v2\/users\/48"}],"replies":[{"embeddable":true,"href":"https:\/\/www.lenstore.pt\/cuidados-dos-olhos\/wp-json\/wp\/v2\/comments?post=6"}],"version-history":[{"count":2,"href":"https:\/\/www.lenstore.pt\/cuidados-dos-olhos\/wp-json\/wp\/v2\/posts\/6\/revisions"}],"predecessor-version":[{"id":1852,"href":"https:\/\/www.lenstore.pt\/cuidados-dos-olhos\/wp-json\/wp\/v2\/posts\/6\/revisions\/1852"}],"wp:featuredmedia":[{"embeddable":true,"href":"https:\/\/www.lenstore.pt\/cuidados-dos-olhos\/wp-json\/wp\/v2\/media\/128"}],"wp:attachment":[{"href":"https:\/\/www.lenstore.pt\/cuidados-dos-olhos\/wp-json\/wp\/v2\/media?parent=6"}],"wp:term":[{"taxonomy":"category","embeddable":true,"href":"https:\/\/www.lenstore.pt\/cuidados-dos-olhos\/wp-json\/wp\/v2\/categories?post=6"},{"taxonomy":"post_tag","embeddable":true,"href":"https:\/\/www.lenstore.pt\/cuidados-dos-olhos\/wp-json\/wp\/v2\/tags?post=6"}],"curies":[{"name":"wp","href":"https:\/\/api.w.org\/{rel}","templated":true}]}}