{"id":56,"date":"2026-06-17T14:41:16","date_gmt":"2026-06-17T13:41:16","guid":{"rendered":"https:\/\/www.lenstore.pt\/cuidados-dos-olhos\/?p=56"},"modified":"2026-08-18T15:21:41","modified_gmt":"2026-08-18T14:21:41","slug":"figuras-notaveis-nos-cuidados-oculares-thomas-young","status":"publish","type":"post","link":"https:\/\/www.lenstore.pt\/cuidados-dos-olhos\/figuras-notaveis-nos-cuidados-oculares-thomas-young","title":{"rendered":"Figuras not\u00e1veis nos cuidados oculares \u2013 Thomas Young"},"content":{"rendered":"<figure class=\"wp-block-image size-full\"><img decoding=\"async\" loading=\"lazy\" width=\"770\" height=\"480\" src=\"https:\/\/www.lenstore.pt\/cuidados-dos-olhos\/wp-content\/uploads\/sites\/4\/2024\/02\/Thomas-Young-Notable-figures-hero-image.jpg\" alt=\"\" class=\"wp-image-1394\" srcset=\"https:\/\/www.lenstore.pt\/cuidados-dos-olhos\/wp-content\/uploads\/sites\/17\/2024\/02\/Thomas-Young-Notable-figures-hero-image.jpg 770w, https:\/\/www.lenstore.pt\/cuidados-dos-olhos\/wp-content\/uploads\/sites\/17\/2024\/02\/Thomas-Young-Notable-figures-hero-image-300x187.jpg 300w, https:\/\/www.lenstore.pt\/cuidados-dos-olhos\/wp-content\/uploads\/sites\/17\/2024\/02\/Thomas-Young-Notable-figures-hero-image-768x479.jpg 768w\" sizes=\"auto, (max-width: 770px) 100vw, 770px\" \/><\/figure>\n<h3 class=\"wp-block-heading\"><strong>Thomas Young \u2013 (1773 &#8211; 1829)<\/strong><\/h3>\n<p>Nascido em Somerset, Inglaterra, em 1773, Thomas Young foi um cientista, m\u00e9dico e erudito brit\u00e2nico cujos extensos estudos abrangeram tudo, desde a anatomia do olho \u00e0 egiptologia. Aos 14 anos, Young tinha aprendido mais de dez idiomas, incluindo grego, latim, \u00e1rabe e franc\u00eas. Young interessou-se pela biologia e anatomia, o que o levou a estudar medicina no hospital St. Bartholomew de Londres em 1792. Continuou os seus estudos na Universidade de Edimburgo, Esc\u00f3cia, e na Universidade de G\u00f6ttingen na Alemanha, onde em 1796 se doutorou em medicina.&nbsp;&nbsp;<\/p>\n<p>Em 1799, Thomas Young regressou a Londres e estabeleceu o seu pr\u00f3prio consult\u00f3rio m\u00e9dico. No entanto, Young distra\u00eda-se facilmente com os seus outros interesses cient\u00edficos, e apesar de ser um m\u00e9dico talentoso, tamb\u00e9m era excelente a dar aulas e a experimentar. Os seus revolucion\u00e1rios avan\u00e7os no estudo das ondas luminosas levaram-no a frequentar os mesmos c\u00edrculos cient\u00edficos que Isaac Newton. Em 1801, foi nomeado professor na Institui\u00e7\u00e3o Real e proferiu mais de 90 semin\u00e1rios antes de se demitir para se dedicar novamente ao seu consult\u00f3rio. Muitos dos seus semin\u00e1rios foram publicados v\u00e1rios anos depois e ainda s\u00e3o usados como materiais para cursos atuais.&nbsp;<\/p>\n<p>Em 1811, Young foi nomeado m\u00e9dico do Hospital de S\u00e3o Jorge mas continuou as suas investiga\u00e7\u00f5es fora do campo m\u00e9dico, em campos como a literatura e as l\u00ednguas antigas. Young teve um papel importante na decifra\u00e7\u00e3o da pedra de Roseta, e as suas notas mais antigas e esquemas de hier\u00f3glifos tornaram poss\u00edvel que o seu rival Jean-Fran\u00e7ois Champollion a traduzisse na \u00edntegra em 1822.&nbsp;<\/p>\n<p>Os seus amigos e c\u00edrculo acad\u00e9mico tinham-no em grande estima, e os seus colegas m\u00e9dicos consideravam-no uma pessoa com paix\u00e3o pela aprendizagem e um verdadeiro &#8220;homem da ci\u00eancia&#8221;.&nbsp;<\/p>\n<p>Young faleceu com 55 anos na sua casa em Londres, e foi enterrado na cripta familiar em Farnborough, Kent. Uma l\u00e1pide na Capela de S\u00e3o Andr\u00e9 na Abadia de Westminster honra Young junto com outros cientistas brit\u00e2nicos not\u00e1veis como Matthew Baillie e o vencedor do Pr\u00e9mio Nobel John Strutt, terceiro Bar\u00e3o Rayleigh.&nbsp;&nbsp;<\/p>\n<h2 class=\"wp-block-heading has-larger-font-size\"><strong>Contribui\u00e7\u00f5es de Thomas Young para os cuidados oculares&nbsp;<\/strong>&nbsp;<\/h2>\n<p>Durante os seus estudos de medicina e anatomia, Thomas Young desenvolveu um grande interesse na sensibilidade dos olhos \u00e0 luz e \u00e0 refra\u00e7\u00e3o. Young observou que uma mudan\u00e7a na forma do cristalino era o que permitia ao olho ver claramente a diferentes dist\u00e2ncias, e n\u00e3o a c\u00f3rnea. Considerado o pioneiro da \u00f3tica fisiol\u00f3gica, estas s\u00e3o outras descobertas e investiga\u00e7\u00f5es de Thomas Young sobre a vis\u00e3o:&nbsp;<\/p>\n<ul class=\"wp-block-list\">\n<li>Considerado a primeira pessoa a descrever e definir de forma exaustiva o astigmatismo&nbsp;<\/li>\n<li>Postulou como os cones fotorrecetores do olho observavam comprimentos de onda de cor. Isto foi posteriormente denominado teoria tricrom\u00e1tica de Young-Helmholtz \u2013 ou seja, que a perce\u00e7\u00e3o da cor se baseia em tr\u00eas recetores oculares sens\u00edveis a tons vermelhos, verdes ou azuis.&nbsp;<\/li>\n<li>Concebeu o seu pr\u00f3prio opt\u00f3metro para determinar com precis\u00e3o o estado de focagem do olho para prescrever melhor gradua\u00e7\u00f5es de lentes de contacto corretivas&nbsp;<\/li>\n<li>Proferiu semin\u00e1rios para a Sociedade Real sobre temas como o &#8220;Mecanismo do Olho&#8221;, &#8220;A Teoria da Luz e da Cor&#8221; e &#8220;Observa\u00e7\u00f5es sobre a Vis\u00e3o&#8221;, que detalharam as suas descobertas no campo da anatomia do olho e como a refra\u00e7\u00e3o e acomoda\u00e7\u00e3o afetam a vis\u00e3o&nbsp;<\/li>\n<\/ul>\n<h2 class=\"wp-block-heading has-larger-font-size\"><strong>Outras conquistas not\u00e1veis de Thomas Young<\/strong>&nbsp;<\/h2>\n<p>Como erudito, e com um vasto conhecimento de v\u00e1rios temas, as conquistas de Thomas Young estenderam-se al\u00e9m da sua profiss\u00e3o prim\u00e1ria como m\u00e9dico. Young tinha muito interesse nos idiomas e na luz. Aqui ficam algumas das suas conquistas mais not\u00e1veis nesses campos:<\/p>\n<ul class=\"wp-block-list\">\n<li>Foi eleito para fazer parte da Sociedade Real aos 21 anos e tornou-se o Secret\u00e1rio de Rela\u00e7\u00f5es Externas da sociedade. Um cargo que ocupou at\u00e9 \u00e0 sua morte em 1829&nbsp;<\/li>\n<li>Young prop\u00f4s a teoria das ondas luminosas em oposi\u00e7\u00e3o \u00e0 teoria das part\u00edculas de luz de Isaac Newton&nbsp;<\/li>\n<li>Desenvolveu uma medida, agora chamada o &#8220;m\u00f3dulo de Young&#8221;, que ajuda a medir a elasticidade dos materiais&nbsp;<\/li>\n<li>Cunhou um termo indo-europeu para se referir aos grupos de l\u00ednguas europeias mais importantes. Young tamb\u00e9m dividiu as l\u00ednguas do mundo em cinco grandes fam\u00edlias: monossil\u00e1bicas, indo-europeias, t\u00e1rtaras, africanas e americanas.&nbsp;<\/li>\n<li>Como egipt\u00f3logo, Young fez avan\u00e7os importantes na decifra\u00e7\u00e3o de hier\u00f3glifos, que posteriormente contribuiu para a tradu\u00e7\u00e3o da pedra de Roseta&nbsp;&nbsp;<\/li>\n<li>Contribuiu desde o in\u00edcio para a cria\u00e7\u00e3o da Enciclop\u00e9dia Brit\u00e2nica. Young escreveu biografias e artigos sobre m\u00fasica, idiomas e ci\u00eancia&nbsp;&nbsp;<\/li>\n<li>A equa\u00e7\u00e3o de Young recebe o seu nome gra\u00e7as a ele, e \u00e9 uma equa\u00e7\u00e3o que descreve a rela\u00e7\u00e3o entre um l\u00edquido quando entra em contacto com uma superf\u00edcie s\u00f3lida e a energia que \u00e9 criada&nbsp;&nbsp;&nbsp;<\/li>\n<li>Eleito Membro Estrangeiro Honor\u00e1rio da Academia Americana das Artes e Ci\u00eancias em 1822<\/li>\n<\/ul>\n<h3 class=\"wp-block-heading\"><strong>Palavras finais&nbsp;<\/strong>&nbsp;<\/h3>\n<p>As teorias de Young constitu\u00edram um ponto de partida para futuras investiga\u00e7\u00f5es e avan\u00e7os de outros vision\u00e1rios \u00f3ticos. O seu contempor\u00e2neo, Sir <a href=\"https:\/\/www.lenstore.pt\/cuidados-dos-olhos\/figura-notable-cuidados-oculares-john-herschel\" target=\"_blank\" rel=\"noreferrer noopener\">John Herschel<\/a>, que prop\u00f4s alguns dos primeiros designs de lentes de contacto, referiu-se a Young como um &#8220;verdadeiro g\u00e9nio original&#8221;.&nbsp;&nbsp;<\/p>\n<p>Embora Thomas Young n\u00e3o tenha inventado nenhum tipo de ajuda para os cuidados oculares, o seu legado para a optometria s\u00e3o o seu trabalho vanguardista sobre como os olhos percebem a cor, e ser a primeira pessoa a descrever e propor tratamentos para corrigir o astigmatismo.&nbsp;&nbsp;<\/p>\n","protected":false},"excerpt":{"rendered":"<p>Thomas Young \u2013 (1773 &#8211; 1829) Nascido em Somerset, Inglaterra, em 1773, Thomas Young foi [&hellip;]<\/p>\n","protected":false},"author":48,"featured_media":1394,"comment_status":"closed","ping_status":"open","sticky":false,"template":"","format":"standard","meta":{"footnotes":""},"categories":[7],"tags":[],"class_list":["post-56","post","type-post","status-publish","format-standard","has-post-thumbnail","hentry","category-saude-ocular"],"yoast_head":"<!-- This site is optimized with the Yoast SEO plugin v28.0 - https:\/\/yoast.com\/product\/yoast-seo-wordpress\/ -->\n<title>Figuras not\u00e1veis nos cuidados oculares \u2013 Thomas Young - Lenstore<\/title>\n<meta name=\"robots\" content=\"index, follow, max-snippet:-1, max-image-preview:large, max-video-preview:-1\" \/>\n<link rel=\"canonical\" href=\"https:\/\/www.lenstore.pt\/cuidados-dos-olhos\/figuras-notaveis-nos-cuidados-oculares-thomas-young\" \/>\n<meta property=\"og:locale\" content=\"pt_PT\" \/>\n<meta property=\"og:type\" content=\"article\" \/>\n<meta property=\"og:title\" content=\"Figuras not\u00e1veis nos cuidados oculares \u2013 Thomas Young - Lenstore\" \/>\n<meta property=\"og:description\" content=\"Thomas Young \u2013 (1773 &#8211; 1829) Nascido em Somerset, Inglaterra, em 1773, Thomas Young foi [&hellip;]\" \/>\n<meta property=\"og:url\" content=\"https:\/\/www.lenstore.pt\/cuidados-dos-olhos\/figuras-notaveis-nos-cuidados-oculares-thomas-young\" \/>\n<meta property=\"og:site_name\" content=\"Lenstore\" \/>\n<meta property=\"article:published_time\" content=\"2026-06-17T13:41:16+00:00\" \/>\n<meta property=\"article:modified_time\" content=\"2026-08-18T14:21:41+00:00\" \/>\n<meta property=\"og:image\" content=\"https:\/\/www.lenstore.pt\/cuidados-dos-olhos\/wp-content\/uploads\/sites\/17\/2024\/02\/Thomas-Young-Notable-figures-hero-image.jpg\" \/>\n\t<meta property=\"og:image:width\" content=\"770\" \/>\n\t<meta property=\"og:image:height\" content=\"480\" \/>\n\t<meta property=\"og:image:type\" content=\"image\/jpeg\" \/>\n<meta name=\"author\" content=\"matthewhadwen\" \/>\n<meta name=\"twitter:card\" content=\"summary_large_image\" \/>\n<meta name=\"twitter:label1\" content=\"Escrito por\" \/>\n\t<meta name=\"twitter:data1\" content=\"matthewhadwen\" \/>\n\t<meta name=\"twitter:label2\" content=\"Tempo estimado de leitura\" \/>\n\t<meta name=\"twitter:data2\" content=\"5 minutos\" \/>\n<script type=\"application\/ld+json\" class=\"yoast-schema-graph\">{\"@context\":\"https:\\\/\\\/schema.org\",\"@graph\":[{\"@type\":\"Article\",\"@id\":\"https:\\\/\\\/www.lenstore.pt\\\/cuidados-dos-olhos\\\/figuras-notaveis-nos-cuidados-oculares-thomas-young#article\",\"isPartOf\":{\"@id\":\"https:\\\/\\\/www.lenstore.pt\\\/cuidados-dos-olhos\\\/figuras-notaveis-nos-cuidados-oculares-thomas-young\"},\"author\":{\"name\":\"matthewhadwen\",\"@id\":\"https:\\\/\\\/www.lenstore.pt\\\/cuidados-dos-olhos\\\/#\\\/schema\\\/person\\\/bd279f5a2d83991548987f26af65a636\"},\"headline\":\"Figuras not\u00e1veis nos cuidados oculares \u2013 Thomas Young\",\"datePublished\":\"2026-06-17T13:41:16+00:00\",\"dateModified\":\"2026-08-18T14:21:41+00:00\",\"mainEntityOfPage\":{\"@id\":\"https:\\\/\\\/www.lenstore.pt\\\/cuidados-dos-olhos\\\/figuras-notaveis-nos-cuidados-oculares-thomas-young\"},\"wordCount\":989,\"publisher\":{\"@id\":\"https:\\\/\\\/www.lenstore.pt\\\/cuidados-dos-olhos\\\/#organization\"},\"image\":{\"@id\":\"https:\\\/\\\/www.lenstore.pt\\\/cuidados-dos-olhos\\\/figuras-notaveis-nos-cuidados-oculares-thomas-young#primaryimage\"},\"thumbnailUrl\":\"https:\\\/\\\/www.lenstore.pt\\\/cuidados-dos-olhos\\\/wp-content\\\/uploads\\\/sites\\\/17\\\/2024\\\/02\\\/Thomas-Young-Notable-figures-hero-image.jpg\",\"articleSection\":[\"Sa\u00fade ocular\"],\"inLanguage\":\"pt-PT\"},{\"@type\":\"WebPage\",\"@id\":\"https:\\\/\\\/www.lenstore.pt\\\/cuidados-dos-olhos\\\/figuras-notaveis-nos-cuidados-oculares-thomas-young\",\"url\":\"https:\\\/\\\/www.lenstore.pt\\\/cuidados-dos-olhos\\\/figuras-notaveis-nos-cuidados-oculares-thomas-young\",\"name\":\"Figuras not\u00e1veis nos cuidados oculares \u2013 Thomas Young - Lenstore\",\"isPartOf\":{\"@id\":\"https:\\\/\\\/www.lenstore.pt\\\/cuidados-dos-olhos\\\/#website\"},\"primaryImageOfPage\":{\"@id\":\"https:\\\/\\\/www.lenstore.pt\\\/cuidados-dos-olhos\\\/figuras-notaveis-nos-cuidados-oculares-thomas-young#primaryimage\"},\"image\":{\"@id\":\"https:\\\/\\\/www.lenstore.pt\\\/cuidados-dos-olhos\\\/figuras-notaveis-nos-cuidados-oculares-thomas-young#primaryimage\"},\"thumbnailUrl\":\"https:\\\/\\\/www.lenstore.pt\\\/cuidados-dos-olhos\\\/wp-content\\\/uploads\\\/sites\\\/17\\\/2024\\\/02\\\/Thomas-Young-Notable-figures-hero-image.jpg\",\"datePublished\":\"2026-06-17T13:41:16+00:00\",\"dateModified\":\"2026-08-18T14:21:41+00:00\",\"breadcrumb\":{\"@id\":\"https:\\\/\\\/www.lenstore.pt\\\/cuidados-dos-olhos\\\/figuras-notaveis-nos-cuidados-oculares-thomas-young#breadcrumb\"},\"inLanguage\":\"pt-PT\",\"potentialAction\":[{\"@type\":\"ReadAction\",\"target\":[\"https:\\\/\\\/www.lenstore.pt\\\/cuidados-dos-olhos\\\/figuras-notaveis-nos-cuidados-oculares-thomas-young\"]}]},{\"@type\":\"ImageObject\",\"inLanguage\":\"pt-PT\",\"@id\":\"https:\\\/\\\/www.lenstore.pt\\\/cuidados-dos-olhos\\\/figuras-notaveis-nos-cuidados-oculares-thomas-young#primaryimage\",\"url\":\"https:\\\/\\\/www.lenstore.pt\\\/cuidados-dos-olhos\\\/wp-content\\\/uploads\\\/sites\\\/17\\\/2024\\\/02\\\/Thomas-Young-Notable-figures-hero-image.jpg\",\"contentUrl\":\"https:\\\/\\\/www.lenstore.pt\\\/cuidados-dos-olhos\\\/wp-content\\\/uploads\\\/sites\\\/17\\\/2024\\\/02\\\/Thomas-Young-Notable-figures-hero-image.jpg\",\"width\":770,\"height\":480},{\"@type\":\"BreadcrumbList\",\"@id\":\"https:\\\/\\\/www.lenstore.pt\\\/cuidados-dos-olhos\\\/figuras-notaveis-nos-cuidados-oculares-thomas-young#breadcrumb\",\"itemListElement\":[{\"@type\":\"ListItem\",\"position\":1,\"name\":\"Home\",\"item\":\"https:\\\/\\\/www.lenstore.pt\\\/cuidados-dos-olhos\\\/\"},{\"@type\":\"ListItem\",\"position\":2,\"name\":\"Figuras not\u00e1veis nos cuidados oculares \u2013 Thomas Young\"}]},{\"@type\":\"WebSite\",\"@id\":\"https:\\\/\\\/www.lenstore.pt\\\/cuidados-dos-olhos\\\/#website\",\"url\":\"https:\\\/\\\/www.lenstore.pt\\\/cuidados-dos-olhos\\\/\",\"name\":\"Lenstore\",\"description\":\"Guia para lentes de contacto | Sa\u00fade | Estilo de vida\",\"publisher\":{\"@id\":\"https:\\\/\\\/www.lenstore.pt\\\/cuidados-dos-olhos\\\/#organization\"},\"potentialAction\":[{\"@type\":\"SearchAction\",\"target\":{\"@type\":\"EntryPoint\",\"urlTemplate\":\"https:\\\/\\\/www.lenstore.pt\\\/cuidados-dos-olhos\\\/?s={search_term_string}\"},\"query-input\":{\"@type\":\"PropertyValueSpecification\",\"valueRequired\":true,\"valueName\":\"search_term_string\"}}],\"inLanguage\":\"pt-PT\"},{\"@type\":\"Organization\",\"@id\":\"https:\\\/\\\/www.lenstore.pt\\\/#organization\",\"name\":\"Lenstore\",\"url\":\"https:\\\/\\\/www.lenstore.pt\",\"logo\":\"https:\\\/\\\/www.lenstore.pt\\\/png\\\/lenstore-logo.png\",\"image\":\"https:\\\/\\\/www.lenstore.pt\\\/png\\\/lenstore-logo.png\",\"companyRegistration\":\"51990\",\"contactPoint\":{\"@type\":\"ContactPoint\",\"contactType\":\"customer service\",\"email\":\"apoiocliente@lenstore.eu\"}},{\"@type\":\"Person\",\"@id\":\"https:\\\/\\\/www.lenstore.pt\\\/cuidados-dos-olhos\\\/#\\\/schema\\\/person\\\/bd279f5a2d83991548987f26af65a636\",\"name\":\"matthewhadwen\",\"url\":\"https:\\\/\\\/www.lenstore.pt\\\/cuidados-dos-olhos\\\/author\\\/matthewhadwen\"}]}<\/script>\n<!-- \/ Yoast SEO plugin. -->","yoast_head_json":{"title":"Figuras not\u00e1veis nos cuidados oculares \u2013 Thomas Young - Lenstore","robots":{"index":"index","follow":"follow","max-snippet":"max-snippet:-1","max-image-preview":"max-image-preview:large","max-video-preview":"max-video-preview:-1"},"canonical":"https:\/\/www.lenstore.pt\/cuidados-dos-olhos\/figuras-notaveis-nos-cuidados-oculares-thomas-young","og_locale":"pt_PT","og_type":"article","og_title":"Figuras not\u00e1veis nos cuidados oculares \u2013 Thomas Young - Lenstore","og_description":"Thomas Young \u2013 (1773 &#8211; 1829) Nascido em Somerset, Inglaterra, em 1773, Thomas Young foi [&hellip;]","og_url":"https:\/\/www.lenstore.pt\/cuidados-dos-olhos\/figuras-notaveis-nos-cuidados-oculares-thomas-young","og_site_name":"Lenstore","article_published_time":"2026-06-17T13:41:16+00:00","article_modified_time":"2026-08-18T14:21:41+00:00","og_image":[{"width":770,"height":480,"url":"https:\/\/www.lenstore.pt\/cuidados-dos-olhos\/wp-content\/uploads\/sites\/17\/2024\/02\/Thomas-Young-Notable-figures-hero-image.jpg","type":"image\/jpeg"}],"author":"matthewhadwen","twitter_card":"summary_large_image","twitter_misc":{"Escrito por":"matthewhadwen","Tempo estimado de leitura":"5 minutos"},"schema":{"@context":"https:\/\/schema.org","@graph":[{"@type":"Article","@id":"https:\/\/www.lenstore.pt\/cuidados-dos-olhos\/figuras-notaveis-nos-cuidados-oculares-thomas-young#article","isPartOf":{"@id":"https:\/\/www.lenstore.pt\/cuidados-dos-olhos\/figuras-notaveis-nos-cuidados-oculares-thomas-young"},"author":{"name":"matthewhadwen","@id":"https:\/\/www.lenstore.pt\/cuidados-dos-olhos\/#\/schema\/person\/bd279f5a2d83991548987f26af65a636"},"headline":"Figuras not\u00e1veis nos cuidados oculares \u2013 Thomas Young","datePublished":"2026-06-17T13:41:16+00:00","dateModified":"2026-08-18T14:21:41+00:00","mainEntityOfPage":{"@id":"https:\/\/www.lenstore.pt\/cuidados-dos-olhos\/figuras-notaveis-nos-cuidados-oculares-thomas-young"},"wordCount":989,"publisher":{"@id":"https:\/\/www.lenstore.pt\/cuidados-dos-olhos\/#organization"},"image":{"@id":"https:\/\/www.lenstore.pt\/cuidados-dos-olhos\/figuras-notaveis-nos-cuidados-oculares-thomas-young#primaryimage"},"thumbnailUrl":"https:\/\/www.lenstore.pt\/cuidados-dos-olhos\/wp-content\/uploads\/sites\/17\/2024\/02\/Thomas-Young-Notable-figures-hero-image.jpg","articleSection":["Sa\u00fade ocular"],"inLanguage":"pt-PT"},{"@type":"WebPage","@id":"https:\/\/www.lenstore.pt\/cuidados-dos-olhos\/figuras-notaveis-nos-cuidados-oculares-thomas-young","url":"https:\/\/www.lenstore.pt\/cuidados-dos-olhos\/figuras-notaveis-nos-cuidados-oculares-thomas-young","name":"Figuras not\u00e1veis nos cuidados oculares \u2013 Thomas Young - Lenstore","isPartOf":{"@id":"https:\/\/www.lenstore.pt\/cuidados-dos-olhos\/#website"},"primaryImageOfPage":{"@id":"https:\/\/www.lenstore.pt\/cuidados-dos-olhos\/figuras-notaveis-nos-cuidados-oculares-thomas-young#primaryimage"},"image":{"@id":"https:\/\/www.lenstore.pt\/cuidados-dos-olhos\/figuras-notaveis-nos-cuidados-oculares-thomas-young#primaryimage"},"thumbnailUrl":"https:\/\/www.lenstore.pt\/cuidados-dos-olhos\/wp-content\/uploads\/sites\/17\/2024\/02\/Thomas-Young-Notable-figures-hero-image.jpg","datePublished":"2026-06-17T13:41:16+00:00","dateModified":"2026-08-18T14:21:41+00:00","breadcrumb":{"@id":"https:\/\/www.lenstore.pt\/cuidados-dos-olhos\/figuras-notaveis-nos-cuidados-oculares-thomas-young#breadcrumb"},"inLanguage":"pt-PT","potentialAction":[{"@type":"ReadAction","target":["https:\/\/www.lenstore.pt\/cuidados-dos-olhos\/figuras-notaveis-nos-cuidados-oculares-thomas-young"]}]},{"@type":"ImageObject","inLanguage":"pt-PT","@id":"https:\/\/www.lenstore.pt\/cuidados-dos-olhos\/figuras-notaveis-nos-cuidados-oculares-thomas-young#primaryimage","url":"https:\/\/www.lenstore.pt\/cuidados-dos-olhos\/wp-content\/uploads\/sites\/17\/2024\/02\/Thomas-Young-Notable-figures-hero-image.jpg","contentUrl":"https:\/\/www.lenstore.pt\/cuidados-dos-olhos\/wp-content\/uploads\/sites\/17\/2024\/02\/Thomas-Young-Notable-figures-hero-image.jpg","width":770,"height":480},{"@type":"BreadcrumbList","@id":"https:\/\/www.lenstore.pt\/cuidados-dos-olhos\/figuras-notaveis-nos-cuidados-oculares-thomas-young#breadcrumb","itemListElement":[{"@type":"ListItem","position":1,"name":"Home","item":"https:\/\/www.lenstore.pt\/cuidados-dos-olhos\/"},{"@type":"ListItem","position":2,"name":"Figuras not\u00e1veis nos cuidados oculares \u2013 Thomas Young"}]},{"@type":"WebSite","@id":"https:\/\/www.lenstore.pt\/cuidados-dos-olhos\/#website","url":"https:\/\/www.lenstore.pt\/cuidados-dos-olhos\/","name":"Lenstore","description":"Guia para lentes de contacto | Sa\u00fade | Estilo de vida","publisher":{"@id":"https:\/\/www.lenstore.pt\/cuidados-dos-olhos\/#organization"},"potentialAction":[{"@type":"SearchAction","target":{"@type":"EntryPoint","urlTemplate":"https:\/\/www.lenstore.pt\/cuidados-dos-olhos\/?s={search_term_string}"},"query-input":{"@type":"PropertyValueSpecification","valueRequired":true,"valueName":"search_term_string"}}],"inLanguage":"pt-PT"},{"@type":"Organization","@id":"https:\/\/www.lenstore.pt\/#organization","name":"Lenstore","url":"https:\/\/www.lenstore.pt","logo":"https:\/\/www.lenstore.pt\/png\/lenstore-logo.png","image":"https:\/\/www.lenstore.pt\/png\/lenstore-logo.png","companyRegistration":"51990","contactPoint":{"@type":"ContactPoint","contactType":"customer service","email":"apoiocliente@lenstore.eu"}},{"@type":"Person","@id":"https:\/\/www.lenstore.pt\/cuidados-dos-olhos\/#\/schema\/person\/bd279f5a2d83991548987f26af65a636","name":"matthewhadwen","url":"https:\/\/www.lenstore.pt\/cuidados-dos-olhos\/author\/matthewhadwen"}]}},"jetpack_featured_media_url":"https:\/\/www.lenstore.pt\/cuidados-dos-olhos\/wp-content\/uploads\/sites\/17\/2024\/02\/Thomas-Young-Notable-figures-hero-image.jpg","order_on_store":null,"_links":{"self":[{"href":"https:\/\/www.lenstore.pt\/cuidados-dos-olhos\/wp-json\/wp\/v2\/posts\/56","targetHints":{"allow":["GET"]}}],"collection":[{"href":"https:\/\/www.lenstore.pt\/cuidados-dos-olhos\/wp-json\/wp\/v2\/posts"}],"about":[{"href":"https:\/\/www.lenstore.pt\/cuidados-dos-olhos\/wp-json\/wp\/v2\/types\/post"}],"author":[{"embeddable":true,"href":"https:\/\/www.lenstore.pt\/cuidados-dos-olhos\/wp-json\/wp\/v2\/users\/48"}],"replies":[{"embeddable":true,"href":"https:\/\/www.lenstore.pt\/cuidados-dos-olhos\/wp-json\/wp\/v2\/comments?post=56"}],"version-history":[{"count":3,"href":"https:\/\/www.lenstore.pt\/cuidados-dos-olhos\/wp-json\/wp\/v2\/posts\/56\/revisions"}],"predecessor-version":[{"id":2057,"href":"https:\/\/www.lenstore.pt\/cuidados-dos-olhos\/wp-json\/wp\/v2\/posts\/56\/revisions\/2057"}],"wp:featuredmedia":[{"embeddable":true,"href":"https:\/\/www.lenstore.pt\/cuidados-dos-olhos\/wp-json\/wp\/v2\/media\/1394"}],"wp:attachment":[{"href":"https:\/\/www.lenstore.pt\/cuidados-dos-olhos\/wp-json\/wp\/v2\/media?parent=56"}],"wp:term":[{"taxonomy":"category","embeddable":true,"href":"https:\/\/www.lenstore.pt\/cuidados-dos-olhos\/wp-json\/wp\/v2\/categories?post=56"},{"taxonomy":"post_tag","embeddable":true,"href":"https:\/\/www.lenstore.pt\/cuidados-dos-olhos\/wp-json\/wp\/v2\/tags?post=56"}],"curies":[{"name":"wp","href":"https:\/\/api.w.org\/{rel}","templated":true}]}}