{"id":51,"date":"2026-06-17T14:41:17","date_gmt":"2026-06-17T13:41:17","guid":{"rendered":"https:\/\/www.lenstore.pt\/cuidados-dos-olhos\/?p=51"},"modified":"2026-08-18T15:22:00","modified_gmt":"2026-08-18T14:22:00","slug":"figuras-notaveis-nos-cuidados-oculares-jose-ignacio-barraquer","status":"publish","type":"post","link":"https:\/\/www.lenstore.pt\/cuidados-dos-olhos\/figuras-notaveis-nos-cuidados-oculares-jose-ignacio-barraquer","title":{"rendered":"Figuras not\u00e1veis nos cuidados oculares \u2013 Jos\u00e9 Ignacio Barraquer"},"content":{"rendered":"<figure class=\"wp-block-image size-full\"><img decoding=\"async\" loading=\"lazy\" width=\"770\" height=\"480\" src=\"https:\/\/www.lenstore.pt\/cuidados-dos-olhos\/wp-content\/uploads\/sites\/4\/2023\/10\/Jose-I-Barraquer-Notable-figures-hero-image.jpg\" alt=\"\" class=\"wp-image-1335\" srcset=\"https:\/\/www.lenstore.pt\/cuidados-dos-olhos\/wp-content\/uploads\/sites\/17\/2023\/10\/Jose-I-Barraquer-Notable-figures-hero-image.jpg 770w, https:\/\/www.lenstore.pt\/cuidados-dos-olhos\/wp-content\/uploads\/sites\/17\/2023\/10\/Jose-I-Barraquer-Notable-figures-hero-image-300x187.jpg 300w, https:\/\/www.lenstore.pt\/cuidados-dos-olhos\/wp-content\/uploads\/sites\/17\/2023\/10\/Jose-I-Barraquer-Notable-figures-hero-image-768x479.jpg 768w\" sizes=\"auto, (max-width: 770px) 100vw, 770px\" \/><\/figure>\n<h2 class=\"wp-block-heading has-larger-font-size\">Jos\u00e9 Ignacio Barraquer Moner \u2013 (1916 &#8211; 1998)&nbsp;&nbsp;<\/h2>\n<p>O Dr. Jos\u00e9 Ignacio Barraquer Moner foi um renomado oftalmologista de uma importante e longeva linhagem de profissionais de cuidados oculares. Nascido em Barcelona, Espanha, em 1916, Jos\u00e9 foi o primeiro filho de Ignacio Barraquer, um eminente oftalmologista que inventou um procedimento cir\u00fargico para remover cataratas utilizando um dispositivo semelhante a um aspirador e ventosas. Numa idade precoce, o pai de Jos\u00e9, Ignacio, transmitiu os seus conhecimentos de ci\u00eancia e oftalmologia aos seus filhos para dar continuidade \u00e0 tradi\u00e7\u00e3o familiar. Para aprofundar a sua forma\u00e7\u00e3o, Jos\u00e9 Ignacio Barraquer matriculou-se em Medicina na Universidade de Barcelona para se tornar cirurgi\u00e3o, onde se licenciou em 1940.&nbsp;<\/p>\n<p>Com o seu pai como mentor, continuou o seu trabalho em oftalmologia no que \u00e9 hoje o Centro de Oftalmologia Barraquer em Barcelona. Em 1952, doutorou-se com louvor em Medicina e Cirurgia pela Universidade de Madrid. Durante o doutoramento, Jos\u00e9 Ignacio viajava regularmente para lecionar e conhecer outros famosos profissionais de cuidados oculares em todo o mundo.&nbsp;&nbsp;<\/p>\n<p>Ap\u00f3s uma visita \u00e0 \u00c1frica do Sul em 1953, Barraquer decidiu que era altura de abrir a sua pr\u00f3pria cl\u00ednica independente e mudou-se com a fam\u00edlia para Bogot\u00e1, Col\u00f4mbia. O Instituto Barraquer de Am\u00e9rica foi fundado em 1964, seguido pela Cl\u00ednica Barraquer de Bogot\u00e1 em 1968. Na Col\u00f4mbia, o doutor Barraquer realizou a maior parte da sua investiga\u00e7\u00e3o e formulou t\u00e9cnicas para cirurgias refrat\u00edvas. Tal como o seu pai e av\u00f4, Barraquer foi um professor de grande talento que orientou muitos colegas jovens no instituto nos seus \u00faltimos anos. O doutor Jos\u00e9 Barraquer esteve ativamente envolvido no ensino e na pr\u00e1tica da investiga\u00e7\u00e3o \u00f3tica at\u00e9 ao seu falecimento em Bogot\u00e1 em 1998.&nbsp;<\/p>\n<h2 class=\"wp-block-heading has-larger-font-size\">As contribui\u00e7\u00f5es de Jos\u00e9 Barraquer para os cuidados oculares&nbsp;<\/h2>\n<p>A contribui\u00e7\u00e3o mais significativa do doutor Jos\u00e9 Barraquer para os cuidados oculares foi a inven\u00e7\u00e3o da queratomileuse em 1948. Este procedimento \u00e9 conseguido atrav\u00e9s do ajuste cir\u00fargico da curvatura do disco corneal, removendo-o e remodelando o seu tecido com ferramentas especializadas (muitas das quais foram inventadas pelo pr\u00f3prio Barraquer), e recolocando-o posteriormente no olho do doente ap\u00f3s a modifica\u00e7\u00e3o. Este procedimento pode corrigir a miopia e a hipermetropia e permite ao doente deixar de depender de \u00f3culos ou lentes de contacto.&nbsp;<\/p>\n<p>Entre outras contribui\u00e7\u00f5es not\u00e1veis de Jos\u00e9 Ignacio Barraquer para o mundo da oftalmologia encontramos:<\/p>\n<ul class=\"wp-block-list\">\n<li>Inven\u00e7\u00e3o dos procedimentos cir\u00fargicos de queratoplastia refrativa \u2013 queratomileuse e queratofaquia \u2013, nos quais o tecido corneal \u00e9 congelado e remodelado para corrigir erros refrativos&nbsp;&nbsp;<\/li>\n<li>O K no acr\u00f3nimo LASIK prov\u00e9m do seu procedimento: a queratomileuse (Laser-Assisted In Situ Keratomileusis. Em portugu\u00eas: Queratomileuse In Situ Assistida por Laser)&nbsp;<\/li>\n<li>Ao longo da sua vida, publicou mais de 260 artigos sobre tecido ocular, cirurgia refrativa e teorias \u00f3ticas&nbsp;&nbsp;<\/li>\n<li>Inventou 19 t\u00e9cnicas cir\u00fargicas oftalmol\u00f3gicas e 45 instrumentos cir\u00fargicos&nbsp;<\/li>\n<li>O Pr\u00e9mio Barraquer \u00e9 uma distin\u00e7\u00e3o anual que presta homenagem a oftalmologistas que tenham dado grandes contribui\u00e7\u00f5es \u00e0 cirurgia refrativa ao longo da sua carreira&nbsp;&nbsp;<\/li>\n<li>Ganhou in\u00fameros pr\u00e9mios pelas suas investiga\u00e7\u00f5es e ensinamentos, entre os quais: Oftalmologista do S\u00e9culo pelo Clube Internacional de Cirurgia e foi nomeado um dos Oftalmologistas de Maior Influ\u00eancia do S\u00e9culo XX pela Sociedade Americana de Cataratas e Cirurgia Refrativa.&nbsp;&nbsp;<\/li>\n<\/ul>\n<h3 class=\"wp-block-heading has-larger-font-size\">Palavras finais&nbsp;<\/h3>\n<p>Frequentemente reconhecido como o &#8220;Pai da Cirurgia Refrativa Moderna&#8221;, o impacto do doutor Jos\u00e9 Ignacio Barraquer na comunidade oftalmol\u00f3gica e nos cuidados oculares ainda se faz sentir hoje em dia. Muitas das suas t\u00e9cnicas e inova\u00e7\u00f5es cir\u00fargicas s\u00e3o rotineiramente utilizadas por oftalmologistas em todo o mundo. O procedimento que desenvolveu (a queratomileuse) serviu de base para a cirurgia LASIK e outros procedimentos oculares modernos para corrigir erros de vis\u00e3o comuns como a <a href=\"https:\/\/www.lenstore.pt\/cuidados-dos-olhos\/miopia-causas-sintomas-e-tratamento\" target=\"_blank\" rel=\"noreferrer noopener\">miopia<\/a>, <a href=\"https:\/\/www.lenstore.pt\/cuidados-dos-olhos\/o-que-e-a-hipermetropia\" target=\"_blank\" rel=\"noreferrer noopener\">hipermetropia<\/a> e o <a href=\"https:\/\/www.lenstore.pt\/cuidados-dos-olhos\/o-guia-definitivo-para-o-astigmatismo\" target=\"_blank\" rel=\"noreferrer noopener\">astigmatismo<\/a> em milh\u00f5es de pessoas. <\/p>\n","protected":false},"excerpt":{"rendered":"<p>Jos\u00e9 Ignacio Barraquer Moner \u2013 (1916 &#8211; 1998)&nbsp;&nbsp; O Dr. Jos\u00e9 Ignacio Barraquer Moner foi [&hellip;]<\/p>\n","protected":false},"author":48,"featured_media":1335,"comment_status":"closed","ping_status":"open","sticky":false,"template":"","format":"standard","meta":{"footnotes":""},"categories":[2],"tags":[],"class_list":["post-51","post","type-post","status-publish","format-standard","has-post-thumbnail","hentry","category-curiosidade-e-diversao"],"yoast_head":"<!-- This site is optimized with the Yoast SEO plugin v28.0 - https:\/\/yoast.com\/product\/yoast-seo-wordpress\/ -->\n<title>Figuras not\u00e1veis nos cuidados oculares \u2013 Jos\u00e9 Ignacio Barraquer - Lenstore<\/title>\n<meta name=\"robots\" content=\"index, follow, max-snippet:-1, max-image-preview:large, max-video-preview:-1\" \/>\n<link rel=\"canonical\" href=\"https:\/\/www.lenstore.pt\/cuidados-dos-olhos\/figuras-notaveis-nos-cuidados-oculares-jose-ignacio-barraquer\" \/>\n<meta property=\"og:locale\" content=\"pt_PT\" \/>\n<meta property=\"og:type\" content=\"article\" \/>\n<meta property=\"og:title\" content=\"Figuras not\u00e1veis nos cuidados oculares \u2013 Jos\u00e9 Ignacio Barraquer - Lenstore\" \/>\n<meta property=\"og:description\" content=\"Jos\u00e9 Ignacio Barraquer Moner \u2013 (1916 &#8211; 1998)&nbsp;&nbsp; O Dr. Jos\u00e9 Ignacio Barraquer Moner foi [&hellip;]\" \/>\n<meta property=\"og:url\" content=\"https:\/\/www.lenstore.pt\/cuidados-dos-olhos\/figuras-notaveis-nos-cuidados-oculares-jose-ignacio-barraquer\" \/>\n<meta property=\"og:site_name\" content=\"Lenstore\" \/>\n<meta property=\"article:published_time\" content=\"2026-06-17T13:41:17+00:00\" \/>\n<meta property=\"article:modified_time\" content=\"2026-08-18T14:22:00+00:00\" \/>\n<meta property=\"og:image\" content=\"https:\/\/www.lenstore.pt\/cuidados-dos-olhos\/wp-content\/uploads\/sites\/17\/2023\/10\/Jose-I-Barraquer-Notable-figures-hero-image.jpg\" \/>\n\t<meta property=\"og:image:width\" content=\"770\" \/>\n\t<meta property=\"og:image:height\" content=\"480\" \/>\n\t<meta property=\"og:image:type\" content=\"image\/jpeg\" \/>\n<meta name=\"author\" content=\"matthewhadwen\" \/>\n<meta name=\"twitter:card\" content=\"summary_large_image\" \/>\n<meta name=\"twitter:label1\" content=\"Escrito por\" \/>\n\t<meta name=\"twitter:data1\" content=\"matthewhadwen\" \/>\n\t<meta name=\"twitter:label2\" content=\"Tempo estimado de leitura\" \/>\n\t<meta name=\"twitter:data2\" content=\"3 minutos\" \/>\n<script type=\"application\/ld+json\" class=\"yoast-schema-graph\">{\"@context\":\"https:\\\/\\\/schema.org\",\"@graph\":[{\"@type\":\"Article\",\"@id\":\"https:\\\/\\\/www.lenstore.pt\\\/cuidados-dos-olhos\\\/figuras-notaveis-nos-cuidados-oculares-jose-ignacio-barraquer#article\",\"isPartOf\":{\"@id\":\"https:\\\/\\\/www.lenstore.pt\\\/cuidados-dos-olhos\\\/figuras-notaveis-nos-cuidados-oculares-jose-ignacio-barraquer\"},\"author\":{\"name\":\"matthewhadwen\",\"@id\":\"https:\\\/\\\/www.lenstore.pt\\\/cuidados-dos-olhos\\\/#\\\/schema\\\/person\\\/bd279f5a2d83991548987f26af65a636\"},\"headline\":\"Figuras not\u00e1veis nos cuidados oculares \u2013 Jos\u00e9 Ignacio Barraquer\",\"datePublished\":\"2026-06-17T13:41:17+00:00\",\"dateModified\":\"2026-08-18T14:22:00+00:00\",\"mainEntityOfPage\":{\"@id\":\"https:\\\/\\\/www.lenstore.pt\\\/cuidados-dos-olhos\\\/figuras-notaveis-nos-cuidados-oculares-jose-ignacio-barraquer\"},\"wordCount\":664,\"publisher\":{\"@id\":\"https:\\\/\\\/www.lenstore.pt\\\/cuidados-dos-olhos\\\/#organization\"},\"image\":{\"@id\":\"https:\\\/\\\/www.lenstore.pt\\\/cuidados-dos-olhos\\\/figuras-notaveis-nos-cuidados-oculares-jose-ignacio-barraquer#primaryimage\"},\"thumbnailUrl\":\"https:\\\/\\\/www.lenstore.pt\\\/cuidados-dos-olhos\\\/wp-content\\\/uploads\\\/sites\\\/17\\\/2023\\\/10\\\/Jose-I-Barraquer-Notable-figures-hero-image.jpg\",\"articleSection\":[\"Curiosidade e divers\u00e3o\"],\"inLanguage\":\"pt-PT\"},{\"@type\":\"WebPage\",\"@id\":\"https:\\\/\\\/www.lenstore.pt\\\/cuidados-dos-olhos\\\/figuras-notaveis-nos-cuidados-oculares-jose-ignacio-barraquer\",\"url\":\"https:\\\/\\\/www.lenstore.pt\\\/cuidados-dos-olhos\\\/figuras-notaveis-nos-cuidados-oculares-jose-ignacio-barraquer\",\"name\":\"Figuras not\u00e1veis nos cuidados oculares \u2013 Jos\u00e9 Ignacio Barraquer - Lenstore\",\"isPartOf\":{\"@id\":\"https:\\\/\\\/www.lenstore.pt\\\/cuidados-dos-olhos\\\/#website\"},\"primaryImageOfPage\":{\"@id\":\"https:\\\/\\\/www.lenstore.pt\\\/cuidados-dos-olhos\\\/figuras-notaveis-nos-cuidados-oculares-jose-ignacio-barraquer#primaryimage\"},\"image\":{\"@id\":\"https:\\\/\\\/www.lenstore.pt\\\/cuidados-dos-olhos\\\/figuras-notaveis-nos-cuidados-oculares-jose-ignacio-barraquer#primaryimage\"},\"thumbnailUrl\":\"https:\\\/\\\/www.lenstore.pt\\\/cuidados-dos-olhos\\\/wp-content\\\/uploads\\\/sites\\\/17\\\/2023\\\/10\\\/Jose-I-Barraquer-Notable-figures-hero-image.jpg\",\"datePublished\":\"2026-06-17T13:41:17+00:00\",\"dateModified\":\"2026-08-18T14:22:00+00:00\",\"breadcrumb\":{\"@id\":\"https:\\\/\\\/www.lenstore.pt\\\/cuidados-dos-olhos\\\/figuras-notaveis-nos-cuidados-oculares-jose-ignacio-barraquer#breadcrumb\"},\"inLanguage\":\"pt-PT\",\"potentialAction\":[{\"@type\":\"ReadAction\",\"target\":[\"https:\\\/\\\/www.lenstore.pt\\\/cuidados-dos-olhos\\\/figuras-notaveis-nos-cuidados-oculares-jose-ignacio-barraquer\"]}]},{\"@type\":\"ImageObject\",\"inLanguage\":\"pt-PT\",\"@id\":\"https:\\\/\\\/www.lenstore.pt\\\/cuidados-dos-olhos\\\/figuras-notaveis-nos-cuidados-oculares-jose-ignacio-barraquer#primaryimage\",\"url\":\"https:\\\/\\\/www.lenstore.pt\\\/cuidados-dos-olhos\\\/wp-content\\\/uploads\\\/sites\\\/17\\\/2023\\\/10\\\/Jose-I-Barraquer-Notable-figures-hero-image.jpg\",\"contentUrl\":\"https:\\\/\\\/www.lenstore.pt\\\/cuidados-dos-olhos\\\/wp-content\\\/uploads\\\/sites\\\/17\\\/2023\\\/10\\\/Jose-I-Barraquer-Notable-figures-hero-image.jpg\",\"width\":770,\"height\":480},{\"@type\":\"BreadcrumbList\",\"@id\":\"https:\\\/\\\/www.lenstore.pt\\\/cuidados-dos-olhos\\\/figuras-notaveis-nos-cuidados-oculares-jose-ignacio-barraquer#breadcrumb\",\"itemListElement\":[{\"@type\":\"ListItem\",\"position\":1,\"name\":\"Home\",\"item\":\"https:\\\/\\\/www.lenstore.pt\\\/cuidados-dos-olhos\\\/\"},{\"@type\":\"ListItem\",\"position\":2,\"name\":\"Figuras not\u00e1veis nos cuidados oculares \u2013 Jos\u00e9 Ignacio Barraquer\"}]},{\"@type\":\"WebSite\",\"@id\":\"https:\\\/\\\/www.lenstore.pt\\\/cuidados-dos-olhos\\\/#website\",\"url\":\"https:\\\/\\\/www.lenstore.pt\\\/cuidados-dos-olhos\\\/\",\"name\":\"Lenstore\",\"description\":\"Guia para lentes de contacto | Sa\u00fade | Estilo de vida\",\"publisher\":{\"@id\":\"https:\\\/\\\/www.lenstore.pt\\\/cuidados-dos-olhos\\\/#organization\"},\"potentialAction\":[{\"@type\":\"SearchAction\",\"target\":{\"@type\":\"EntryPoint\",\"urlTemplate\":\"https:\\\/\\\/www.lenstore.pt\\\/cuidados-dos-olhos\\\/?s={search_term_string}\"},\"query-input\":{\"@type\":\"PropertyValueSpecification\",\"valueRequired\":true,\"valueName\":\"search_term_string\"}}],\"inLanguage\":\"pt-PT\"},{\"@type\":\"Organization\",\"@id\":\"https:\\\/\\\/www.lenstore.pt\\\/#organization\",\"name\":\"Lenstore\",\"url\":\"https:\\\/\\\/www.lenstore.pt\",\"logo\":\"https:\\\/\\\/www.lenstore.pt\\\/png\\\/lenstore-logo.png\",\"image\":\"https:\\\/\\\/www.lenstore.pt\\\/png\\\/lenstore-logo.png\",\"companyRegistration\":\"51990\",\"contactPoint\":{\"@type\":\"ContactPoint\",\"contactType\":\"customer service\",\"email\":\"apoiocliente@lenstore.eu\"}},{\"@type\":\"Person\",\"@id\":\"https:\\\/\\\/www.lenstore.pt\\\/cuidados-dos-olhos\\\/#\\\/schema\\\/person\\\/bd279f5a2d83991548987f26af65a636\",\"name\":\"matthewhadwen\",\"url\":\"https:\\\/\\\/www.lenstore.pt\\\/cuidados-dos-olhos\\\/author\\\/matthewhadwen\"}]}<\/script>\n<!-- \/ Yoast SEO plugin. -->","yoast_head_json":{"title":"Figuras not\u00e1veis nos cuidados oculares \u2013 Jos\u00e9 Ignacio Barraquer - Lenstore","robots":{"index":"index","follow":"follow","max-snippet":"max-snippet:-1","max-image-preview":"max-image-preview:large","max-video-preview":"max-video-preview:-1"},"canonical":"https:\/\/www.lenstore.pt\/cuidados-dos-olhos\/figuras-notaveis-nos-cuidados-oculares-jose-ignacio-barraquer","og_locale":"pt_PT","og_type":"article","og_title":"Figuras not\u00e1veis nos cuidados oculares \u2013 Jos\u00e9 Ignacio Barraquer - Lenstore","og_description":"Jos\u00e9 Ignacio Barraquer Moner \u2013 (1916 &#8211; 1998)&nbsp;&nbsp; O Dr. Jos\u00e9 Ignacio Barraquer Moner foi [&hellip;]","og_url":"https:\/\/www.lenstore.pt\/cuidados-dos-olhos\/figuras-notaveis-nos-cuidados-oculares-jose-ignacio-barraquer","og_site_name":"Lenstore","article_published_time":"2026-06-17T13:41:17+00:00","article_modified_time":"2026-08-18T14:22:00+00:00","og_image":[{"width":770,"height":480,"url":"https:\/\/www.lenstore.pt\/cuidados-dos-olhos\/wp-content\/uploads\/sites\/17\/2023\/10\/Jose-I-Barraquer-Notable-figures-hero-image.jpg","type":"image\/jpeg"}],"author":"matthewhadwen","twitter_card":"summary_large_image","twitter_misc":{"Escrito por":"matthewhadwen","Tempo estimado de leitura":"3 minutos"},"schema":{"@context":"https:\/\/schema.org","@graph":[{"@type":"Article","@id":"https:\/\/www.lenstore.pt\/cuidados-dos-olhos\/figuras-notaveis-nos-cuidados-oculares-jose-ignacio-barraquer#article","isPartOf":{"@id":"https:\/\/www.lenstore.pt\/cuidados-dos-olhos\/figuras-notaveis-nos-cuidados-oculares-jose-ignacio-barraquer"},"author":{"name":"matthewhadwen","@id":"https:\/\/www.lenstore.pt\/cuidados-dos-olhos\/#\/schema\/person\/bd279f5a2d83991548987f26af65a636"},"headline":"Figuras not\u00e1veis nos cuidados oculares \u2013 Jos\u00e9 Ignacio Barraquer","datePublished":"2026-06-17T13:41:17+00:00","dateModified":"2026-08-18T14:22:00+00:00","mainEntityOfPage":{"@id":"https:\/\/www.lenstore.pt\/cuidados-dos-olhos\/figuras-notaveis-nos-cuidados-oculares-jose-ignacio-barraquer"},"wordCount":664,"publisher":{"@id":"https:\/\/www.lenstore.pt\/cuidados-dos-olhos\/#organization"},"image":{"@id":"https:\/\/www.lenstore.pt\/cuidados-dos-olhos\/figuras-notaveis-nos-cuidados-oculares-jose-ignacio-barraquer#primaryimage"},"thumbnailUrl":"https:\/\/www.lenstore.pt\/cuidados-dos-olhos\/wp-content\/uploads\/sites\/17\/2023\/10\/Jose-I-Barraquer-Notable-figures-hero-image.jpg","articleSection":["Curiosidade e divers\u00e3o"],"inLanguage":"pt-PT"},{"@type":"WebPage","@id":"https:\/\/www.lenstore.pt\/cuidados-dos-olhos\/figuras-notaveis-nos-cuidados-oculares-jose-ignacio-barraquer","url":"https:\/\/www.lenstore.pt\/cuidados-dos-olhos\/figuras-notaveis-nos-cuidados-oculares-jose-ignacio-barraquer","name":"Figuras not\u00e1veis nos cuidados oculares \u2013 Jos\u00e9 Ignacio Barraquer - Lenstore","isPartOf":{"@id":"https:\/\/www.lenstore.pt\/cuidados-dos-olhos\/#website"},"primaryImageOfPage":{"@id":"https:\/\/www.lenstore.pt\/cuidados-dos-olhos\/figuras-notaveis-nos-cuidados-oculares-jose-ignacio-barraquer#primaryimage"},"image":{"@id":"https:\/\/www.lenstore.pt\/cuidados-dos-olhos\/figuras-notaveis-nos-cuidados-oculares-jose-ignacio-barraquer#primaryimage"},"thumbnailUrl":"https:\/\/www.lenstore.pt\/cuidados-dos-olhos\/wp-content\/uploads\/sites\/17\/2023\/10\/Jose-I-Barraquer-Notable-figures-hero-image.jpg","datePublished":"2026-06-17T13:41:17+00:00","dateModified":"2026-08-18T14:22:00+00:00","breadcrumb":{"@id":"https:\/\/www.lenstore.pt\/cuidados-dos-olhos\/figuras-notaveis-nos-cuidados-oculares-jose-ignacio-barraquer#breadcrumb"},"inLanguage":"pt-PT","potentialAction":[{"@type":"ReadAction","target":["https:\/\/www.lenstore.pt\/cuidados-dos-olhos\/figuras-notaveis-nos-cuidados-oculares-jose-ignacio-barraquer"]}]},{"@type":"ImageObject","inLanguage":"pt-PT","@id":"https:\/\/www.lenstore.pt\/cuidados-dos-olhos\/figuras-notaveis-nos-cuidados-oculares-jose-ignacio-barraquer#primaryimage","url":"https:\/\/www.lenstore.pt\/cuidados-dos-olhos\/wp-content\/uploads\/sites\/17\/2023\/10\/Jose-I-Barraquer-Notable-figures-hero-image.jpg","contentUrl":"https:\/\/www.lenstore.pt\/cuidados-dos-olhos\/wp-content\/uploads\/sites\/17\/2023\/10\/Jose-I-Barraquer-Notable-figures-hero-image.jpg","width":770,"height":480},{"@type":"BreadcrumbList","@id":"https:\/\/www.lenstore.pt\/cuidados-dos-olhos\/figuras-notaveis-nos-cuidados-oculares-jose-ignacio-barraquer#breadcrumb","itemListElement":[{"@type":"ListItem","position":1,"name":"Home","item":"https:\/\/www.lenstore.pt\/cuidados-dos-olhos\/"},{"@type":"ListItem","position":2,"name":"Figuras not\u00e1veis nos cuidados oculares \u2013 Jos\u00e9 Ignacio Barraquer"}]},{"@type":"WebSite","@id":"https:\/\/www.lenstore.pt\/cuidados-dos-olhos\/#website","url":"https:\/\/www.lenstore.pt\/cuidados-dos-olhos\/","name":"Lenstore","description":"Guia para lentes de contacto | Sa\u00fade | Estilo de vida","publisher":{"@id":"https:\/\/www.lenstore.pt\/cuidados-dos-olhos\/#organization"},"potentialAction":[{"@type":"SearchAction","target":{"@type":"EntryPoint","urlTemplate":"https:\/\/www.lenstore.pt\/cuidados-dos-olhos\/?s={search_term_string}"},"query-input":{"@type":"PropertyValueSpecification","valueRequired":true,"valueName":"search_term_string"}}],"inLanguage":"pt-PT"},{"@type":"Organization","@id":"https:\/\/www.lenstore.pt\/#organization","name":"Lenstore","url":"https:\/\/www.lenstore.pt","logo":"https:\/\/www.lenstore.pt\/png\/lenstore-logo.png","image":"https:\/\/www.lenstore.pt\/png\/lenstore-logo.png","companyRegistration":"51990","contactPoint":{"@type":"ContactPoint","contactType":"customer service","email":"apoiocliente@lenstore.eu"}},{"@type":"Person","@id":"https:\/\/www.lenstore.pt\/cuidados-dos-olhos\/#\/schema\/person\/bd279f5a2d83991548987f26af65a636","name":"matthewhadwen","url":"https:\/\/www.lenstore.pt\/cuidados-dos-olhos\/author\/matthewhadwen"}]}},"jetpack_featured_media_url":"https:\/\/www.lenstore.pt\/cuidados-dos-olhos\/wp-content\/uploads\/sites\/17\/2023\/10\/Jose-I-Barraquer-Notable-figures-hero-image.jpg","order_on_store":null,"_links":{"self":[{"href":"https:\/\/www.lenstore.pt\/cuidados-dos-olhos\/wp-json\/wp\/v2\/posts\/51","targetHints":{"allow":["GET"]}}],"collection":[{"href":"https:\/\/www.lenstore.pt\/cuidados-dos-olhos\/wp-json\/wp\/v2\/posts"}],"about":[{"href":"https:\/\/www.lenstore.pt\/cuidados-dos-olhos\/wp-json\/wp\/v2\/types\/post"}],"author":[{"embeddable":true,"href":"https:\/\/www.lenstore.pt\/cuidados-dos-olhos\/wp-json\/wp\/v2\/users\/48"}],"replies":[{"embeddable":true,"href":"https:\/\/www.lenstore.pt\/cuidados-dos-olhos\/wp-json\/wp\/v2\/comments?post=51"}],"version-history":[{"count":5,"href":"https:\/\/www.lenstore.pt\/cuidados-dos-olhos\/wp-json\/wp\/v2\/posts\/51\/revisions"}],"predecessor-version":[{"id":2074,"href":"https:\/\/www.lenstore.pt\/cuidados-dos-olhos\/wp-json\/wp\/v2\/posts\/51\/revisions\/2074"}],"wp:featuredmedia":[{"embeddable":true,"href":"https:\/\/www.lenstore.pt\/cuidados-dos-olhos\/wp-json\/wp\/v2\/media\/1335"}],"wp:attachment":[{"href":"https:\/\/www.lenstore.pt\/cuidados-dos-olhos\/wp-json\/wp\/v2\/media?parent=51"}],"wp:term":[{"taxonomy":"category","embeddable":true,"href":"https:\/\/www.lenstore.pt\/cuidados-dos-olhos\/wp-json\/wp\/v2\/categories?post=51"},{"taxonomy":"post_tag","embeddable":true,"href":"https:\/\/www.lenstore.pt\/cuidados-dos-olhos\/wp-json\/wp\/v2\/tags?post=51"}],"curies":[{"name":"wp","href":"https:\/\/api.w.org\/{rel}","templated":true}]}}