{"id":36,"date":"2026-06-17T14:41:32","date_gmt":"2026-06-17T13:41:32","guid":{"rendered":"https:\/\/www.lenstore.pt\/cuidados-dos-olhos\/?p=36"},"modified":"2026-06-17T15:12:45","modified_gmt":"2026-06-17T14:12:45","slug":"lentes-de-contacto-descontinuadas","status":"publish","type":"post","link":"https:\/\/www.lenstore.pt\/cuidados-dos-olhos\/lentes-de-contacto-descontinuadas","title":{"rendered":"Lentes de contacto descontinuadas?"},"content":{"rendered":"<figure class=\"wp-block-image size-full\"><img loading=\"lazy\" decoding=\"async\" width=\"770\" height=\"480\" src=\"https:\/\/www.lenstore.pt\/cuidados-dos-olhos\/wp-content\/uploads\/sites\/4\/2023\/10\/ES-Discontinuation-article-Hero-copy.jpg\" alt=\"\" class=\"wp-image-1290\" srcset=\"https:\/\/www.lenstore.pt\/cuidados-dos-olhos\/wp-content\/uploads\/sites\/4\/2023\/10\/ES-Discontinuation-article-Hero-copy.jpg 770w, https:\/\/www.lenstore.pt\/cuidados-dos-olhos\/wp-content\/uploads\/sites\/4\/2023\/10\/ES-Discontinuation-article-Hero-copy-300x187.jpg 300w, https:\/\/www.lenstore.pt\/cuidados-dos-olhos\/wp-content\/uploads\/sites\/4\/2023\/10\/ES-Discontinuation-article-Hero-copy-768x479.jpg 768w\" sizes=\"auto, (max-width: 770px) 100vw, 770px\" \/><\/figure>\n<p>J\u00e1 ouviste o ditado &#8216;nada dura para sempre&#8217;, o que \u00e9 muito verdade na ind\u00fastria das lentes de contacto. Por vezes, um tipo de lente chega ao fim e chega o momento em que o fabricante decide descontinuar a sua produ\u00e7\u00e3o. Embora as lentes possam ser descontinuadas por muitas raz\u00f5es, uma das mais comuns \u00e9 que op\u00e7\u00f5es mais novas e avan\u00e7adas est\u00e3o j\u00e1 dispon\u00edveis para substituir as antigas. Com inova\u00e7\u00f5es tecnol\u00f3gicas a aparecer constantemente, as caracter\u00edsticas das lentes est\u00e3o sempre a mudar, o que faz com que os tipos de lentes mais antigos deixem de ser a prefer\u00eancia dos consumidores e, eventualmente, sejam descontinuados.&nbsp;&nbsp;<\/p>\n<p>Uma mudan\u00e7a \u00e9 frequentemente um desafio, especialmente com produtos como as lentes de contacto, que os utilizadores usam habitualmente durante anos. No entanto, poder\u00e1s verificar que atualizar e mudar para um novo produto com melhores caracter\u00edsticas ir\u00e1 melhorar a experi\u00eancia de uso em geral.&nbsp;<\/p>\n<p>Se as tuas lentes v\u00e3o ser descontinuadas em breve (ou j\u00e1 foram), aqui est\u00e3o as recomenda\u00e7\u00f5es da nossa optometrista sobre quais as op\u00e7\u00f5es de atualiza\u00e7\u00e3o mais recomendadas ou adequadas. Como com qualquer mudan\u00e7a na tua rotina de lentes, por favor fala diretamente com o teu profissional de cuidados oculares; eles saber\u00e3o melhor do que ningu\u00e9m o que \u00e9 melhor para as tuas necessidades visuais particulares.&nbsp;<\/p>\n<h2 class=\"wp-block-heading has-larger-font-size\">Alternativas para lentes de contacto descontinuadas<\/h2>\n<figure class=\"wp-block-gallery has-nested-images columns-default is-cropped wp-block-gallery-1 is-layout-flex wp-block-gallery-is-layout-flex\">\n<figure class=\"wp-block-image size-large\"><img loading=\"lazy\" decoding=\"async\" width=\"770\" height=\"220\" data-id=\"1292\" src=\"https:\/\/www.lenstore.pt\/cuidados-dos-olhos\/wp-content\/uploads\/sites\/4\/2023\/10\/Focus-dailies.jpg\" alt=\"\" class=\"wp-image-1292\" srcset=\"https:\/\/www.lenstore.pt\/cuidados-dos-olhos\/wp-content\/uploads\/sites\/4\/2023\/10\/Focus-dailies.jpg 770w, https:\/\/www.lenstore.pt\/cuidados-dos-olhos\/wp-content\/uploads\/sites\/4\/2023\/10\/Focus-dailies-300x86.jpg 300w, https:\/\/www.lenstore.pt\/cuidados-dos-olhos\/wp-content\/uploads\/sites\/4\/2023\/10\/Focus-dailies-768x219.jpg 768w\" sizes=\"auto, (max-width: 770px) 100vw, 770px\" \/><\/figure>\n<\/figure>\n<h3 class=\"wp-block-heading\">Lentes descontinuadas: Focus Dailies All Day Comfort <strong> <\/strong><\/h3>\n<h3 class=\"wp-block-heading\">Alternativa recomendada: <a href=\"https:\/\/www.lenstore.pt\/lentes-de-contacto\/p5\/dailies-aquacomfort-plus\" target=\"_blank\" rel=\"noreferrer noopener\">Dailies AquaComfort Plus<\/a> <\/h3>\n<p>Como uma das primeiras lentes descart\u00e1veis do mercado, as Focus Dailies All Day Comfort foram uma linha popular da CIBA Vision (agora Alcon) pelo seu conforto e facilidade de uso. Em 2009, uma vers\u00e3o premium da lente, as Dailies AquaComfort Plus, juntou-se \u00e0 fam\u00edlia. Com tecnologia Blink-activated e novos par\u00e2metros, \u00e9 l\u00f3gico que a Alcon promovesse esta nova gera\u00e7\u00e3o de lentes e descontinuasse as Focus Dailies All Day Comfort completamente no final de 2023.<\/p>\n<p><strong>\u00c9 necess\u00e1rio um reajuste?<\/strong> A Alcon define as Dailies AquaComfort Plus como uma substitui\u00e7\u00e3o direta das Focus Dailies All Day Comfort, mas mesmo assim aconselhamos a consultar um profissional de cuidados oculares antes de realizar a mudan\u00e7a para uma lente com par\u00e2metros diferentes.<\/p>\n<figure class=\"wp-block-image size-full\"><img loading=\"lazy\" decoding=\"async\" width=\"770\" height=\"220\" src=\"https:\/\/www.lenstore.pt\/cuidados-dos-olhos\/wp-content\/uploads\/sites\/4\/2023\/10\/TruEye.jpg\" alt=\"\" class=\"wp-image-1293\" srcset=\"https:\/\/www.lenstore.pt\/cuidados-dos-olhos\/wp-content\/uploads\/sites\/4\/2023\/10\/TruEye.jpg 770w, https:\/\/www.lenstore.pt\/cuidados-dos-olhos\/wp-content\/uploads\/sites\/4\/2023\/10\/TruEye-300x86.jpg 300w, https:\/\/www.lenstore.pt\/cuidados-dos-olhos\/wp-content\/uploads\/sites\/4\/2023\/10\/TruEye-768x219.jpg 768w\" sizes=\"auto, (max-width: 770px) 100vw, 770px\" \/><\/figure>\n<h3 class=\"wp-block-heading\">Lentes descontinuadas:&nbsp;<strong>1 Day ACUVUE TruEye<\/strong>&nbsp;<\/h3>\n<h3 class=\"wp-block-heading\">Alternativa recomendada: <strong><a href=\"https:\/\/www.lenstore.pt\/lentes-de-contacto\/p458\/acuvue-oasys-1-day\" target=\"_blank\" rel=\"noreferrer noopener\">ACUVUE Oasys 1 Day<\/a><\/strong><\/h3>\n<p>Favoritas e entre as lentes mais vendidas durante muito tempo, as ACUVUE TruEye foram as primeiras di\u00e1rias descart\u00e1veis a contar com materiais de hidrogel de silicone de alto n\u00edvel. Com o lan\u00e7amento das Oasys de 1 dia em 2016, a gera\u00e7\u00e3o mais recente das lentes ACUVUE contava com tecnologia HydraLuxe e era considerada uma atualiza\u00e7\u00e3o importante em rela\u00e7\u00e3o \u00e0s TruEye. No entanto, devido \u00e0 popularidade das TruEye, a ACUVUE demorou algum tempo a parar a produ\u00e7\u00e3o destas lentes, sendo que foram finalmente descontinuadas em 2022. Embora ainda restem algumas em stock para certas gradua\u00e7\u00f5es, os utilizadores das lentes TruEye precisam de encontrar uma nova lente para as suas necessidades visuais assim que as restantes se esgotem.<\/p>\n<p><strong>\u00c9 necess\u00e1rio um reajuste?<\/strong>&nbsp; Sim. O di\u00e2metro, tamanho e materiais das ACUVUE Oasys de 1 dia diferem um pouco das lentes TruEye. Por favor consulta o teu optometrista antes de realizar a mudan\u00e7a.<\/p>\n<figure class=\"wp-block-image size-full\"><img loading=\"lazy\" decoding=\"async\" width=\"770\" height=\"220\" src=\"https:\/\/www.lenstore.pt\/cuidados-dos-olhos\/wp-content\/uploads\/sites\/4\/2023\/10\/Acuvue-Advance.jpg\" alt=\"\" class=\"wp-image-1294\" srcset=\"https:\/\/www.lenstore.pt\/cuidados-dos-olhos\/wp-content\/uploads\/sites\/4\/2023\/10\/Acuvue-Advance.jpg 770w, https:\/\/www.lenstore.pt\/cuidados-dos-olhos\/wp-content\/uploads\/sites\/4\/2023\/10\/Acuvue-Advance-300x86.jpg 300w, https:\/\/www.lenstore.pt\/cuidados-dos-olhos\/wp-content\/uploads\/sites\/4\/2023\/10\/Acuvue-Advance-768x219.jpg 768w\" sizes=\"auto, (max-width: 770px) 100vw, 770px\" \/><\/figure>\n<h3 class=\"wp-block-heading\">Lentes descontinuadas: ACUVUE Advance <\/h3>\n<h3 class=\"wp-block-heading\">Alternativa recomendada: <a href=\"https:\/\/www.lenstore.pt\/lentes-de-contacto\/p38\/acuvue-oasys\" target=\"_blank\" rel=\"noreferrer noopener\">ACUVUE Oasys<\/a> <\/h3>\n<p>As lentes ACUVUE quinzenais foram descontinuadas pela Johnson &amp; Johnson em 2016. As ACUVUE OASYS com tecnologia Hydraclear Plus s\u00e3o a melhor alternativa \u00e0s lentes Advance desta marca. Como lente quinzenal mais vendida, as ACUVUE OASYS t\u00eam avalia\u00e7\u00f5es constantes de 5 estrelas por parte dos clientes da Lenstore.&nbsp;&nbsp;<\/p>\n<p><strong>\u00c9 necess\u00e1rio um reajuste?<\/strong> Sim. Por favor consulta o teu profissional de cuidados oculares antes de realizar a mudan\u00e7a.<\/p>\n<figure class=\"wp-block-image size-full\"><img loading=\"lazy\" decoding=\"async\" width=\"770\" height=\"220\" src=\"https:\/\/www.lenstore.pt\/cuidados-dos-olhos\/wp-content\/uploads\/sites\/4\/2023\/10\/Frequency-XCEL.jpg\" alt=\"\" class=\"wp-image-1295\" srcset=\"https:\/\/www.lenstore.pt\/cuidados-dos-olhos\/wp-content\/uploads\/sites\/4\/2023\/10\/Frequency-XCEL.jpg 770w, https:\/\/www.lenstore.pt\/cuidados-dos-olhos\/wp-content\/uploads\/sites\/4\/2023\/10\/Frequency-XCEL-300x86.jpg 300w, https:\/\/www.lenstore.pt\/cuidados-dos-olhos\/wp-content\/uploads\/sites\/4\/2023\/10\/Frequency-XCEL-768x219.jpg 768w\" sizes=\"auto, (max-width: 770px) 100vw, 770px\" \/><\/figure>\n<h3 class=\"wp-block-heading\">Lentes descontinuadas: Frequency XCEL Toric <\/h3>\n<h3 class=\"wp-block-heading\">Alternativa recomendada: <a href=\"https:\/\/www.lenstore.pt\/lentes-de-contacto\/p479\/avaira-vitality-toric\" target=\"_blank\" rel=\"noreferrer noopener\">Avaira Vitality Toric<\/a> <\/h3>\n<p>As Frequency XCEL T\u00f3ricas da Coopervision foram uma das primeiras lentes mensais a oferecer uma ampla gama de par\u00e2metros para os utilizadores de lentes com astigmatismo. No entanto, as Frequency XCEL foram constru\u00eddas com um material de hidrogel de estilo antigo, e os avan\u00e7os em torno das lentes t\u00f3ricas tornaram-no obsoleto, o que faz com que o novo modelo Avaira Vitality T\u00f3ricas seja uma op\u00e7\u00e3o de lente mais confort\u00e1vel. Vendo que os utilizadores preferiam as lentes com as novas caracter\u00edsticas que as novas Avaira oferecem, as Frequency XCEL cessaram a produ\u00e7\u00e3o no in\u00edcio de 2021.&nbsp;<\/p>\n<p><strong>\u00c9 necess\u00e1rio um reajuste?<\/strong>&nbsp; Sim. A mudan\u00e7a no material da lente e o seu design t\u00f3rico requerem a consulta de um profissional de cuidados oculares para confirmar se as Avaira Vitality t\u00f3ricas podem corrigir as tuas necessidades visuais de forma adequada.<\/p>\n<figure class=\"wp-block-image size-full\"><img loading=\"lazy\" decoding=\"async\" width=\"770\" height=\"220\" src=\"https:\/\/www.lenstore.pt\/cuidados-dos-olhos\/wp-content\/uploads\/sites\/4\/2023\/10\/Air-Optix.jpg\" alt=\"\" class=\"wp-image-1297\" srcset=\"https:\/\/www.lenstore.pt\/cuidados-dos-olhos\/wp-content\/uploads\/sites\/4\/2023\/10\/Air-Optix.jpg 770w, https:\/\/www.lenstore.pt\/cuidados-dos-olhos\/wp-content\/uploads\/sites\/4\/2023\/10\/Air-Optix-300x86.jpg 300w, https:\/\/www.lenstore.pt\/cuidados-dos-olhos\/wp-content\/uploads\/sites\/4\/2023\/10\/Air-Optix-768x219.jpg 768w\" sizes=\"auto, (max-width: 770px) 100vw, 770px\" \/><\/figure>\n<h3 class=\"wp-block-heading\">Lentes descontinuadas: Air Optix Aqua <\/h3>\n<h3 class=\"wp-block-heading\">Alternativa recomendada: <a href=\"https:\/\/www.lenstore.pt\/lentes-de-contacto\/p460\/air-optix-plus-hydraglyde\" target=\"_blank\" rel=\"noreferrer noopener\">Air Optix Aqua HydraGlyde <\/a><\/h3>\n<p>Descontinuadas em setembro de 2023, as Air Optix Aqua deixaram de estar dispon\u00edveis para dar lugar a uma nova vers\u00e3o do produto com tecnologia HydraGlyde. Estas lentes mensais foram atualizadas de tal forma que cobrem uma gama mais extensa de gradua\u00e7\u00f5es\/pot\u00eancias (de -12.00 a +8.00).&nbsp;<\/p>\n<p><strong>\u00c9 necess\u00e1rio um reajuste?<\/strong>&nbsp; N\u00e3o. Segundo o fabricante da lente (Alcon), os utilizadores das Air Optix podem mudar para a vers\u00e3o HydraGlyde sem necessidade de uma nova gradua\u00e7\u00e3o.<\/p>\n<figure class=\"wp-block-image size-full\"><img loading=\"lazy\" decoding=\"async\" width=\"770\" height=\"220\" src=\"https:\/\/www.lenstore.pt\/cuidados-dos-olhos\/wp-content\/uploads\/sites\/4\/2023\/10\/Frequency-55.jpg\" alt=\"\" class=\"wp-image-1298\" srcset=\"https:\/\/www.lenstore.pt\/cuidados-dos-olhos\/wp-content\/uploads\/sites\/4\/2023\/10\/Frequency-55.jpg 770w, https:\/\/www.lenstore.pt\/cuidados-dos-olhos\/wp-content\/uploads\/sites\/4\/2023\/10\/Frequency-55-300x86.jpg 300w, https:\/\/www.lenstore.pt\/cuidados-dos-olhos\/wp-content\/uploads\/sites\/4\/2023\/10\/Frequency-55-768x219.jpg 768w\" sizes=\"auto, (max-width: 770px) 100vw, 770px\" \/><\/figure>\n<h3 class=\"wp-block-heading\">Lentes descontinuadas: Frequency 55 Aspheric<\/h3>\n<h3 class=\"wp-block-heading\">Alternativa recomendada: <a href=\"https:\/\/www.lenstore.pt\/lentes-de-contacto\/p466\/avaira-vitality\" target=\"_blank\" rel=\"noreferrer noopener\">Avaira Vitality<\/a> <\/h3>\n<p>As Frequency 55 Asf\u00e9ricas foram descontinuadas no in\u00edcio de 2021, juntamente com muitas outras lentes da gama &#8216;frequency&#8217;. As atualiza\u00e7\u00f5es nos materiais das lentes e na produ\u00e7\u00e3o substitu\u00edram a gama anterior por uma de constru\u00e7\u00e3o de hidrogel de silicone mais respir\u00e1vel que se pode encontrar na fam\u00edlia de lentes Avaira. A Coopervision recomenda as Avaira Vitality como uma op\u00e7\u00e3o nova e adequada para a linha de lentes Frequency 55 Asf\u00e9ricas descontinuada.<\/p>\n<p><strong>\u00c9 necess\u00e1rio um reajuste?<\/strong>&nbsp; Sim. As mudan\u00e7as no material da lente e no tamanho requerem a revis\u00e3o de um optometrista para verificar que as Avaira Vitality se adequam \u00e0s tuas necessidades.<\/p>\n<figure class=\"wp-block-gallery has-nested-images columns-default is-cropped wp-block-gallery-2 is-layout-flex wp-block-gallery-is-layout-flex\">\n<figure class=\"wp-block-image size-large\"><img loading=\"lazy\" decoding=\"async\" width=\"770\" height=\"220\" data-id=\"1301\" src=\"https:\/\/www.lenstore.pt\/cuidados-dos-olhos\/wp-content\/uploads\/sites\/4\/2023\/10\/Focus-dailies-toric-1.jpg\" alt=\"\" class=\"wp-image-1301\" srcset=\"https:\/\/www.lenstore.pt\/cuidados-dos-olhos\/wp-content\/uploads\/sites\/4\/2023\/10\/Focus-dailies-toric-1.jpg 770w, https:\/\/www.lenstore.pt\/cuidados-dos-olhos\/wp-content\/uploads\/sites\/4\/2023\/10\/Focus-dailies-toric-1-300x86.jpg 300w, https:\/\/www.lenstore.pt\/cuidados-dos-olhos\/wp-content\/uploads\/sites\/4\/2023\/10\/Focus-dailies-toric-1-768x219.jpg 768w\" sizes=\"auto, (max-width: 770px) 100vw, 770px\" \/><\/figure>\n<\/figure>\n<h3 class=\"wp-block-heading\">Lentes descontinuadas: Focus Dailies Toric All Day Comfort <\/h3>\n<h3 class=\"wp-block-heading\">Alternativa recomendada: <a href=\"https:\/\/www.lenstore.pt\/lentes-de-contacto\/p233\/dailies-aquacomfort-plus-toric\" target=\"_blank\" rel=\"noreferrer noopener\">Dailies AquaComfort Plus Toric<\/a>  <\/h3>\n<p>Tal como a sua vers\u00e3o esf\u00e9rica, as Focus Dailies Toric All Day Comfort foram descontinuadas e substitu\u00eddas por uma nova gera\u00e7\u00e3o de lentes: as Dailies Toric AquaComfort Plus. Dispon\u00edveis numa gama mais ampla do que a sua itera\u00e7\u00e3o anterior, as Dailies Toric AquaComfort Plus tamb\u00e9m t\u00eam tecnologia de lente LightStream para melhorar o conforto e a Curvatura de Precis\u00e3o da lente, e desta forma ajustar a sua estabilidade e reduzir a sua rota\u00e7\u00e3o para melhorar a clareza da vis\u00e3o das pessoas com astigmatismo.<\/p>\n<p><strong>\u00c9 necess\u00e1rio um reajuste?<\/strong>&nbsp; Sim. Os ajustes na pot\u00eancia das lentes e as diferen\u00e7as no design da gama das lentes di\u00e1rias AquaComfort Plus requerem a revis\u00e3o de um optometrista para garantir que se enquadram na tua gradua\u00e7\u00e3o e necessidades.<\/p>\n","protected":false},"excerpt":{"rendered":"<p>J\u00e1 ouviste o ditado &#8216;nada dura para sempre&#8217;, o que \u00e9 muito verdade na ind\u00fastria [&hellip;]<\/p>\n","protected":false},"author":48,"featured_media":1290,"comment_status":"closed","ping_status":"open","sticky":false,"template":"","format":"standard","meta":{"footnotes":""},"categories":[7],"tags":[],"class_list":["post-36","post","type-post","status-publish","format-standard","has-post-thumbnail","hentry","category-saude-ocular"],"yoast_head":"<!-- This site is optimized with the Yoast SEO plugin v28.0 - https:\/\/yoast.com\/product\/yoast-seo-wordpress\/ -->\n<title>Lentes de contacto descontinuadas? - Lenstore<\/title>\n<meta name=\"robots\" content=\"index, follow, max-snippet:-1, max-image-preview:large, max-video-preview:-1\" \/>\n<link rel=\"canonical\" href=\"https:\/\/www.lenstore.pt\/cuidados-dos-olhos\/lentes-de-contacto-descontinuadas\" \/>\n<meta property=\"og:locale\" content=\"pt_PT\" \/>\n<meta property=\"og:type\" content=\"article\" \/>\n<meta property=\"og:title\" content=\"Lentes de contacto descontinuadas? - Lenstore\" \/>\n<meta property=\"og:description\" content=\"J\u00e1 ouviste o ditado &#8216;nada dura para sempre&#8217;, o que \u00e9 muito verdade na ind\u00fastria [&hellip;]\" \/>\n<meta property=\"og:url\" content=\"https:\/\/www.lenstore.pt\/cuidados-dos-olhos\/lentes-de-contacto-descontinuadas\" \/>\n<meta property=\"og:site_name\" content=\"Lenstore\" \/>\n<meta property=\"article:published_time\" content=\"2026-06-17T13:41:32+00:00\" \/>\n<meta property=\"article:modified_time\" content=\"2026-06-17T14:12:45+00:00\" \/>\n<meta property=\"og:image\" content=\"https:\/\/www.lenstore.pt\/cuidados-dos-olhos\/wp-content\/uploads\/sites\/17\/2023\/10\/ES-Discontinuation-article-Hero-copy.jpg\" \/>\n\t<meta property=\"og:image:width\" content=\"770\" \/>\n\t<meta property=\"og:image:height\" content=\"480\" \/>\n\t<meta property=\"og:image:type\" content=\"image\/jpeg\" \/>\n<meta name=\"author\" content=\"matthewhadwen\" \/>\n<meta name=\"twitter:card\" content=\"summary_large_image\" \/>\n<meta name=\"twitter:label1\" content=\"Escrito por\" \/>\n\t<meta name=\"twitter:data1\" content=\"matthewhadwen\" \/>\n\t<meta name=\"twitter:label2\" content=\"Tempo estimado de leitura\" \/>\n\t<meta name=\"twitter:data2\" content=\"6 minutos\" \/>\n<script type=\"application\/ld+json\" class=\"yoast-schema-graph\">{\"@context\":\"https:\\\/\\\/schema.org\",\"@graph\":[{\"@type\":\"Article\",\"@id\":\"https:\\\/\\\/www.lenstore.pt\\\/cuidados-dos-olhos\\\/lentes-de-contacto-descontinuadas#article\",\"isPartOf\":{\"@id\":\"https:\\\/\\\/www.lenstore.pt\\\/cuidados-dos-olhos\\\/lentes-de-contacto-descontinuadas\"},\"author\":{\"name\":\"matthewhadwen\",\"@id\":\"https:\\\/\\\/www.lenstore.pt\\\/cuidados-dos-olhos\\\/#\\\/schema\\\/person\\\/bd279f5a2d83991548987f26af65a636\"},\"headline\":\"Lentes de contacto descontinuadas?\",\"datePublished\":\"2026-06-17T13:41:32+00:00\",\"dateModified\":\"2026-06-17T14:12:45+00:00\",\"mainEntityOfPage\":{\"@id\":\"https:\\\/\\\/www.lenstore.pt\\\/cuidados-dos-olhos\\\/lentes-de-contacto-descontinuadas\"},\"wordCount\":1154,\"publisher\":{\"@id\":\"https:\\\/\\\/www.lenstore.pt\\\/cuidados-dos-olhos\\\/#organization\"},\"image\":{\"@id\":\"https:\\\/\\\/www.lenstore.pt\\\/cuidados-dos-olhos\\\/lentes-de-contacto-descontinuadas#primaryimage\"},\"thumbnailUrl\":\"https:\\\/\\\/www.lenstore.pt\\\/cuidados-dos-olhos\\\/wp-content\\\/uploads\\\/sites\\\/17\\\/2023\\\/10\\\/ES-Discontinuation-article-Hero-copy.jpg\",\"articleSection\":[\"Sa\u00fade ocular\"],\"inLanguage\":\"pt-PT\"},{\"@type\":\"WebPage\",\"@id\":\"https:\\\/\\\/www.lenstore.pt\\\/cuidados-dos-olhos\\\/lentes-de-contacto-descontinuadas\",\"url\":\"https:\\\/\\\/www.lenstore.pt\\\/cuidados-dos-olhos\\\/lentes-de-contacto-descontinuadas\",\"name\":\"Lentes de contacto descontinuadas? - Lenstore\",\"isPartOf\":{\"@id\":\"https:\\\/\\\/www.lenstore.pt\\\/cuidados-dos-olhos\\\/#website\"},\"primaryImageOfPage\":{\"@id\":\"https:\\\/\\\/www.lenstore.pt\\\/cuidados-dos-olhos\\\/lentes-de-contacto-descontinuadas#primaryimage\"},\"image\":{\"@id\":\"https:\\\/\\\/www.lenstore.pt\\\/cuidados-dos-olhos\\\/lentes-de-contacto-descontinuadas#primaryimage\"},\"thumbnailUrl\":\"https:\\\/\\\/www.lenstore.pt\\\/cuidados-dos-olhos\\\/wp-content\\\/uploads\\\/sites\\\/17\\\/2023\\\/10\\\/ES-Discontinuation-article-Hero-copy.jpg\",\"datePublished\":\"2026-06-17T13:41:32+00:00\",\"dateModified\":\"2026-06-17T14:12:45+00:00\",\"breadcrumb\":{\"@id\":\"https:\\\/\\\/www.lenstore.pt\\\/cuidados-dos-olhos\\\/lentes-de-contacto-descontinuadas#breadcrumb\"},\"inLanguage\":\"pt-PT\",\"potentialAction\":[{\"@type\":\"ReadAction\",\"target\":[\"https:\\\/\\\/www.lenstore.pt\\\/cuidados-dos-olhos\\\/lentes-de-contacto-descontinuadas\"]}]},{\"@type\":\"ImageObject\",\"inLanguage\":\"pt-PT\",\"@id\":\"https:\\\/\\\/www.lenstore.pt\\\/cuidados-dos-olhos\\\/lentes-de-contacto-descontinuadas#primaryimage\",\"url\":\"https:\\\/\\\/www.lenstore.pt\\\/cuidados-dos-olhos\\\/wp-content\\\/uploads\\\/sites\\\/17\\\/2023\\\/10\\\/ES-Discontinuation-article-Hero-copy.jpg\",\"contentUrl\":\"https:\\\/\\\/www.lenstore.pt\\\/cuidados-dos-olhos\\\/wp-content\\\/uploads\\\/sites\\\/17\\\/2023\\\/10\\\/ES-Discontinuation-article-Hero-copy.jpg\",\"width\":770,\"height\":480},{\"@type\":\"BreadcrumbList\",\"@id\":\"https:\\\/\\\/www.lenstore.pt\\\/cuidados-dos-olhos\\\/lentes-de-contacto-descontinuadas#breadcrumb\",\"itemListElement\":[{\"@type\":\"ListItem\",\"position\":1,\"name\":\"Home\",\"item\":\"https:\\\/\\\/www.lenstore.pt\\\/cuidados-dos-olhos\\\/\"},{\"@type\":\"ListItem\",\"position\":2,\"name\":\"Lentes de contacto descontinuadas?\"}]},{\"@type\":\"WebSite\",\"@id\":\"https:\\\/\\\/www.lenstore.pt\\\/cuidados-dos-olhos\\\/#website\",\"url\":\"https:\\\/\\\/www.lenstore.pt\\\/cuidados-dos-olhos\\\/\",\"name\":\"Lenstore\",\"description\":\"Guia para lentes de contacto | Sa\u00fade | Estilo de vida\",\"publisher\":{\"@id\":\"https:\\\/\\\/www.lenstore.pt\\\/cuidados-dos-olhos\\\/#organization\"},\"potentialAction\":[{\"@type\":\"SearchAction\",\"target\":{\"@type\":\"EntryPoint\",\"urlTemplate\":\"https:\\\/\\\/www.lenstore.pt\\\/cuidados-dos-olhos\\\/?s={search_term_string}\"},\"query-input\":{\"@type\":\"PropertyValueSpecification\",\"valueRequired\":true,\"valueName\":\"search_term_string\"}}],\"inLanguage\":\"pt-PT\"},{\"@type\":\"Organization\",\"@id\":\"https:\\\/\\\/www.lenstore.pt\\\/#organization\",\"name\":\"Lenstore\",\"url\":\"https:\\\/\\\/www.lenstore.pt\",\"logo\":\"https:\\\/\\\/www.lenstore.pt\\\/png\\\/lenstore-logo.png\",\"image\":\"https:\\\/\\\/www.lenstore.pt\\\/png\\\/lenstore-logo.png\",\"companyRegistration\":\"51990\",\"contactPoint\":{\"@type\":\"ContactPoint\",\"contactType\":\"customer service\",\"email\":\"apoiocliente@lenstore.eu\"}},{\"@type\":\"Person\",\"@id\":\"https:\\\/\\\/www.lenstore.pt\\\/cuidados-dos-olhos\\\/#\\\/schema\\\/person\\\/bd279f5a2d83991548987f26af65a636\",\"name\":\"matthewhadwen\",\"url\":\"https:\\\/\\\/www.lenstore.pt\\\/cuidados-dos-olhos\\\/author\\\/matthewhadwen\"}]}<\/script>\n<!-- \/ Yoast SEO plugin. -->","yoast_head_json":{"title":"Lentes de contacto descontinuadas? - Lenstore","robots":{"index":"index","follow":"follow","max-snippet":"max-snippet:-1","max-image-preview":"max-image-preview:large","max-video-preview":"max-video-preview:-1"},"canonical":"https:\/\/www.lenstore.pt\/cuidados-dos-olhos\/lentes-de-contacto-descontinuadas","og_locale":"pt_PT","og_type":"article","og_title":"Lentes de contacto descontinuadas? - Lenstore","og_description":"J\u00e1 ouviste o ditado &#8216;nada dura para sempre&#8217;, o que \u00e9 muito verdade na ind\u00fastria [&hellip;]","og_url":"https:\/\/www.lenstore.pt\/cuidados-dos-olhos\/lentes-de-contacto-descontinuadas","og_site_name":"Lenstore","article_published_time":"2026-06-17T13:41:32+00:00","article_modified_time":"2026-06-17T14:12:45+00:00","og_image":[{"width":770,"height":480,"url":"https:\/\/www.lenstore.pt\/cuidados-dos-olhos\/wp-content\/uploads\/sites\/17\/2023\/10\/ES-Discontinuation-article-Hero-copy.jpg","type":"image\/jpeg"}],"author":"matthewhadwen","twitter_card":"summary_large_image","twitter_misc":{"Escrito por":"matthewhadwen","Tempo estimado de leitura":"6 minutos"},"schema":{"@context":"https:\/\/schema.org","@graph":[{"@type":"Article","@id":"https:\/\/www.lenstore.pt\/cuidados-dos-olhos\/lentes-de-contacto-descontinuadas#article","isPartOf":{"@id":"https:\/\/www.lenstore.pt\/cuidados-dos-olhos\/lentes-de-contacto-descontinuadas"},"author":{"name":"matthewhadwen","@id":"https:\/\/www.lenstore.pt\/cuidados-dos-olhos\/#\/schema\/person\/bd279f5a2d83991548987f26af65a636"},"headline":"Lentes de contacto descontinuadas?","datePublished":"2026-06-17T13:41:32+00:00","dateModified":"2026-06-17T14:12:45+00:00","mainEntityOfPage":{"@id":"https:\/\/www.lenstore.pt\/cuidados-dos-olhos\/lentes-de-contacto-descontinuadas"},"wordCount":1154,"publisher":{"@id":"https:\/\/www.lenstore.pt\/cuidados-dos-olhos\/#organization"},"image":{"@id":"https:\/\/www.lenstore.pt\/cuidados-dos-olhos\/lentes-de-contacto-descontinuadas#primaryimage"},"thumbnailUrl":"https:\/\/www.lenstore.pt\/cuidados-dos-olhos\/wp-content\/uploads\/sites\/17\/2023\/10\/ES-Discontinuation-article-Hero-copy.jpg","articleSection":["Sa\u00fade ocular"],"inLanguage":"pt-PT"},{"@type":"WebPage","@id":"https:\/\/www.lenstore.pt\/cuidados-dos-olhos\/lentes-de-contacto-descontinuadas","url":"https:\/\/www.lenstore.pt\/cuidados-dos-olhos\/lentes-de-contacto-descontinuadas","name":"Lentes de contacto descontinuadas? - Lenstore","isPartOf":{"@id":"https:\/\/www.lenstore.pt\/cuidados-dos-olhos\/#website"},"primaryImageOfPage":{"@id":"https:\/\/www.lenstore.pt\/cuidados-dos-olhos\/lentes-de-contacto-descontinuadas#primaryimage"},"image":{"@id":"https:\/\/www.lenstore.pt\/cuidados-dos-olhos\/lentes-de-contacto-descontinuadas#primaryimage"},"thumbnailUrl":"https:\/\/www.lenstore.pt\/cuidados-dos-olhos\/wp-content\/uploads\/sites\/17\/2023\/10\/ES-Discontinuation-article-Hero-copy.jpg","datePublished":"2026-06-17T13:41:32+00:00","dateModified":"2026-06-17T14:12:45+00:00","breadcrumb":{"@id":"https:\/\/www.lenstore.pt\/cuidados-dos-olhos\/lentes-de-contacto-descontinuadas#breadcrumb"},"inLanguage":"pt-PT","potentialAction":[{"@type":"ReadAction","target":["https:\/\/www.lenstore.pt\/cuidados-dos-olhos\/lentes-de-contacto-descontinuadas"]}]},{"@type":"ImageObject","inLanguage":"pt-PT","@id":"https:\/\/www.lenstore.pt\/cuidados-dos-olhos\/lentes-de-contacto-descontinuadas#primaryimage","url":"https:\/\/www.lenstore.pt\/cuidados-dos-olhos\/wp-content\/uploads\/sites\/17\/2023\/10\/ES-Discontinuation-article-Hero-copy.jpg","contentUrl":"https:\/\/www.lenstore.pt\/cuidados-dos-olhos\/wp-content\/uploads\/sites\/17\/2023\/10\/ES-Discontinuation-article-Hero-copy.jpg","width":770,"height":480},{"@type":"BreadcrumbList","@id":"https:\/\/www.lenstore.pt\/cuidados-dos-olhos\/lentes-de-contacto-descontinuadas#breadcrumb","itemListElement":[{"@type":"ListItem","position":1,"name":"Home","item":"https:\/\/www.lenstore.pt\/cuidados-dos-olhos\/"},{"@type":"ListItem","position":2,"name":"Lentes de contacto descontinuadas?"}]},{"@type":"WebSite","@id":"https:\/\/www.lenstore.pt\/cuidados-dos-olhos\/#website","url":"https:\/\/www.lenstore.pt\/cuidados-dos-olhos\/","name":"Lenstore","description":"Guia para lentes de contacto | Sa\u00fade | Estilo de vida","publisher":{"@id":"https:\/\/www.lenstore.pt\/cuidados-dos-olhos\/#organization"},"potentialAction":[{"@type":"SearchAction","target":{"@type":"EntryPoint","urlTemplate":"https:\/\/www.lenstore.pt\/cuidados-dos-olhos\/?s={search_term_string}"},"query-input":{"@type":"PropertyValueSpecification","valueRequired":true,"valueName":"search_term_string"}}],"inLanguage":"pt-PT"},{"@type":"Organization","@id":"https:\/\/www.lenstore.pt\/#organization","name":"Lenstore","url":"https:\/\/www.lenstore.pt","logo":"https:\/\/www.lenstore.pt\/png\/lenstore-logo.png","image":"https:\/\/www.lenstore.pt\/png\/lenstore-logo.png","companyRegistration":"51990","contactPoint":{"@type":"ContactPoint","contactType":"customer service","email":"apoiocliente@lenstore.eu"}},{"@type":"Person","@id":"https:\/\/www.lenstore.pt\/cuidados-dos-olhos\/#\/schema\/person\/bd279f5a2d83991548987f26af65a636","name":"matthewhadwen","url":"https:\/\/www.lenstore.pt\/cuidados-dos-olhos\/author\/matthewhadwen"}]}},"jetpack_featured_media_url":"https:\/\/www.lenstore.pt\/cuidados-dos-olhos\/wp-content\/uploads\/sites\/17\/2023\/10\/ES-Discontinuation-article-Hero-copy.jpg","order_on_store":null,"_links":{"self":[{"href":"https:\/\/www.lenstore.pt\/cuidados-dos-olhos\/wp-json\/wp\/v2\/posts\/36","targetHints":{"allow":["GET"]}}],"collection":[{"href":"https:\/\/www.lenstore.pt\/cuidados-dos-olhos\/wp-json\/wp\/v2\/posts"}],"about":[{"href":"https:\/\/www.lenstore.pt\/cuidados-dos-olhos\/wp-json\/wp\/v2\/types\/post"}],"author":[{"embeddable":true,"href":"https:\/\/www.lenstore.pt\/cuidados-dos-olhos\/wp-json\/wp\/v2\/users\/48"}],"replies":[{"embeddable":true,"href":"https:\/\/www.lenstore.pt\/cuidados-dos-olhos\/wp-json\/wp\/v2\/comments?post=36"}],"version-history":[{"count":2,"href":"https:\/\/www.lenstore.pt\/cuidados-dos-olhos\/wp-json\/wp\/v2\/posts\/36\/revisions"}],"predecessor-version":[{"id":1871,"href":"https:\/\/www.lenstore.pt\/cuidados-dos-olhos\/wp-json\/wp\/v2\/posts\/36\/revisions\/1871"}],"wp:featuredmedia":[{"embeddable":true,"href":"https:\/\/www.lenstore.pt\/cuidados-dos-olhos\/wp-json\/wp\/v2\/media\/1290"}],"wp:attachment":[{"href":"https:\/\/www.lenstore.pt\/cuidados-dos-olhos\/wp-json\/wp\/v2\/media?parent=36"}],"wp:term":[{"taxonomy":"category","embeddable":true,"href":"https:\/\/www.lenstore.pt\/cuidados-dos-olhos\/wp-json\/wp\/v2\/categories?post=36"},{"taxonomy":"post_tag","embeddable":true,"href":"https:\/\/www.lenstore.pt\/cuidados-dos-olhos\/wp-json\/wp\/v2\/tags?post=36"}],"curies":[{"name":"wp","href":"https:\/\/api.w.org\/{rel}","templated":true}]}}