{"id":30,"date":"2026-06-17T14:41:32","date_gmt":"2026-06-17T13:41:32","guid":{"rendered":"https:\/\/www.lenstore.pt\/cuidados-dos-olhos\/?p=30"},"modified":"2026-08-20T14:13:19","modified_gmt":"2026-08-20T13:13:19","slug":"guia-lentes-de-contacto-temporada-festivais","status":"publish","type":"post","link":"https:\/\/www.lenstore.pt\/cuidados-dos-olhos\/guia-lentes-de-contacto-temporada-festivais","title":{"rendered":"O teu guia sobre lentes de contacto para a temporada de festivais"},"content":{"rendered":"<figure class=\"wp-block-image size-full\"><img decoding=\"async\" loading=\"lazy\" width=\"770\" height=\"480\" src=\"https:\/\/www.lenstore.pt\/cuidados-dos-olhos\/wp-content\/uploads\/sites\/4\/2023\/06\/770x480-couple-dancing-at-music-festival.jpg\" alt=\"festivais de musica\" class=\"wp-image-1032\" srcset=\"https:\/\/www.lenstore.pt\/cuidados-dos-olhos\/wp-content\/uploads\/sites\/17\/2023\/06\/770x480-couple-dancing-at-music-festival.jpg 770w, https:\/\/www.lenstore.pt\/cuidados-dos-olhos\/wp-content\/uploads\/sites\/17\/2023\/06\/770x480-couple-dancing-at-music-festival-300x187.jpg 300w, https:\/\/www.lenstore.pt\/cuidados-dos-olhos\/wp-content\/uploads\/sites\/17\/2023\/06\/770x480-couple-dancing-at-music-festival-768x479.jpg 768w\" sizes=\"auto, (max-width: 770px) 100vw, 770px\" \/><\/figure>\n<p>Prepara as tuas botas para festivais e \u00f3culos de sol \u2013 come\u00e7a a temporada de festivais! Sabemos que ouvir as tuas m\u00fasicas favoritas ao vivo \u00e9 a prioridade, mas ver tudo o que se passa no palco tamb\u00e9m \u00e9 importante.&nbsp;<\/p>\n<p>Se est\u00e1s a pensar se \u00e9 melhor usar os teus \u00f3culos ou lentes de contacto num festival, aqui deixamos um guia para festivais de ver\u00e3o e alguns conselhos para aproveitares ao m\u00e1ximo o som mas tamb\u00e9m a parte visual do que pagaste.&nbsp;<\/p>\n<h2 class=\"wp-block-heading has-larger-font-size\">Deves usar lentes de contacto ou \u00f3culos num festival?&nbsp;<\/h2>\n<p>N\u00e3o faz mal levares ambas as op\u00e7\u00f5es, mas se tiveres de escolher, as lentes de contacto v\u00e3o ser as verdadeiras <em>rock stars<\/em> quando se trata de manteres os teus olhos em forma num festival. Aqui ficam alguns motivos pelos quais faz mais sentido optar por lentes de contacto do que por \u00f3culos durante a temporada de festivais:&nbsp;<\/p>\n<h4 class=\"wp-block-heading\"><strong>Vantagens das lentes de contacto em festivais:<\/strong><\/h4>\n<ul class=\"wp-block-list\">\n<li>Muitas marcas de lentes de contacto oferecem prote\u00e7\u00e3o UV para ajudar a proteger os teus olhos dos raios solares prejudiciais (certifica-te de as usar com \u00f3culos de sol que tamb\u00e9m protejam contra os mesmos para uma prote\u00e7\u00e3o completa)&nbsp;<\/li>\n<li>\u00c9 mais f\u00e1cil usar \u00f3culos de sol ou qualquer tipo de acess\u00f3rio para os olhos se usares lentes de contacto&nbsp;<\/li>\n<li>As lentes de contacto n\u00e3o ficam manchadas, cheias de poeira ou embaciadas&nbsp;&nbsp;<\/li>\n<li>N\u00e3o tens de te preocupar com os teus \u00f3culos partirem-se ou ca\u00edrem ao ch\u00e3o e ficarem cheios de lama&nbsp;<\/li>\n<li>Ter\u00e1s uma melhor vis\u00e3o perif\u00e9rica do que te rodeia e do p\u00fablico&nbsp;&nbsp;<\/li>\n<li>Seria mais barato substituir as tuas lentes de contacto do que os teus \u00f3culos se os perderes&nbsp;&nbsp;&nbsp;<\/li>\n<\/ul>\n<h2 class=\"wp-block-heading has-larger-font-size\">Guia para usar lentes de contacto em festivais&nbsp;<\/h2>\n<p>Algumas coisas s\u00e3o inevit\u00e1veis em grandes festivais. Por exemplo, vai haver muita gente, e nem tudo vai correr como planeado, por isso um pouco de prepara\u00e7\u00e3o n\u00e3o faz mal para aproveitares ao m\u00e1ximo a experi\u00eancia.&nbsp;&nbsp;<\/p>\n<p>Se usas lentes de contacto num festival, aqui est\u00e3o alguns conselhos para te divertires ao m\u00e1ximo com uma vis\u00e3o em perfeitas condi\u00e7\u00f5es.&nbsp;<\/p>\n<p><strong>Para os utilizadores de <a href=\"https:\/\/www.lenstore.pt\/c1\/descartaveis-diarios\" target=\"_blank\" rel=\"noreferrer noopener\">lentes di\u00e1rias<\/a><\/strong><a href=\"https:\/\/www.lenstore.pt\/c1\/descartaveis-diarios\" target=\"_blank\" rel=\"noreferrer noopener\"> <\/a>\u2013 As lentes di\u00e1rias s\u00e3o ideais quando se vai acampar ou quando se v\u00e3o passar muitos dias num festival. Como s\u00e3o de uso \u00fanico, podes simplesmente deit\u00e1-las fora no final do dia e colocar um novo par no dia seguinte para mais um dia de divers\u00e3o. Al\u00e9m disso, como n\u00e3o precisam de rotina de cuidado, n\u00e3o tens de levar solu\u00e7\u00f5es para lentes nem acess\u00f3rios para as manter limpas. Recorda-te apenas de levar v\u00e1rios pares, porque nunca se sabe o que pode acontecer num festival.&nbsp;<\/p>\n<p><strong>Para os utilizadores <a href=\"https:\/\/www.lenstore.pt\/c3\/descartaveis-mensais\" target=\"_blank\" rel=\"noreferrer noopener\">de lentes mensais<\/a> <\/strong>\u2013&nbsp; Se normalmente usas lentes mensais e est\u00e1s a preparar-te para um festival de v\u00e1rios dias, tenta levar solu\u00e7\u00f5es para lentes em formato pequeno para poupar espa\u00e7o na mala. Tamb\u00e9m \u00e9 boa ideia levar v\u00e1rios estojos para lentes, um para guardar as tuas lentes em seguran\u00e7a na tenda ou furgoneta, e outro para quando sa\u00edres por a\u00ed. Como h\u00e1 mais poeira, germes e potencialmente mais p\u00f3len no ar num festival, certifica-te de desinfetar bem as tuas lentes mensais, tal como deve ser.&nbsp;<\/p>\n<p><strong>Para os utilizadores de lentes coloridas <\/strong>\u2013&nbsp; Se queres partilhar a publica\u00e7\u00e3o perfeita nas redes sociais, talvez queiras dar um toque extra de cor aos teus olhos. Se vais usar lentes coloridas, segue sempre as instru\u00e7\u00f5es de cuidado fornecidas pelo teu optometrista e escolhe umas descart\u00e1veis di\u00e1rias que n\u00e3o necessitem de manuten\u00e7\u00e3o extra.&nbsp;<\/p>\n<h2 class=\"wp-block-heading has-larger-font-size\">Conselhos gerais de sa\u00fade ocular a ter em conta nos festivais&nbsp;<\/h2>\n<p>Independentemente do tipo de lente que uses, segue estes passos simples para manter a tua vis\u00e3o saud\u00e1vel e segura.&nbsp;<\/p>\n<ul class=\"wp-block-list\">\n<li>N\u00e3o troquas de lentes de contacto (nem as coloques) em casas de banho p\u00fablicas. Manuseie as tuas lentes no teu pr\u00f3prio espa\u00e7o pessoal, como a tua tenda ou ve\u00edculo&nbsp;<\/li>\n<li>Lava e seca bem as m\u00e3os antes de colocar ou retirar as lentes&nbsp;<\/li>\n<li>Leva gel antibacteriano, len\u00e7os h\u00famidos e sab\u00e3o para garantir que as tuas m\u00e3os est\u00e3o desinfetadas em todo o momento&nbsp;<\/li>\n<li>Se os teus olhos tendem a secar, leva gotas lubrificantes para os olhos compat\u00edveis com lentes de contacto para estares confort\u00e1vel&nbsp;<\/li>\n<li>A desidrata\u00e7\u00e3o pode causar irrita\u00e7\u00e3o ocular. Bebe muita \u00e1gua ao longo do dia.&nbsp;<\/li>\n<li>Se precisares de te refrescar, n\u00e3o nades em lagoas\/lagos nem uses ventoinhas de n\u00e9voa quando tens as lentes colocadas&nbsp;&nbsp;<\/li>\n<li>Usa \u00f3culos de sol com prote\u00e7\u00e3o UV para proteger os teus olhos dos raios solares prejudiciais&nbsp;<\/li>\n<li>Se usas maquilhagem, coloca primeiro as lentes para evitar que fiquem contaminadas com produto&nbsp;<\/li>\n<li>Leva um pequeno espelho contigo para ser mais f\u00e1cil colocar e retirar as lentes<\/li>\n<\/ul>\n<h2 class=\"wp-block-heading has-larger-font-size\">Os festivais de m\u00fasica mais populares na Europa&nbsp;<\/h2>\n<h4 class=\"wp-block-heading\"><strong>Glastonbury<\/strong>&nbsp;&nbsp;<\/h4>\n<p>Quando pensamos em festivais brit\u00e2nicos \u00e9picos, Glastonbury \u00e9 o primeiro que nos vem \u00e0 mente. Este lend\u00e1rio evento, que come\u00e7ou em 1970, viu passar pelos seus palcos os nomes mais famosos da ind\u00fastria musical dos \u00faltimos 50 anos. Com cerca de 200.000 pessoas reunidas nos campos de Somerset, Inglaterra, Glasto (nome abreviado pelo qual \u00e9 conhecido) torna-se uma cidade em si pr\u00f3pria e um dos pontos mais populares da temporada. Este festival de 5 dias \u00e9 famoso pelo seu tempo imprevis\u00edvel, por isso levar botas de chuva, para al\u00e9m das tuas lentes di\u00e1rias descart\u00e1veis, \u00e9 indispens\u00e1vel para desfrutar dos concertos de forma confort\u00e1vel.&nbsp;<\/p>\n<figure class=\"wp-block-gallery has-nested-images columns-default is-cropped wp-block-gallery-3 is-layout-flex wp-block-gallery-is-layout-flex\">\n<figure class=\"wp-block-image size-large\"><img decoding=\"async\" loading=\"lazy\" width=\"770\" height=\"220\" data-id=\"1034\" src=\"https:\/\/www.lenstore.pt\/cuidados-dos-olhos\/wp-content\/uploads\/sites\/4\/2023\/06\/770x220-music-festival-glastonbury-stage-pyramid.jpg\" alt=\"\" class=\"wp-image-1034\" srcset=\"https:\/\/www.lenstore.pt\/cuidados-dos-olhos\/wp-content\/uploads\/sites\/17\/2023\/06\/770x220-music-festival-glastonbury-stage-pyramid.jpg 770w, https:\/\/www.lenstore.pt\/cuidados-dos-olhos\/wp-content\/uploads\/sites\/17\/2023\/06\/770x220-music-festival-glastonbury-stage-pyramid-300x86.jpg 300w, https:\/\/www.lenstore.pt\/cuidados-dos-olhos\/wp-content\/uploads\/sites\/17\/2023\/06\/770x220-music-festival-glastonbury-stage-pyramid-768x219.jpg 768w\" sizes=\"auto, (max-width: 770px) 100vw, 770px\" \/><\/figure>\n<\/figure>\n<h4 class=\"wp-block-heading\"><strong>Primavera Sound<\/strong>&nbsp;&nbsp;<\/h4>\n<p>Prepara os teus melhores passos de dan\u00e7a para os fazeres no Mediterr\u00e2neo! O Primavera Sound n\u00e3o \u00e9 apenas o maior festival de m\u00fasica de Espanha, mas est\u00e1 a tornar-se tamb\u00e9m num dos mais populares na Europa. Este festival, que tem lugar anualmente em Barcelona, tornou-se t\u00e3o popular que existem vers\u00f5es do mesmo em cidades como Madrid e Lisboa e at\u00e9 atravessou o Atl\u00e2ntico sendo tamb\u00e9m celebrado em Buenos Aires e S\u00e3o Paulo. Indie, pop, jazz, hip hop\u2026 o cartaz do Primavera Sound agrada a qualquer amante de m\u00fasica.&nbsp;<\/p>\n<figure class=\"wp-block-image size-full\"><img decoding=\"async\" loading=\"lazy\" width=\"770\" height=\"220\" src=\"https:\/\/www.lenstore.pt\/cuidados-dos-olhos\/wp-content\/uploads\/sites\/4\/2023\/06\/770x220-music-festival-primavera-sound-stage-lights.jpg\" alt=\"\" class=\"wp-image-1035\" srcset=\"https:\/\/www.lenstore.pt\/cuidados-dos-olhos\/wp-content\/uploads\/sites\/17\/2023\/06\/770x220-music-festival-primavera-sound-stage-lights.jpg 770w, https:\/\/www.lenstore.pt\/cuidados-dos-olhos\/wp-content\/uploads\/sites\/17\/2023\/06\/770x220-music-festival-primavera-sound-stage-lights-300x86.jpg 300w, https:\/\/www.lenstore.pt\/cuidados-dos-olhos\/wp-content\/uploads\/sites\/17\/2023\/06\/770x220-music-festival-primavera-sound-stage-lights-768x219.jpg 768w\" sizes=\"auto, (max-width: 770px) 100vw, 770px\" \/><\/figure>\n<h4 class=\"wp-block-heading\"><strong>Tomorrowland<\/strong>&nbsp;&nbsp;<\/h4>\n<p>Olha para o futuro no Tomorrowland. Eleito o Melhor Evento Musical do Ano na Europa cinco anos seguidos, este festival de m\u00fasica eletr\u00f3nica e dan\u00e7a tem os temas que adoramos. Com m\u00fasicos e DJs de renome mundial, este festival belga \u00e9 o evento do ver\u00e3o ao qual todo o f\u00e3 de m\u00fasica eletr\u00f3nica e dance deve assistir. Com exposi\u00e7\u00f5es futuristas e palcos elaborados, muitos participantes gostam de ir a condizer com roupa \u00fanica para expressar o seu estilo. Junta-te \u00e0 divers\u00e3o e ousa usar lentes coloridas para complementar o teu visual para a ocasi\u00e3o.&nbsp;<\/p>\n<figure class=\"wp-block-image size-full\"><img decoding=\"async\" loading=\"lazy\" width=\"770\" height=\"220\" src=\"https:\/\/www.lenstore.pt\/cuidados-dos-olhos\/wp-content\/uploads\/sites\/4\/2023\/06\/770x220-music-festival-tomorrowland-stage-fireworks.jpg\" alt=\"\" class=\"wp-image-1036\" srcset=\"https:\/\/www.lenstore.pt\/cuidados-dos-olhos\/wp-content\/uploads\/sites\/17\/2023\/06\/770x220-music-festival-tomorrowland-stage-fireworks.jpg 770w, https:\/\/www.lenstore.pt\/cuidados-dos-olhos\/wp-content\/uploads\/sites\/17\/2023\/06\/770x220-music-festival-tomorrowland-stage-fireworks-300x86.jpg 300w, https:\/\/www.lenstore.pt\/cuidados-dos-olhos\/wp-content\/uploads\/sites\/17\/2023\/06\/770x220-music-festival-tomorrowland-stage-fireworks-768x219.jpg 768w\" sizes=\"auto, (max-width: 770px) 100vw, 770px\" \/><\/figure>\n<h4 class=\"wp-block-heading\"><strong>Rock in Roma<\/strong>&nbsp;&nbsp;<\/h4>\n<p>Este evento musical de um m\u00eas de dura\u00e7\u00e3o na capital italiana conta com todos os \u00eaxitos do momento, com bandas de rock e m\u00fasicos a arrasar no hip\u00f3dromo Capannelle quase todas as noites desde finais de junho at\u00e9 julho. Tanto artistas italianos como estrelas do rock internacionais como os Rolling Stones ou Bruce Springsteen, esta s\u00e9rie de espet\u00e1culos de um m\u00eas mant\u00e9m sempre o p\u00fablico a cantar. Embora ir a todos os concertos do m\u00eas possa ser um pouco dif\u00edcil, usar as tuas <a href=\"https:\/\/www.lenstore.pt\/c3\/descartaveis-mensais\" target=\"_blank\" rel=\"noreferrer noopener\">lentes mensais<\/a> \u00e9 muito mais f\u00e1cil, por isso certifica-te de teres suficientes para n\u00e3o perderes nada.&nbsp;<\/p>\n<figure class=\"wp-block-image size-full\"><img decoding=\"async\" loading=\"lazy\" width=\"770\" height=\"220\" src=\"https:\/\/www.lenstore.pt\/cuidados-dos-olhos\/wp-content\/uploads\/sites\/4\/2023\/06\/770x220-music-festival-rock-roma-stage-fireworks.jpg\" alt=\"\" class=\"wp-image-1037\" srcset=\"https:\/\/www.lenstore.pt\/cuidados-dos-olhos\/wp-content\/uploads\/sites\/17\/2023\/06\/770x220-music-festival-rock-roma-stage-fireworks.jpg 770w, https:\/\/www.lenstore.pt\/cuidados-dos-olhos\/wp-content\/uploads\/sites\/17\/2023\/06\/770x220-music-festival-rock-roma-stage-fireworks-300x86.jpg 300w, https:\/\/www.lenstore.pt\/cuidados-dos-olhos\/wp-content\/uploads\/sites\/17\/2023\/06\/770x220-music-festival-rock-roma-stage-fireworks-768x219.jpg 768w\" sizes=\"auto, (max-width: 770px) 100vw, 770px\" \/><\/figure>\n<h4 class=\"wp-block-heading\"><strong>Lollapalooza Paris<\/strong>&nbsp;&nbsp;<\/h4>\n<p>Este famoso festival de m\u00fasica americano conseguiu chegar a Paris, que celebra agora uma edi\u00e7\u00e3o francesa deste evento de ver\u00e3o repleto de superestrelas. A primeira edi\u00e7\u00e3o foi em 2016, e desde ent\u00e3o este evento de fim de semana est\u00e1 a tornar-se rapidamente num dos mais importantes festivais europeus. Em anos anteriores, o cartaz incluiu artistas como The Killers, Red Hot Chili Peppers e David Guetta. O festival tem lugar no hip\u00f3dromo Paris-Longchamp em julho, por isso ainda est\u00e1s a tempo de comprar os teus bilhetes antes que seja tarde demais.&nbsp;<\/p>\n<figure class=\"wp-block-image size-full\"><img decoding=\"async\" loading=\"lazy\" width=\"770\" height=\"220\" src=\"https:\/\/www.lenstore.pt\/cuidados-dos-olhos\/wp-content\/uploads\/sites\/4\/2023\/06\/770x220-music-festival-rock-lolapalooza-paris.jpg\" alt=\"\" class=\"wp-image-1038\" srcset=\"https:\/\/www.lenstore.pt\/cuidados-dos-olhos\/wp-content\/uploads\/sites\/17\/2023\/06\/770x220-music-festival-rock-lolapalooza-paris.jpg 770w, https:\/\/www.lenstore.pt\/cuidados-dos-olhos\/wp-content\/uploads\/sites\/17\/2023\/06\/770x220-music-festival-rock-lolapalooza-paris-300x86.jpg 300w, https:\/\/www.lenstore.pt\/cuidados-dos-olhos\/wp-content\/uploads\/sites\/17\/2023\/06\/770x220-music-festival-rock-lolapalooza-paris-768x219.jpg 768w\" sizes=\"auto, (max-width: 770px) 100vw, 770px\" \/><\/figure>\n<p>Agora que sabes o b\u00e1sico sobre cuidados oculares para manteres os teus olhos e lentes em boa forma para festivais, \u00e9 hora de desfrutar de m\u00fasica ao vivo este ver\u00e3o!&nbsp;<\/p>\n","protected":false},"excerpt":{"rendered":"<p>Prepara as tuas botas para festivais e \u00f3culos de sol \u2013 come\u00e7a a temporada de [&hellip;]<\/p>\n","protected":false},"author":48,"featured_media":1032,"comment_status":"closed","ping_status":"open","sticky":false,"template":"","format":"standard","meta":{"footnotes":""},"categories":[7],"tags":[],"class_list":["post-30","post","type-post","status-publish","format-standard","has-post-thumbnail","hentry","category-saude-ocular"],"yoast_head":"<!-- This site is optimized with the Yoast SEO plugin v28.0 - https:\/\/yoast.com\/product\/yoast-seo-wordpress\/ -->\n<title>O teu guia sobre lentes de contacto para a temporada de festivais - Lenstore<\/title>\n<meta name=\"robots\" content=\"index, follow, max-snippet:-1, max-image-preview:large, max-video-preview:-1\" \/>\n<link rel=\"canonical\" href=\"https:\/\/www.lenstore.pt\/cuidados-dos-olhos\/guia-lentes-de-contacto-temporada-festivais\" \/>\n<meta property=\"og:locale\" content=\"pt_PT\" \/>\n<meta property=\"og:type\" content=\"article\" \/>\n<meta property=\"og:title\" content=\"O teu guia sobre lentes de contacto para a temporada de festivais - Lenstore\" \/>\n<meta property=\"og:description\" content=\"Prepara as tuas botas para festivais e \u00f3culos de sol \u2013 come\u00e7a a temporada de [&hellip;]\" \/>\n<meta property=\"og:url\" content=\"https:\/\/www.lenstore.pt\/cuidados-dos-olhos\/guia-lentes-de-contacto-temporada-festivais\" \/>\n<meta property=\"og:site_name\" content=\"Lenstore\" \/>\n<meta property=\"article:published_time\" content=\"2026-06-17T13:41:32+00:00\" \/>\n<meta property=\"article:modified_time\" content=\"2026-08-20T13:13:19+00:00\" \/>\n<meta property=\"og:image\" content=\"https:\/\/www.lenstore.pt\/cuidados-dos-olhos\/wp-content\/uploads\/sites\/17\/2023\/06\/770x480-couple-dancing-at-music-festival.jpg\" \/>\n\t<meta property=\"og:image:width\" content=\"770\" \/>\n\t<meta property=\"og:image:height\" content=\"480\" \/>\n\t<meta property=\"og:image:type\" content=\"image\/jpeg\" \/>\n<meta name=\"author\" content=\"matthewhadwen\" \/>\n<meta name=\"twitter:card\" content=\"summary_large_image\" \/>\n<meta name=\"twitter:label1\" content=\"Escrito por\" \/>\n\t<meta name=\"twitter:data1\" content=\"matthewhadwen\" \/>\n\t<meta name=\"twitter:label2\" content=\"Tempo estimado de leitura\" \/>\n\t<meta name=\"twitter:data2\" content=\"7 minutos\" \/>\n<script type=\"application\/ld+json\" class=\"yoast-schema-graph\">{\"@context\":\"https:\\\/\\\/schema.org\",\"@graph\":[{\"@type\":\"Article\",\"@id\":\"https:\\\/\\\/www.lenstore.pt\\\/cuidados-dos-olhos\\\/guia-lentes-de-contacto-temporada-festivais#article\",\"isPartOf\":{\"@id\":\"https:\\\/\\\/www.lenstore.pt\\\/cuidados-dos-olhos\\\/guia-lentes-de-contacto-temporada-festivais\"},\"author\":{\"name\":\"matthewhadwen\",\"@id\":\"https:\\\/\\\/www.lenstore.pt\\\/cuidados-dos-olhos\\\/#\\\/schema\\\/person\\\/bd279f5a2d83991548987f26af65a636\"},\"headline\":\"O teu guia sobre lentes de contacto para a temporada de festivais\",\"datePublished\":\"2026-06-17T13:41:32+00:00\",\"dateModified\":\"2026-08-20T13:13:19+00:00\",\"mainEntityOfPage\":{\"@id\":\"https:\\\/\\\/www.lenstore.pt\\\/cuidados-dos-olhos\\\/guia-lentes-de-contacto-temporada-festivais\"},\"wordCount\":1457,\"publisher\":{\"@id\":\"https:\\\/\\\/www.lenstore.pt\\\/cuidados-dos-olhos\\\/#organization\"},\"image\":{\"@id\":\"https:\\\/\\\/www.lenstore.pt\\\/cuidados-dos-olhos\\\/guia-lentes-de-contacto-temporada-festivais#primaryimage\"},\"thumbnailUrl\":\"https:\\\/\\\/www.lenstore.pt\\\/cuidados-dos-olhos\\\/wp-content\\\/uploads\\\/sites\\\/17\\\/2023\\\/06\\\/770x480-couple-dancing-at-music-festival.jpg\",\"articleSection\":[\"Sa\u00fade ocular\"],\"inLanguage\":\"pt-PT\"},{\"@type\":\"WebPage\",\"@id\":\"https:\\\/\\\/www.lenstore.pt\\\/cuidados-dos-olhos\\\/guia-lentes-de-contacto-temporada-festivais\",\"url\":\"https:\\\/\\\/www.lenstore.pt\\\/cuidados-dos-olhos\\\/guia-lentes-de-contacto-temporada-festivais\",\"name\":\"O teu guia sobre lentes de contacto para a temporada de festivais - Lenstore\",\"isPartOf\":{\"@id\":\"https:\\\/\\\/www.lenstore.pt\\\/cuidados-dos-olhos\\\/#website\"},\"primaryImageOfPage\":{\"@id\":\"https:\\\/\\\/www.lenstore.pt\\\/cuidados-dos-olhos\\\/guia-lentes-de-contacto-temporada-festivais#primaryimage\"},\"image\":{\"@id\":\"https:\\\/\\\/www.lenstore.pt\\\/cuidados-dos-olhos\\\/guia-lentes-de-contacto-temporada-festivais#primaryimage\"},\"thumbnailUrl\":\"https:\\\/\\\/www.lenstore.pt\\\/cuidados-dos-olhos\\\/wp-content\\\/uploads\\\/sites\\\/17\\\/2023\\\/06\\\/770x480-couple-dancing-at-music-festival.jpg\",\"datePublished\":\"2026-06-17T13:41:32+00:00\",\"dateModified\":\"2026-08-20T13:13:19+00:00\",\"breadcrumb\":{\"@id\":\"https:\\\/\\\/www.lenstore.pt\\\/cuidados-dos-olhos\\\/guia-lentes-de-contacto-temporada-festivais#breadcrumb\"},\"inLanguage\":\"pt-PT\",\"potentialAction\":[{\"@type\":\"ReadAction\",\"target\":[\"https:\\\/\\\/www.lenstore.pt\\\/cuidados-dos-olhos\\\/guia-lentes-de-contacto-temporada-festivais\"]}]},{\"@type\":\"ImageObject\",\"inLanguage\":\"pt-PT\",\"@id\":\"https:\\\/\\\/www.lenstore.pt\\\/cuidados-dos-olhos\\\/guia-lentes-de-contacto-temporada-festivais#primaryimage\",\"url\":\"https:\\\/\\\/www.lenstore.pt\\\/cuidados-dos-olhos\\\/wp-content\\\/uploads\\\/sites\\\/17\\\/2023\\\/06\\\/770x480-couple-dancing-at-music-festival.jpg\",\"contentUrl\":\"https:\\\/\\\/www.lenstore.pt\\\/cuidados-dos-olhos\\\/wp-content\\\/uploads\\\/sites\\\/17\\\/2023\\\/06\\\/770x480-couple-dancing-at-music-festival.jpg\",\"width\":770,\"height\":480},{\"@type\":\"BreadcrumbList\",\"@id\":\"https:\\\/\\\/www.lenstore.pt\\\/cuidados-dos-olhos\\\/guia-lentes-de-contacto-temporada-festivais#breadcrumb\",\"itemListElement\":[{\"@type\":\"ListItem\",\"position\":1,\"name\":\"Home\",\"item\":\"https:\\\/\\\/www.lenstore.pt\\\/cuidados-dos-olhos\\\/\"},{\"@type\":\"ListItem\",\"position\":2,\"name\":\"O teu guia sobre lentes de contacto para a temporada de festivais\"}]},{\"@type\":\"WebSite\",\"@id\":\"https:\\\/\\\/www.lenstore.pt\\\/cuidados-dos-olhos\\\/#website\",\"url\":\"https:\\\/\\\/www.lenstore.pt\\\/cuidados-dos-olhos\\\/\",\"name\":\"Lenstore\",\"description\":\"Guia para lentes de contacto | Sa\u00fade | Estilo de vida\",\"publisher\":{\"@id\":\"https:\\\/\\\/www.lenstore.pt\\\/cuidados-dos-olhos\\\/#organization\"},\"potentialAction\":[{\"@type\":\"SearchAction\",\"target\":{\"@type\":\"EntryPoint\",\"urlTemplate\":\"https:\\\/\\\/www.lenstore.pt\\\/cuidados-dos-olhos\\\/?s={search_term_string}\"},\"query-input\":{\"@type\":\"PropertyValueSpecification\",\"valueRequired\":true,\"valueName\":\"search_term_string\"}}],\"inLanguage\":\"pt-PT\"},{\"@type\":\"Organization\",\"@id\":\"https:\\\/\\\/www.lenstore.pt\\\/#organization\",\"name\":\"Lenstore\",\"url\":\"https:\\\/\\\/www.lenstore.pt\",\"logo\":\"https:\\\/\\\/www.lenstore.pt\\\/png\\\/lenstore-logo.png\",\"image\":\"https:\\\/\\\/www.lenstore.pt\\\/png\\\/lenstore-logo.png\",\"companyRegistration\":\"51990\",\"contactPoint\":{\"@type\":\"ContactPoint\",\"contactType\":\"customer service\",\"email\":\"apoiocliente@lenstore.eu\"}},{\"@type\":\"Person\",\"@id\":\"https:\\\/\\\/www.lenstore.pt\\\/cuidados-dos-olhos\\\/#\\\/schema\\\/person\\\/bd279f5a2d83991548987f26af65a636\",\"name\":\"matthewhadwen\",\"url\":\"https:\\\/\\\/www.lenstore.pt\\\/cuidados-dos-olhos\\\/author\\\/matthewhadwen\"}]}<\/script>\n<!-- \/ Yoast SEO plugin. -->","yoast_head_json":{"title":"O teu guia sobre lentes de contacto para a temporada de festivais - Lenstore","robots":{"index":"index","follow":"follow","max-snippet":"max-snippet:-1","max-image-preview":"max-image-preview:large","max-video-preview":"max-video-preview:-1"},"canonical":"https:\/\/www.lenstore.pt\/cuidados-dos-olhos\/guia-lentes-de-contacto-temporada-festivais","og_locale":"pt_PT","og_type":"article","og_title":"O teu guia sobre lentes de contacto para a temporada de festivais - Lenstore","og_description":"Prepara as tuas botas para festivais e \u00f3culos de sol \u2013 come\u00e7a a temporada de [&hellip;]","og_url":"https:\/\/www.lenstore.pt\/cuidados-dos-olhos\/guia-lentes-de-contacto-temporada-festivais","og_site_name":"Lenstore","article_published_time":"2026-06-17T13:41:32+00:00","article_modified_time":"2026-08-20T13:13:19+00:00","og_image":[{"width":770,"height":480,"url":"https:\/\/www.lenstore.pt\/cuidados-dos-olhos\/wp-content\/uploads\/sites\/17\/2023\/06\/770x480-couple-dancing-at-music-festival.jpg","type":"image\/jpeg"}],"author":"matthewhadwen","twitter_card":"summary_large_image","twitter_misc":{"Escrito por":"matthewhadwen","Tempo estimado de leitura":"7 minutos"},"schema":{"@context":"https:\/\/schema.org","@graph":[{"@type":"Article","@id":"https:\/\/www.lenstore.pt\/cuidados-dos-olhos\/guia-lentes-de-contacto-temporada-festivais#article","isPartOf":{"@id":"https:\/\/www.lenstore.pt\/cuidados-dos-olhos\/guia-lentes-de-contacto-temporada-festivais"},"author":{"name":"matthewhadwen","@id":"https:\/\/www.lenstore.pt\/cuidados-dos-olhos\/#\/schema\/person\/bd279f5a2d83991548987f26af65a636"},"headline":"O teu guia sobre lentes de contacto para a temporada de festivais","datePublished":"2026-06-17T13:41:32+00:00","dateModified":"2026-08-20T13:13:19+00:00","mainEntityOfPage":{"@id":"https:\/\/www.lenstore.pt\/cuidados-dos-olhos\/guia-lentes-de-contacto-temporada-festivais"},"wordCount":1457,"publisher":{"@id":"https:\/\/www.lenstore.pt\/cuidados-dos-olhos\/#organization"},"image":{"@id":"https:\/\/www.lenstore.pt\/cuidados-dos-olhos\/guia-lentes-de-contacto-temporada-festivais#primaryimage"},"thumbnailUrl":"https:\/\/www.lenstore.pt\/cuidados-dos-olhos\/wp-content\/uploads\/sites\/17\/2023\/06\/770x480-couple-dancing-at-music-festival.jpg","articleSection":["Sa\u00fade ocular"],"inLanguage":"pt-PT"},{"@type":"WebPage","@id":"https:\/\/www.lenstore.pt\/cuidados-dos-olhos\/guia-lentes-de-contacto-temporada-festivais","url":"https:\/\/www.lenstore.pt\/cuidados-dos-olhos\/guia-lentes-de-contacto-temporada-festivais","name":"O teu guia sobre lentes de contacto para a temporada de festivais - Lenstore","isPartOf":{"@id":"https:\/\/www.lenstore.pt\/cuidados-dos-olhos\/#website"},"primaryImageOfPage":{"@id":"https:\/\/www.lenstore.pt\/cuidados-dos-olhos\/guia-lentes-de-contacto-temporada-festivais#primaryimage"},"image":{"@id":"https:\/\/www.lenstore.pt\/cuidados-dos-olhos\/guia-lentes-de-contacto-temporada-festivais#primaryimage"},"thumbnailUrl":"https:\/\/www.lenstore.pt\/cuidados-dos-olhos\/wp-content\/uploads\/sites\/17\/2023\/06\/770x480-couple-dancing-at-music-festival.jpg","datePublished":"2026-06-17T13:41:32+00:00","dateModified":"2026-08-20T13:13:19+00:00","breadcrumb":{"@id":"https:\/\/www.lenstore.pt\/cuidados-dos-olhos\/guia-lentes-de-contacto-temporada-festivais#breadcrumb"},"inLanguage":"pt-PT","potentialAction":[{"@type":"ReadAction","target":["https:\/\/www.lenstore.pt\/cuidados-dos-olhos\/guia-lentes-de-contacto-temporada-festivais"]}]},{"@type":"ImageObject","inLanguage":"pt-PT","@id":"https:\/\/www.lenstore.pt\/cuidados-dos-olhos\/guia-lentes-de-contacto-temporada-festivais#primaryimage","url":"https:\/\/www.lenstore.pt\/cuidados-dos-olhos\/wp-content\/uploads\/sites\/17\/2023\/06\/770x480-couple-dancing-at-music-festival.jpg","contentUrl":"https:\/\/www.lenstore.pt\/cuidados-dos-olhos\/wp-content\/uploads\/sites\/17\/2023\/06\/770x480-couple-dancing-at-music-festival.jpg","width":770,"height":480},{"@type":"BreadcrumbList","@id":"https:\/\/www.lenstore.pt\/cuidados-dos-olhos\/guia-lentes-de-contacto-temporada-festivais#breadcrumb","itemListElement":[{"@type":"ListItem","position":1,"name":"Home","item":"https:\/\/www.lenstore.pt\/cuidados-dos-olhos\/"},{"@type":"ListItem","position":2,"name":"O teu guia sobre lentes de contacto para a temporada de festivais"}]},{"@type":"WebSite","@id":"https:\/\/www.lenstore.pt\/cuidados-dos-olhos\/#website","url":"https:\/\/www.lenstore.pt\/cuidados-dos-olhos\/","name":"Lenstore","description":"Guia para lentes de contacto | Sa\u00fade | Estilo de vida","publisher":{"@id":"https:\/\/www.lenstore.pt\/cuidados-dos-olhos\/#organization"},"potentialAction":[{"@type":"SearchAction","target":{"@type":"EntryPoint","urlTemplate":"https:\/\/www.lenstore.pt\/cuidados-dos-olhos\/?s={search_term_string}"},"query-input":{"@type":"PropertyValueSpecification","valueRequired":true,"valueName":"search_term_string"}}],"inLanguage":"pt-PT"},{"@type":"Organization","@id":"https:\/\/www.lenstore.pt\/#organization","name":"Lenstore","url":"https:\/\/www.lenstore.pt","logo":"https:\/\/www.lenstore.pt\/png\/lenstore-logo.png","image":"https:\/\/www.lenstore.pt\/png\/lenstore-logo.png","companyRegistration":"51990","contactPoint":{"@type":"ContactPoint","contactType":"customer service","email":"apoiocliente@lenstore.eu"}},{"@type":"Person","@id":"https:\/\/www.lenstore.pt\/cuidados-dos-olhos\/#\/schema\/person\/bd279f5a2d83991548987f26af65a636","name":"matthewhadwen","url":"https:\/\/www.lenstore.pt\/cuidados-dos-olhos\/author\/matthewhadwen"}]}},"jetpack_featured_media_url":"https:\/\/www.lenstore.pt\/cuidados-dos-olhos\/wp-content\/uploads\/sites\/17\/2023\/06\/770x480-couple-dancing-at-music-festival.jpg","order_on_store":null,"_links":{"self":[{"href":"https:\/\/www.lenstore.pt\/cuidados-dos-olhos\/wp-json\/wp\/v2\/posts\/30","targetHints":{"allow":["GET"]}}],"collection":[{"href":"https:\/\/www.lenstore.pt\/cuidados-dos-olhos\/wp-json\/wp\/v2\/posts"}],"about":[{"href":"https:\/\/www.lenstore.pt\/cuidados-dos-olhos\/wp-json\/wp\/v2\/types\/post"}],"author":[{"embeddable":true,"href":"https:\/\/www.lenstore.pt\/cuidados-dos-olhos\/wp-json\/wp\/v2\/users\/48"}],"replies":[{"embeddable":true,"href":"https:\/\/www.lenstore.pt\/cuidados-dos-olhos\/wp-json\/wp\/v2\/comments?post=30"}],"version-history":[{"count":4,"href":"https:\/\/www.lenstore.pt\/cuidados-dos-olhos\/wp-json\/wp\/v2\/posts\/30\/revisions"}],"predecessor-version":[{"id":2091,"href":"https:\/\/www.lenstore.pt\/cuidados-dos-olhos\/wp-json\/wp\/v2\/posts\/30\/revisions\/2091"}],"wp:featuredmedia":[{"embeddable":true,"href":"https:\/\/www.lenstore.pt\/cuidados-dos-olhos\/wp-json\/wp\/v2\/media\/1032"}],"wp:attachment":[{"href":"https:\/\/www.lenstore.pt\/cuidados-dos-olhos\/wp-json\/wp\/v2\/media?parent=30"}],"wp:term":[{"taxonomy":"category","embeddable":true,"href":"https:\/\/www.lenstore.pt\/cuidados-dos-olhos\/wp-json\/wp\/v2\/categories?post=30"},{"taxonomy":"post_tag","embeddable":true,"href":"https:\/\/www.lenstore.pt\/cuidados-dos-olhos\/wp-json\/wp\/v2\/tags?post=30"}],"curies":[{"name":"wp","href":"https:\/\/api.w.org\/{rel}","templated":true}]}}