{"id":15,"date":"2026-06-17T14:41:48","date_gmt":"2026-06-17T13:41:48","guid":{"rendered":"https:\/\/www.lenstore.pt\/cuidados-dos-olhos\/?p=15"},"modified":"2026-06-17T15:12:17","modified_gmt":"2026-06-17T14:12:17","slug":"como-combater-os-olhos-secos-neste-inverno","status":"publish","type":"post","link":"https:\/\/www.lenstore.pt\/cuidados-dos-olhos\/como-combater-os-olhos-secos-neste-inverno","title":{"rendered":"Como combater os olhos secos neste inverno"},"content":{"rendered":"<figure class=\"wp-block-gallery has-nested-images columns-default is-cropped wp-block-gallery-5 is-layout-flex wp-block-gallery-is-layout-flex\">\n<figure class=\"wp-block-image size-full is-style-default\"><img loading=\"lazy\" decoding=\"async\" width=\"770\" height=\"480\" data-id=\"794\" src=\"https:\/\/www.lenstore.pt\/cuidados-dos-olhos\/wp-content\/uploads\/sites\/4\/2021\/01\/bc4dbb89-46da-49b6-927d-b78d5833d67d.jpg\" alt=\"olhos secos inverno\" class=\"wp-image-794\" srcset=\"https:\/\/www.lenstore.pt\/cuidados-dos-olhos\/wp-content\/uploads\/sites\/4\/2021\/01\/bc4dbb89-46da-49b6-927d-b78d5833d67d.jpg 770w, https:\/\/www.lenstore.pt\/cuidados-dos-olhos\/wp-content\/uploads\/sites\/4\/2021\/01\/bc4dbb89-46da-49b6-927d-b78d5833d67d-300x187.jpg 300w, https:\/\/www.lenstore.pt\/cuidados-dos-olhos\/wp-content\/uploads\/sites\/4\/2021\/01\/bc4dbb89-46da-49b6-927d-b78d5833d67d-768x479.jpg 768w\" sizes=\"auto, (max-width: 770px) 100vw, 770px\" \/><\/figure>\n<\/figure>\n<p>Os nossos olhos t\u00eam muito com que lidar durante os meses de inverno. O ar frio e o aquecimento no interior podem reduzir a hidrata\u00e7\u00e3o natural dos nossos olhos, fazendo com que sequem rapidamente.<\/p>\n<p>Mas com alguns conselhos simples e pequenas mudan\u00e7as no estilo de vida, pode aliviar os seus olhos secos neste inverno.<\/p>\n<h2 class=\"wp-block-heading has-larger-font-size\">O que \u00e9 a s\u00edndrome do olho seco?<\/h2>\n<p>Os nossos olhos precisam de l\u00e1grimas para se manterem saud\u00e1veis. Ajudam a manter a superf\u00edcie do olho h\u00famida, a lavar a sujidade e a reduzir o risco de infe\u00e7\u00e3o. Quando h\u00e1 um desequil\u00edbrio na produ\u00e7\u00e3o de l\u00e1grimas, ou uma diminui\u00e7\u00e3o na sua produ\u00e7\u00e3o, os olhos ficam secos e dolorosos, uma condi\u00e7\u00e3o comum conhecida como s\u00edndrome do olho seco.<\/p>\n<p>Os efeitos s\u00e3o geralmente sentidos em ambos os olhos e podem incluir:<\/p>\n<ul class=\"wp-block-list\">\n<li>Sensa\u00e7\u00e3o de ardor<\/li>\n<\/ul>\n<ul class=\"wp-block-list\">\n<li>Secre\u00e7\u00f5es pegajosas no olho<\/li>\n<\/ul>\n<ul class=\"wp-block-list\">\n<li>Olhos secos<\/li>\n<\/ul>\n<ul class=\"wp-block-list\">\n<li>Vis\u00e3o turva<\/li>\n<\/ul>\n<ul class=\"wp-block-list\">\n<li>Olhos vermelhos<\/li>\n<\/ul>\n<ul class=\"wp-block-list\">\n<li>Olhos lacrimejantes<\/li>\n<\/ul>\n<ul class=\"wp-block-list\">\n<li>Olhos pesados e cansados<\/li>\n<\/ul>\n<h2 class=\"wp-block-heading has-larger-font-size\">Quem \u00e9 propenso \u00e0 secura ocular?<\/h2>\n<p>Qualquer pessoa pode sofrer de olho seco, embora seja mais comum nas mulheres e nas pessoas com mais de 50 anos. As pessoas que usam lentes de contacto, passam longos per\u00edodos de tempo em frente a um ecr\u00e3 ou sofrem de condi\u00e7\u00f5es como l\u00fapus, blefarite ou s\u00edndrome de Sj\u00f6gren s\u00e3o mais propensas a sofr\u00ea-la.<\/p>\n<h2 class=\"wp-block-heading has-larger-font-size\">Como tratar os olhos secos?<\/h2>\n<p>A boa not\u00edcia \u00e9 que h\u00e1 muitas coisas que pode fazer para minimizar a secura ocular e manter os olhos saud\u00e1veis neste inverno.<\/p>\n<ul class=\"wp-block-list\">\n<li>As l\u00e1grimas artificiais costumam ser a primeira linha de defesa para aliviar a secura ocular de leve a moderada.<\/li>\n<li>Aplicar uma compressa morna nas p\u00e1lpebras fechadas durante alguns minutos por dia pode ajudar a desobstruir as gl\u00e2ndulas seb\u00e1ceas bloqueadas.<\/li>\n<li>Beber muita \u00e1gua, no m\u00ednimo 8 a 10 copos por dia.<\/li>\n<li>Limitar o tempo em frente ao ecr\u00e3 &#8211; quando utilizar dispositivos digitais, fa\u00e7a pausas regulares e tente pestanejar frequentemente (o pestanejar distribui a importante pel\u00edcula lacrimal de forma uniforme pela superf\u00edcie do olho).<\/li>\n<li>Evitar sentar-se demasiado perto de fontes de calor, como lareiras ou aquecedores de ventila\u00e7\u00e3o, e usar um humidificador em casa para ajudar a retardar a evapora\u00e7\u00e3o das suas l\u00e1grimas.<\/li>\n<li>Dormir o suficiente. 7 ou 8 horas dar\u00e3o aos seus olhos a oportunidade de descansar e recarregar.<\/li>\n<li>Evitar ambientes com p\u00f3, vento e fumo, e se passar muito tempo ao ar livre, tente cobrir os seus olhos com \u00f3culos para os proteger dos elementos.<\/li>\n<li>Mudar os \u00f3culos ou lentes de uso di\u00e1rio: se as suas lentes de contacto causam mais irrita\u00e7\u00e3o, d\u00ea um descanso aos seus olhos durante alguns dias ou opte por lentes de contacto descart\u00e1veis de uso di\u00e1rio.<\/li>\n<\/ul>\n<p>Fazer algumas mudan\u00e7as no seu estilo de vida pode ajudar a combater a secura ocular e a manter os olhos saud\u00e1veis. Mas se ainda se sentir desconfort\u00e1vel, fale com o seu optometrista, que o ajudar\u00e1 a encontrar uma solu\u00e7\u00e3o.<\/p>\n<p>Dependendo do tipo de olho seco que tiver, o seu optometrista pode sugerir suplementos, gotas oft\u00e1lmicas mais fortes ou mudar para lentes de contacto mais humidificantes, como o hidrogel de silicone.<\/p>\n","protected":false},"excerpt":{"rendered":"<p>Os nossos olhos t\u00eam muito com que lidar durante os meses de inverno. O ar [&hellip;]<\/p>\n","protected":false},"author":48,"featured_media":794,"comment_status":"closed","ping_status":"open","sticky":false,"template":"","format":"standard","meta":{"footnotes":""},"categories":[3,7],"tags":[],"class_list":["post-15","post","type-post","status-publish","format-standard","has-post-thumbnail","hentry","category-doencas-e-afecoes-dos-olhos","category-saude-ocular"],"yoast_head":"<!-- This site is optimized with the Yoast SEO plugin v28.0 - https:\/\/yoast.com\/product\/yoast-seo-wordpress\/ -->\n<title>Como combater os olhos secos neste inverno - Lenstore<\/title>\n<meta name=\"robots\" content=\"index, follow, max-snippet:-1, max-image-preview:large, max-video-preview:-1\" \/>\n<link rel=\"canonical\" href=\"https:\/\/www.lenstore.pt\/cuidados-dos-olhos\/como-combater-os-olhos-secos-neste-inverno\" \/>\n<meta property=\"og:locale\" content=\"pt_PT\" \/>\n<meta property=\"og:type\" content=\"article\" \/>\n<meta property=\"og:title\" content=\"Como combater os olhos secos neste inverno - Lenstore\" \/>\n<meta property=\"og:description\" content=\"Os nossos olhos t\u00eam muito com que lidar durante os meses de inverno. O ar [&hellip;]\" \/>\n<meta property=\"og:url\" content=\"https:\/\/www.lenstore.pt\/cuidados-dos-olhos\/como-combater-os-olhos-secos-neste-inverno\" \/>\n<meta property=\"og:site_name\" content=\"Lenstore\" \/>\n<meta property=\"article:published_time\" content=\"2026-06-17T13:41:48+00:00\" \/>\n<meta property=\"article:modified_time\" content=\"2026-06-17T14:12:17+00:00\" \/>\n<meta property=\"og:image\" content=\"https:\/\/www.lenstore.pt\/cuidados-dos-olhos\/wp-content\/uploads\/sites\/17\/2021\/01\/bc4dbb89-46da-49b6-927d-b78d5833d67d.jpg\" \/>\n\t<meta property=\"og:image:width\" content=\"770\" \/>\n\t<meta property=\"og:image:height\" content=\"480\" \/>\n\t<meta property=\"og:image:type\" content=\"image\/jpeg\" \/>\n<meta name=\"author\" content=\"matthewhadwen\" \/>\n<meta name=\"twitter:card\" content=\"summary_large_image\" \/>\n<meta name=\"twitter:label1\" content=\"Escrito por\" \/>\n\t<meta name=\"twitter:data1\" content=\"matthewhadwen\" \/>\n\t<meta name=\"twitter:label2\" content=\"Tempo estimado de leitura\" \/>\n\t<meta name=\"twitter:data2\" content=\"3 minutos\" \/>\n<script type=\"application\/ld+json\" class=\"yoast-schema-graph\">{\"@context\":\"https:\\\/\\\/schema.org\",\"@graph\":[{\"@type\":\"Article\",\"@id\":\"https:\\\/\\\/www.lenstore.pt\\\/cuidados-dos-olhos\\\/como-combater-os-olhos-secos-neste-inverno#article\",\"isPartOf\":{\"@id\":\"https:\\\/\\\/www.lenstore.pt\\\/cuidados-dos-olhos\\\/como-combater-os-olhos-secos-neste-inverno\"},\"author\":{\"name\":\"matthewhadwen\",\"@id\":\"https:\\\/\\\/www.lenstore.pt\\\/cuidados-dos-olhos\\\/#\\\/schema\\\/person\\\/bd279f5a2d83991548987f26af65a636\"},\"headline\":\"Como combater os olhos secos neste inverno\",\"datePublished\":\"2026-06-17T13:41:48+00:00\",\"dateModified\":\"2026-06-17T14:12:17+00:00\",\"mainEntityOfPage\":{\"@id\":\"https:\\\/\\\/www.lenstore.pt\\\/cuidados-dos-olhos\\\/como-combater-os-olhos-secos-neste-inverno\"},\"wordCount\":548,\"publisher\":{\"@id\":\"https:\\\/\\\/www.lenstore.pt\\\/cuidados-dos-olhos\\\/#organization\"},\"image\":{\"@id\":\"https:\\\/\\\/www.lenstore.pt\\\/cuidados-dos-olhos\\\/como-combater-os-olhos-secos-neste-inverno#primaryimage\"},\"thumbnailUrl\":\"https:\\\/\\\/www.lenstore.pt\\\/cuidados-dos-olhos\\\/wp-content\\\/uploads\\\/sites\\\/17\\\/2021\\\/01\\\/bc4dbb89-46da-49b6-927d-b78d5833d67d.jpg\",\"articleSection\":[\"Doen\u00e7as e afe\u00e7\u00f5es dos olhos\",\"Sa\u00fade ocular\"],\"inLanguage\":\"pt-PT\"},{\"@type\":\"WebPage\",\"@id\":\"https:\\\/\\\/www.lenstore.pt\\\/cuidados-dos-olhos\\\/como-combater-os-olhos-secos-neste-inverno\",\"url\":\"https:\\\/\\\/www.lenstore.pt\\\/cuidados-dos-olhos\\\/como-combater-os-olhos-secos-neste-inverno\",\"name\":\"Como combater os olhos secos neste inverno - Lenstore\",\"isPartOf\":{\"@id\":\"https:\\\/\\\/www.lenstore.pt\\\/cuidados-dos-olhos\\\/#website\"},\"primaryImageOfPage\":{\"@id\":\"https:\\\/\\\/www.lenstore.pt\\\/cuidados-dos-olhos\\\/como-combater-os-olhos-secos-neste-inverno#primaryimage\"},\"image\":{\"@id\":\"https:\\\/\\\/www.lenstore.pt\\\/cuidados-dos-olhos\\\/como-combater-os-olhos-secos-neste-inverno#primaryimage\"},\"thumbnailUrl\":\"https:\\\/\\\/www.lenstore.pt\\\/cuidados-dos-olhos\\\/wp-content\\\/uploads\\\/sites\\\/17\\\/2021\\\/01\\\/bc4dbb89-46da-49b6-927d-b78d5833d67d.jpg\",\"datePublished\":\"2026-06-17T13:41:48+00:00\",\"dateModified\":\"2026-06-17T14:12:17+00:00\",\"breadcrumb\":{\"@id\":\"https:\\\/\\\/www.lenstore.pt\\\/cuidados-dos-olhos\\\/como-combater-os-olhos-secos-neste-inverno#breadcrumb\"},\"inLanguage\":\"pt-PT\",\"potentialAction\":[{\"@type\":\"ReadAction\",\"target\":[\"https:\\\/\\\/www.lenstore.pt\\\/cuidados-dos-olhos\\\/como-combater-os-olhos-secos-neste-inverno\"]}]},{\"@type\":\"ImageObject\",\"inLanguage\":\"pt-PT\",\"@id\":\"https:\\\/\\\/www.lenstore.pt\\\/cuidados-dos-olhos\\\/como-combater-os-olhos-secos-neste-inverno#primaryimage\",\"url\":\"https:\\\/\\\/www.lenstore.pt\\\/cuidados-dos-olhos\\\/wp-content\\\/uploads\\\/sites\\\/17\\\/2021\\\/01\\\/bc4dbb89-46da-49b6-927d-b78d5833d67d.jpg\",\"contentUrl\":\"https:\\\/\\\/www.lenstore.pt\\\/cuidados-dos-olhos\\\/wp-content\\\/uploads\\\/sites\\\/17\\\/2021\\\/01\\\/bc4dbb89-46da-49b6-927d-b78d5833d67d.jpg\",\"width\":770,\"height\":480,\"caption\":\"ojos secos invierno\"},{\"@type\":\"BreadcrumbList\",\"@id\":\"https:\\\/\\\/www.lenstore.pt\\\/cuidados-dos-olhos\\\/como-combater-os-olhos-secos-neste-inverno#breadcrumb\",\"itemListElement\":[{\"@type\":\"ListItem\",\"position\":1,\"name\":\"Home\",\"item\":\"https:\\\/\\\/www.lenstore.pt\\\/cuidados-dos-olhos\\\/\"},{\"@type\":\"ListItem\",\"position\":2,\"name\":\"Como combater os olhos secos neste inverno\"}]},{\"@type\":\"WebSite\",\"@id\":\"https:\\\/\\\/www.lenstore.pt\\\/cuidados-dos-olhos\\\/#website\",\"url\":\"https:\\\/\\\/www.lenstore.pt\\\/cuidados-dos-olhos\\\/\",\"name\":\"Lenstore\",\"description\":\"Guia para lentes de contacto | Sa\u00fade | Estilo de vida\",\"publisher\":{\"@id\":\"https:\\\/\\\/www.lenstore.pt\\\/cuidados-dos-olhos\\\/#organization\"},\"potentialAction\":[{\"@type\":\"SearchAction\",\"target\":{\"@type\":\"EntryPoint\",\"urlTemplate\":\"https:\\\/\\\/www.lenstore.pt\\\/cuidados-dos-olhos\\\/?s={search_term_string}\"},\"query-input\":{\"@type\":\"PropertyValueSpecification\",\"valueRequired\":true,\"valueName\":\"search_term_string\"}}],\"inLanguage\":\"pt-PT\"},{\"@type\":\"Organization\",\"@id\":\"https:\\\/\\\/www.lenstore.pt\\\/#organization\",\"name\":\"Lenstore\",\"url\":\"https:\\\/\\\/www.lenstore.pt\",\"logo\":\"https:\\\/\\\/www.lenstore.pt\\\/png\\\/lenstore-logo.png\",\"image\":\"https:\\\/\\\/www.lenstore.pt\\\/png\\\/lenstore-logo.png\",\"companyRegistration\":\"51990\",\"contactPoint\":{\"@type\":\"ContactPoint\",\"contactType\":\"customer service\",\"email\":\"apoiocliente@lenstore.eu\"}},{\"@type\":\"Person\",\"@id\":\"https:\\\/\\\/www.lenstore.pt\\\/cuidados-dos-olhos\\\/#\\\/schema\\\/person\\\/bd279f5a2d83991548987f26af65a636\",\"name\":\"matthewhadwen\",\"url\":\"https:\\\/\\\/www.lenstore.pt\\\/cuidados-dos-olhos\\\/author\\\/matthewhadwen\"}]}<\/script>\n<!-- \/ Yoast SEO plugin. -->","yoast_head_json":{"title":"Como combater os olhos secos neste inverno - Lenstore","robots":{"index":"index","follow":"follow","max-snippet":"max-snippet:-1","max-image-preview":"max-image-preview:large","max-video-preview":"max-video-preview:-1"},"canonical":"https:\/\/www.lenstore.pt\/cuidados-dos-olhos\/como-combater-os-olhos-secos-neste-inverno","og_locale":"pt_PT","og_type":"article","og_title":"Como combater os olhos secos neste inverno - Lenstore","og_description":"Os nossos olhos t\u00eam muito com que lidar durante os meses de inverno. O ar [&hellip;]","og_url":"https:\/\/www.lenstore.pt\/cuidados-dos-olhos\/como-combater-os-olhos-secos-neste-inverno","og_site_name":"Lenstore","article_published_time":"2026-06-17T13:41:48+00:00","article_modified_time":"2026-06-17T14:12:17+00:00","og_image":[{"width":770,"height":480,"url":"https:\/\/www.lenstore.pt\/cuidados-dos-olhos\/wp-content\/uploads\/sites\/17\/2021\/01\/bc4dbb89-46da-49b6-927d-b78d5833d67d.jpg","type":"image\/jpeg"}],"author":"matthewhadwen","twitter_card":"summary_large_image","twitter_misc":{"Escrito por":"matthewhadwen","Tempo estimado de leitura":"3 minutos"},"schema":{"@context":"https:\/\/schema.org","@graph":[{"@type":"Article","@id":"https:\/\/www.lenstore.pt\/cuidados-dos-olhos\/como-combater-os-olhos-secos-neste-inverno#article","isPartOf":{"@id":"https:\/\/www.lenstore.pt\/cuidados-dos-olhos\/como-combater-os-olhos-secos-neste-inverno"},"author":{"name":"matthewhadwen","@id":"https:\/\/www.lenstore.pt\/cuidados-dos-olhos\/#\/schema\/person\/bd279f5a2d83991548987f26af65a636"},"headline":"Como combater os olhos secos neste inverno","datePublished":"2026-06-17T13:41:48+00:00","dateModified":"2026-06-17T14:12:17+00:00","mainEntityOfPage":{"@id":"https:\/\/www.lenstore.pt\/cuidados-dos-olhos\/como-combater-os-olhos-secos-neste-inverno"},"wordCount":548,"publisher":{"@id":"https:\/\/www.lenstore.pt\/cuidados-dos-olhos\/#organization"},"image":{"@id":"https:\/\/www.lenstore.pt\/cuidados-dos-olhos\/como-combater-os-olhos-secos-neste-inverno#primaryimage"},"thumbnailUrl":"https:\/\/www.lenstore.pt\/cuidados-dos-olhos\/wp-content\/uploads\/sites\/17\/2021\/01\/bc4dbb89-46da-49b6-927d-b78d5833d67d.jpg","articleSection":["Doen\u00e7as e afe\u00e7\u00f5es dos olhos","Sa\u00fade ocular"],"inLanguage":"pt-PT"},{"@type":"WebPage","@id":"https:\/\/www.lenstore.pt\/cuidados-dos-olhos\/como-combater-os-olhos-secos-neste-inverno","url":"https:\/\/www.lenstore.pt\/cuidados-dos-olhos\/como-combater-os-olhos-secos-neste-inverno","name":"Como combater os olhos secos neste inverno - Lenstore","isPartOf":{"@id":"https:\/\/www.lenstore.pt\/cuidados-dos-olhos\/#website"},"primaryImageOfPage":{"@id":"https:\/\/www.lenstore.pt\/cuidados-dos-olhos\/como-combater-os-olhos-secos-neste-inverno#primaryimage"},"image":{"@id":"https:\/\/www.lenstore.pt\/cuidados-dos-olhos\/como-combater-os-olhos-secos-neste-inverno#primaryimage"},"thumbnailUrl":"https:\/\/www.lenstore.pt\/cuidados-dos-olhos\/wp-content\/uploads\/sites\/17\/2021\/01\/bc4dbb89-46da-49b6-927d-b78d5833d67d.jpg","datePublished":"2026-06-17T13:41:48+00:00","dateModified":"2026-06-17T14:12:17+00:00","breadcrumb":{"@id":"https:\/\/www.lenstore.pt\/cuidados-dos-olhos\/como-combater-os-olhos-secos-neste-inverno#breadcrumb"},"inLanguage":"pt-PT","potentialAction":[{"@type":"ReadAction","target":["https:\/\/www.lenstore.pt\/cuidados-dos-olhos\/como-combater-os-olhos-secos-neste-inverno"]}]},{"@type":"ImageObject","inLanguage":"pt-PT","@id":"https:\/\/www.lenstore.pt\/cuidados-dos-olhos\/como-combater-os-olhos-secos-neste-inverno#primaryimage","url":"https:\/\/www.lenstore.pt\/cuidados-dos-olhos\/wp-content\/uploads\/sites\/17\/2021\/01\/bc4dbb89-46da-49b6-927d-b78d5833d67d.jpg","contentUrl":"https:\/\/www.lenstore.pt\/cuidados-dos-olhos\/wp-content\/uploads\/sites\/17\/2021\/01\/bc4dbb89-46da-49b6-927d-b78d5833d67d.jpg","width":770,"height":480,"caption":"ojos secos invierno"},{"@type":"BreadcrumbList","@id":"https:\/\/www.lenstore.pt\/cuidados-dos-olhos\/como-combater-os-olhos-secos-neste-inverno#breadcrumb","itemListElement":[{"@type":"ListItem","position":1,"name":"Home","item":"https:\/\/www.lenstore.pt\/cuidados-dos-olhos\/"},{"@type":"ListItem","position":2,"name":"Como combater os olhos secos neste inverno"}]},{"@type":"WebSite","@id":"https:\/\/www.lenstore.pt\/cuidados-dos-olhos\/#website","url":"https:\/\/www.lenstore.pt\/cuidados-dos-olhos\/","name":"Lenstore","description":"Guia para lentes de contacto | Sa\u00fade | Estilo de vida","publisher":{"@id":"https:\/\/www.lenstore.pt\/cuidados-dos-olhos\/#organization"},"potentialAction":[{"@type":"SearchAction","target":{"@type":"EntryPoint","urlTemplate":"https:\/\/www.lenstore.pt\/cuidados-dos-olhos\/?s={search_term_string}"},"query-input":{"@type":"PropertyValueSpecification","valueRequired":true,"valueName":"search_term_string"}}],"inLanguage":"pt-PT"},{"@type":"Organization","@id":"https:\/\/www.lenstore.pt\/#organization","name":"Lenstore","url":"https:\/\/www.lenstore.pt","logo":"https:\/\/www.lenstore.pt\/png\/lenstore-logo.png","image":"https:\/\/www.lenstore.pt\/png\/lenstore-logo.png","companyRegistration":"51990","contactPoint":{"@type":"ContactPoint","contactType":"customer service","email":"apoiocliente@lenstore.eu"}},{"@type":"Person","@id":"https:\/\/www.lenstore.pt\/cuidados-dos-olhos\/#\/schema\/person\/bd279f5a2d83991548987f26af65a636","name":"matthewhadwen","url":"https:\/\/www.lenstore.pt\/cuidados-dos-olhos\/author\/matthewhadwen"}]}},"jetpack_featured_media_url":"https:\/\/www.lenstore.pt\/cuidados-dos-olhos\/wp-content\/uploads\/sites\/17\/2021\/01\/bc4dbb89-46da-49b6-927d-b78d5833d67d.jpg","order_on_store":null,"_links":{"self":[{"href":"https:\/\/www.lenstore.pt\/cuidados-dos-olhos\/wp-json\/wp\/v2\/posts\/15","targetHints":{"allow":["GET"]}}],"collection":[{"href":"https:\/\/www.lenstore.pt\/cuidados-dos-olhos\/wp-json\/wp\/v2\/posts"}],"about":[{"href":"https:\/\/www.lenstore.pt\/cuidados-dos-olhos\/wp-json\/wp\/v2\/types\/post"}],"author":[{"embeddable":true,"href":"https:\/\/www.lenstore.pt\/cuidados-dos-olhos\/wp-json\/wp\/v2\/users\/48"}],"replies":[{"embeddable":true,"href":"https:\/\/www.lenstore.pt\/cuidados-dos-olhos\/wp-json\/wp\/v2\/comments?post=15"}],"version-history":[{"count":2,"href":"https:\/\/www.lenstore.pt\/cuidados-dos-olhos\/wp-json\/wp\/v2\/posts\/15\/revisions"}],"predecessor-version":[{"id":1858,"href":"https:\/\/www.lenstore.pt\/cuidados-dos-olhos\/wp-json\/wp\/v2\/posts\/15\/revisions\/1858"}],"wp:featuredmedia":[{"embeddable":true,"href":"https:\/\/www.lenstore.pt\/cuidados-dos-olhos\/wp-json\/wp\/v2\/media\/794"}],"wp:attachment":[{"href":"https:\/\/www.lenstore.pt\/cuidados-dos-olhos\/wp-json\/wp\/v2\/media?parent=15"}],"wp:term":[{"taxonomy":"category","embeddable":true,"href":"https:\/\/www.lenstore.pt\/cuidados-dos-olhos\/wp-json\/wp\/v2\/categories?post=15"},{"taxonomy":"post_tag","embeddable":true,"href":"https:\/\/www.lenstore.pt\/cuidados-dos-olhos\/wp-json\/wp\/v2\/tags?post=15"}],"curies":[{"name":"wp","href":"https:\/\/api.w.org\/{rel}","templated":true}]}}